{"id":123188,"date":"2025-12-28T04:48:26","date_gmt":"2025-12-28T04:48:26","guid":{"rendered":"https:\/\/www.europesays.com\/no\/123188\/"},"modified":"2025-12-28T04:48:26","modified_gmt":"2025-12-28T04:48:26","slug":"vaer-larvik-blir-det-klarvaer-til-nyttarsaften-det-kommer-an-pa-en-ting-ostlands-posten","status":"publish","type":"post","link":"https:\/\/www.europesays.com\/no\/123188\/","title":{"rendered":"V\u00e6r, Larvik | Blir det klarv\u00e6r til nytt\u00e5rsaften? Det kommer an p\u00e5 \u00e9n ting &#8211; \u00d8stlands-Posten"},"content":{"rendered":"<ol>\n<li><a href=\"https:\/\/news.google.com\/rss\/articles\/CBMilAFBVV95cUxPTEFWTEFKd3I1SG5BYkZ5cDY1ZjY5ZWJoNlprVnZKem1veUVubko0MjBDQjRDdVZoNnkxdXZNYUI0UDcxc1ROaTcyOEV0dXNQNm14U05QczNMYks2SUtfXzdFS29kanpHTzhOSVZxUEg4ZkpmVUZfVl81SXdmdnhfQ1Jkd1lDOG5uLURMODR4SmtxM2hL?oc=5\" target=\"_blank\" rel=\"nofollow noopener\">V\u00e6r, Larvik | Blir det klarv\u00e6r til nytt\u00e5rsaften? Det kommer an p\u00e5 \u00e9n ting<\/a>&nbsp;&nbsp;\u00d8stlands-Posten<\/li>\n<li><a href=\"https:\/\/news.google.com\/rss\/articles\/CBMiiwFBVV95cUxQS25kajhmMGNpQXFoMm80QmMtdmN6cXF5TDJhazRaOEpUbVlrMjRNenlwZTA1alFCY2pmMzVXdGNaRmZEb05PZzA1MEdDNVVGQkR5UW9vZkZzTE9GT2U1cFF3ZTM2MEl2U2lhYUhORW1iX09FbC1RbXlldE9vVl9nRFF3VXlXS3dEZzdV?oc=5\" target=\"_blank\" rel=\"nofollow noopener\">Meteorologen med gladmelding: \u2013 Lover godt<\/a>&nbsp;&nbsp;agderposten.no<\/li>\n<li><a href=\"https:\/\/news.google.com\/rss\/articles\/CBMimwFBVV95cUxQS2pUZkZpSThTSWQtNENhSlhZeXRnT1ZBWVpDVzZrSjVwSjBOWGJmZGNHSWczTU9RWm90dHB3LVdnSkhqV2tGWDJjdkdwQVRvU0ZqSnJjZE14bEtJUG5zd2RFZXp2ZFpsNHN3MXlwc3VHc2pFNjlLNlRBWGV2R1ZrUzA5ZWNwRzh5M29xRC1XSjY5NDRRaC13TGJWcw?oc=5\" target=\"_blank\" rel=\"nofollow noopener\">V\u00e6ret, Nyheter | Slik kan v\u00e6ret p\u00e5 bli p\u00e5 nytt\u00e5rsaften: \u2013 Ingenting som varer evig<\/a>&nbsp;&nbsp;Drammens Tidende<\/li>\n<li><a href=\"https:\/\/news.google.com\/rss\/articles\/CBMilgFBVV95cUxOb2VnR2xaZDZQYTh5TzVOTGNmNUJFa3JQalBTSlUwckt1b3lDZnFhdkh0VUIxaGVIeDlfeFNodXY4ekNUaTBkaWVKaUZsbEhTV0lhNVlKSUd6NTZtOS02TGJQUXluNHdTQWdwOW13aW1pYUVPSUNOdXhXZmk0R3BuNGhoTndIODdQMDNRUjAzOWl5ZWFSR2c?oc=5\" target=\"_blank\" rel=\"nofollow noopener\">Blir det klarv\u00e6r til nytt\u00e5rsaften? Det kommer an p\u00e5 en ting<\/a>&nbsp;&nbsp;T\u00f8nsbergs Blad<\/li>\n<li><a href=\"https:\/\/news.google.com\/rss\/articles\/CBMie0FVX3lxTE9HRm03a3dzV3pJYjEzSF81WEZTOU11bWlPVC1JWE1IX2l3TGF1RUd4MjBJcXktZDZwVEdWWGMteFNwTnhHUEJGMW45SVZXNDRKVWFrZ3lGWERqMXRkdF80Rzd2LXJOM1hVWTRxUW9XTE84QndkUGpzSFJ5SQ?oc=5\" target=\"_blank\" rel=\"nofollow noopener\">Ver, Nytt\u00e5rsaftan | Meteorologen: \u2013 Ikkje optimale forhold<\/a>&nbsp;&nbsp;Firda<\/li>\n<\/ol>\n","protected":false},"excerpt":{"rendered":"V\u00e6r, Larvik | Blir det klarv\u00e6r til nytt\u00e5rsaften? Det kommer an p\u00e5 \u00e9n ting&nbsp;&nbsp;\u00d8stlands-Posten Meteorologen med gladmelding: \u2013&hellip;\n","protected":false},"author":2,"featured_media":123073,"comment_status":"","ping_status":"","sticky":false,"template":"","format":"standard","meta":{"footnotes":""},"categories":[5],"tags":[20,21,24,25,15,19,22,23,17,18,13,30,28,29,14,16,26,27],"class_list":{"0":"post-123188","1":"post","2":"type-post","3":"status-publish","4":"format-standard","5":"has-post-thumbnail","7":"category-overskrifter","8":"tag-breaking-news","9":"tag-breakingnews","10":"tag-featured-news","11":"tag-featurednews","12":"tag-headlines","13":"tag-hovedoppslag","14":"tag-latest-news","15":"tag-latestnews","16":"tag-main-news","17":"tag-mainnews","18":"tag-news","19":"tag-no","20":"tag-norge","21":"tag-norway","22":"tag-nyheter","23":"tag-overskrifter","24":"tag-top-stories","25":"tag-topstories"},"share_on_mastodon":{"url":"https:\/\/pubeurope.com\/@no\/115795388230919616","error":""},"_links":{"self":[{"href":"https:\/\/www.europesays.com\/no\/wp-json\/wp\/v2\/posts\/123188","targetHints":{"allow":["GET"]}}],"collection":[{"href":"https:\/\/www.europesays.com\/no\/wp-json\/wp\/v2\/posts"}],"about":[{"href":"https:\/\/www.europesays.com\/no\/wp-json\/wp\/v2\/types\/post"}],"author":[{"embeddable":true,"href":"https:\/\/www.europesays.com\/no\/wp-json\/wp\/v2\/users\/2"}],"replies":[{"embeddable":true,"href":"https:\/\/www.europesays.com\/no\/wp-json\/wp\/v2\/comments?post=123188"}],"version-history":[{"count":0,"href":"https:\/\/www.europesays.com\/no\/wp-json\/wp\/v2\/posts\/123188\/revisions"}],"wp:featuredmedia":[{"embeddable":true,"href":"https:\/\/www.europesays.com\/no\/wp-json\/wp\/v2\/media\/123073"}],"wp:attachment":[{"href":"https:\/\/www.europesays.com\/no\/wp-json\/wp\/v2\/media?parent=123188"}],"wp:term":[{"taxonomy":"category","embeddable":true,"href":"https:\/\/www.europesays.com\/no\/wp-json\/wp\/v2\/categories?post=123188"},{"taxonomy":"post_tag","embeddable":true,"href":"https:\/\/www.europesays.com\/no\/wp-json\/wp\/v2\/tags?post=123188"}],"curies":[{"name":"wp","href":"https:\/\/api.w.org\/{rel}","templated":true}]}}