{"id":123193,"date":"2025-12-28T06:12:25","date_gmt":"2025-12-28T06:12:25","guid":{"rendered":"https:\/\/www.europesays.com\/no\/123193\/"},"modified":"2025-12-28T06:12:25","modified_gmt":"2025-12-28T06:12:25","slug":"norges-vm-motstander-naere-avansement-i-afrikamesterskapet","status":"publish","type":"post","link":"https:\/\/www.europesays.com\/no\/123193\/","title":{"rendered":"Norges VM-motstander n\u00e6re avansement i afrikamesterskapet"},"content":{"rendered":"\n<p class=\"_lead_o9xde_2 _lead_xtcu6_50 layout-component text-serif-m layout-normal text-serif-l layout-component layout-wide layout-padded _wide_17hqh_1 layout-padded\">Den tidligere Liverpool-stjernen Sadio Mane berget poeng for Senegal i 1-1-oppgj\u00f8ret mot Kongo i gruppespillet i afrikamesterskapet. <\/p>\n<p><img alt=\"Senegals Iliman Ndiaye (nummer to fra venstre) i duell med Kongo-spillere.  Foto: Themba Hadebe \/ AP \/ NTB\" class=\"_image_qp4xg_65 layout-component layout-wide\" data-fullscreen- data-track-element-type=\"Article image fullscreen\" data-track-name=\"ImageFullscreen\" fetchpriority=\"high\" decoding=\"sync\" loading=\"eager\" height=\"4385\" itemprop=\"image\"  src=\"https:\/\/www.europesays.com\/no\/wp-content\/uploads\/2025\/12\/c529a666-1ae2-4635-9af2-79dcdf5be109\"  style=\"object-position:0% 0%\" width=\"6701\"\/>Senegals Iliman Ndiaye (nummer to fra venstre) i duell med Kongo-spillere.  Foto: Themba Hadebe \/ AP \/ NTB<\/p>\n<ul aria-hidden=\"true\" class=\"_images_ntbth_112\">\n<li><a class=\"_link_ntbth_117\" href=\"https:\/\/www.vg.no\/forfatter\/ntb\" style=\"z-index:1\" title=\"NTB\" rel=\"nofollow noopener\" target=\"_blank\"><img alt=\"Bilde av NTB\" class=\"_image_ntbth_93\" fetchpriority=\"low\" loading=\"lazy\" decoding=\"async\" itemprop=\"image\"  src=\"https:\/\/www.europesays.com\/no\/wp-content\/uploads\/2025\/12\/1766902345_781_c33980b0-5d07-4027-84a1-813f90a7c8d6\"  width=\"480\"\/><\/a><\/li>\n<\/ul>\n<p> Oppdatert l\u00f8rdag 27. desember kl. 17:55     <\/p>\n<p class=\"_paragraph_o9xde_4 _paragraph_xtcu6_10 layout-component text-serif-m layout-normal text-serif-m layout-padded\">Senegal topper gruppe D med fire poeng etter to kamper. Kongo har like mange poeng, men d\u00e5rligere m\u00e5lforskjell. Senegal vil g\u00e5 videre fra gruppespillet om de tar poeng mot Benin i siste gruppespillskamp. <\/p>\n<p class=\"_paragraph_o9xde_4 _paragraph_xtcu6_10 layout-component text-serif-m layout-normal text-serif-m layout-padded\">Mot Kongo hadde Senegal till\u00f8p til flere sjanser, men slet lenge med \u00e5 finne veien til nettmaskene. Et kvarter ut i 2. omgangen smalt det i motsatt ende. <\/p>\n<p class=\"_paragraph_o9xde_4 _paragraph_xtcu6_10 layout-component text-serif-m layout-normal text-serif-m layout-padded\">Kongo tok ledelsen etter 60 minutter etter pent kombinasjonsspill p\u00e5 vei inn i 16-meteren. Tidligere Chelsea-keeper \u00c9douard Mendy ga en retur p\u00e5 et skudd som Cedric Bakambu prikket i nettmaskene. <\/p>\n<ul class=\"_list_o9xde_3 _list_xtcu6_9 _unordered_o9xde_106 layout-component text-serif-m layout-normal text-serif-m layout-padded\">\n<li class=\"_item_o9xde_30\"><a href=\"https:\/\/tv.vg.no\/kategori\/3\/sport?popup_id=6926df88838b9a0012b578c0\" class=\"_link_o9xde_39\" rel=\"nofollow noopener\" target=\"_blank\"><strong class=\"_strong_o9xde_25\">Alt fra Afrikamesterskapet ser du p\u00e5 VG+ Sport<\/strong><\/a><\/li>\n<\/ul>\n<p class=\"_paragraph_o9xde_4 _paragraph_xtcu6_10 layout-component text-serif-m layout-normal text-serif-m layout-padded\">Senegal slo tilbake \u00e5tte minutter senere. Innbytter Ibrahim Mbaye kom seg fri ute til h\u00f8yre og kom til en avslutning i feltet som ble reddet, men returen falt ned til Sadio Mane i feltet. Den tidligere Liverpool-stjernen satte inn utligningen. <\/p>\n<p class=\"_paragraph_o9xde_4 _paragraph_xtcu6_10 layout-component text-serif-m layout-normal text-serif-m layout-padded\">Senegal skal 23. juni m\u00f8te Norge i den andre puljekampen i VM i Nord-Amerika. Frankrike og enten Irak, Bolivia eller Surinam er ogs\u00e5 i gruppen.<\/p>\n<p><strong>Veien til VM-finalen<\/strong><br \/>\nTotalt 48 lag deltar i fotball-VM. I oversikten under kan du se hvem Norge og andre land kan m\u00f8te i sluttspillet ved \u00e5 rangere alle lagene i gruppespillet.<\/p>\n<p class=\"_paragraph_o9xde_4 _paragraph_xtcu6_10 layout-component text-serif-m layout-normal text-serif-m layout-padded\">Senegal herjet med Botswana og vant 3-0 i den f\u00f8rste puljekampen.<\/p>\n<p class=\"_paragraph_o9xde_4 _paragraph_xtcu6_10 layout-component text-serif-m layout-normal text-serif-m layout-padded\">Turneringen i Marokko varer til 18. januar. Senegal er blant favorittene til \u00e5 g\u00e5 hele veien. <\/p>\n","protected":false},"excerpt":{"rendered":"Den tidligere Liverpool-stjernen Sadio Mane berget poeng for Senegal i 1-1-oppgj\u00f8ret mot Kongo i gruppespillet i afrikamesterskapet. Senegals&hellip;\n","protected":false},"author":2,"featured_media":123194,"comment_status":"","ping_status":"","sticky":false,"template":"","format":"standard","meta":{"footnotes":""},"categories":[5],"tags":[20,21,24,25,15,19,22,23,17,18,13,30,28,29,14,16,26,27],"class_list":{"0":"post-123193","1":"post","2":"type-post","3":"status-publish","4":"format-standard","5":"has-post-thumbnail","7":"category-overskrifter","8":"tag-breaking-news","9":"tag-breakingnews","10":"tag-featured-news","11":"tag-featurednews","12":"tag-headlines","13":"tag-hovedoppslag","14":"tag-latest-news","15":"tag-latestnews","16":"tag-main-news","17":"tag-mainnews","18":"tag-news","19":"tag-no","20":"tag-norge","21":"tag-norway","22":"tag-nyheter","23":"tag-overskrifter","24":"tag-top-stories","25":"tag-topstories"},"share_on_mastodon":{"url":"https:\/\/pubeurope.com\/@no\/115795718746204482","error":""},"_links":{"self":[{"href":"https:\/\/www.europesays.com\/no\/wp-json\/wp\/v2\/posts\/123193","targetHints":{"allow":["GET"]}}],"collection":[{"href":"https:\/\/www.europesays.com\/no\/wp-json\/wp\/v2\/posts"}],"about":[{"href":"https:\/\/www.europesays.com\/no\/wp-json\/wp\/v2\/types\/post"}],"author":[{"embeddable":true,"href":"https:\/\/www.europesays.com\/no\/wp-json\/wp\/v2\/users\/2"}],"replies":[{"embeddable":true,"href":"https:\/\/www.europesays.com\/no\/wp-json\/wp\/v2\/comments?post=123193"}],"version-history":[{"count":0,"href":"https:\/\/www.europesays.com\/no\/wp-json\/wp\/v2\/posts\/123193\/revisions"}],"wp:featuredmedia":[{"embeddable":true,"href":"https:\/\/www.europesays.com\/no\/wp-json\/wp\/v2\/media\/123194"}],"wp:attachment":[{"href":"https:\/\/www.europesays.com\/no\/wp-json\/wp\/v2\/media?parent=123193"}],"wp:term":[{"taxonomy":"category","embeddable":true,"href":"https:\/\/www.europesays.com\/no\/wp-json\/wp\/v2\/categories?post=123193"},{"taxonomy":"post_tag","embeddable":true,"href":"https:\/\/www.europesays.com\/no\/wp-json\/wp\/v2\/tags?post=123193"}],"curies":[{"name":"wp","href":"https:\/\/api.w.org\/{rel}","templated":true}]}}