{"id":123195,"date":"2025-12-28T06:19:26","date_gmt":"2025-12-28T06:19:26","guid":{"rendered":"https:\/\/www.europesays.com\/no\/123195\/"},"modified":"2025-12-28T06:19:26","modified_gmt":"2025-12-28T06:19:26","slug":"litt-av-et-ar-dagens-naeringsliv","status":"publish","type":"post","link":"https:\/\/www.europesays.com\/no\/123195\/","title":{"rendered":"\u2013 Litt av et \u00e5r (+) &#8211; Dagens N\u00e6ringsliv"},"content":{"rendered":"<ol>\n<li><a href=\"https:\/\/news.google.com\/rss\/articles\/CBMibkFVX3lxTE9aZFhfeXg0Y1dmaUl4SUZvOHdCRFRjODR5RHhVenRjQVNRSjA5TFp4Wm53LXV0SXFDcXNKQ2FuWnV3aHliZHd1VGJnWmVJcEtlNnJ6blVvUGhySDRIUm1uVWZWQUpsUHlyWVhfcXZB?oc=5\" target=\"_blank\" rel=\"nofollow noopener\">\u2013 Litt av et \u00e5r (+)<\/a>&nbsp;&nbsp;Dagens N\u00e6ringsliv<\/li>\n<li><a href=\"https:\/\/news.google.com\/rss\/articles\/CBMingFBVV95cUxNaDlGZmxiRUhnN3NqanMzZVlqaV95TGxEVWxkci1kRW0tNWhUMF9ZZEt3TVJ2MHBHX2V2azd6dmZ5aFI4bWFlUEgwaFRSS1pQNFI2YzFRUHFmazlKTTJOLXZ0NEYzTDlBQkFCSllobHBTNnpzejc3ZmhNMEoxa2xhTXUyQTctX2tHTHEwSVZkVi1nX3NQblVyMjd3dTFlZw?oc=5\" target=\"_blank\" rel=\"nofollow noopener\">Tangen skj\u00f8nner ikke Trump, men tror det gjelder alle<\/a>&nbsp;&nbsp;Dagsavisen<\/li>\n<li><a href=\"https:\/\/news.google.com\/rss\/articles\/CBMikAFBVV95cUxQSEJTVlI4RkxGcDRndkpIQUpIWU9fdkRwR29wMHdTT3psVmMtenZwN3FBVW5mMGplUkVvOEo0MVlOSmhFbmVISHdjZndZQTB5SEtBRjNqQVNXY0ljeUZtcFRyeEwwVWFScHVZZWpvQWl3ZDVaejRlMW9jYU5Wd1dGUjRJOFpHdkFfTXpXcHNFOWM?oc=5\" target=\"_blank\" rel=\"nofollow noopener\">Oljefondssjefen: \u2013 Teppebomber hele organisasjonen<\/a>&nbsp;&nbsp;E24<\/li>\n<li><a href=\"https:\/\/news.google.com\/rss\/articles\/CBMi4gFBVV95cUxQRHBPTE5MeXp5OF9LOUFielBPOHI4SWc3RVp5dXktSVg0MV9YRGNZMlRCUW11SWFpMUs3UHQ1YnlPVjdhbndDSGkzOXZfbmpkUkw4QXU1TXUyM3JDbFVkbmpEb09iRnhrYWVzakdnNHN2OUZlVXBVdGNpM2ZLNVkzT0FFcUdDZ3R1YjBqeE4xd1ZZYllIV3NXaW1yRlFrZWUxODlmRWZrS2dXdDBheW9WN0pKMHBrRVdOQnVJVmdtcXc4Vng5LW5aOUt2NHRlaHk4Wk9jRGU2dGtaRHFkUFBtZk9n?oc=5\" target=\"_blank\" rel=\"nofollow noopener\">Nicolai Tangens utspill b\u00f8r vekke alle KI-kritiske r\u00f8ster i hele landet<\/a>&nbsp;&nbsp;Aftenposten<\/li>\n<li><a href=\"https:\/\/news.google.com\/rss\/articles\/CBMimwFBVV95cUxQRDZlbXphZllCdG5UTW1FVnhEOUhpcDZBX1hQbTMwNng3SENUVGFmeXNNbjd3MjREOU80OUNBU055SEd5eVh1M0xaZUxyQkduQUpodXVUMDBQTDVPZDFRR3pfUEFQQ1I5dmNQWUc4cVdPcXFMYUtKbjJPQWJBWmhlelRVc1Z0Y3pGajNTSFBXd1pTb29PUW8tLUFqVQ?oc=5\" target=\"_blank\" rel=\"nofollow noopener\">N\u00e5 skal KI-skeptikere sparkes: \u00abSinnssykt\u00bb<\/a>&nbsp;&nbsp;kode24.no<\/li>\n<\/ol>\n","protected":false},"excerpt":{"rendered":"\u2013 Litt av et \u00e5r (+)&nbsp;&nbsp;Dagens N\u00e6ringsliv Tangen skj\u00f8nner ikke Trump, men tror det gjelder alle&nbsp;&nbsp;Dagsavisen Oljefondssjefen: \u2013&hellip;\n","protected":false},"author":2,"featured_media":123196,"comment_status":"","ping_status":"","sticky":false,"template":"","format":"standard","meta":{"footnotes":""},"categories":[5],"tags":[20,21,24,25,15,19,22,23,17,18,13,30,28,29,14,16,26,27],"class_list":{"0":"post-123195","1":"post","2":"type-post","3":"status-publish","4":"format-standard","5":"has-post-thumbnail","7":"category-overskrifter","8":"tag-breaking-news","9":"tag-breakingnews","10":"tag-featured-news","11":"tag-featurednews","12":"tag-headlines","13":"tag-hovedoppslag","14":"tag-latest-news","15":"tag-latestnews","16":"tag-main-news","17":"tag-mainnews","18":"tag-news","19":"tag-no","20":"tag-norge","21":"tag-norway","22":"tag-nyheter","23":"tag-overskrifter","24":"tag-top-stories","25":"tag-topstories"},"share_on_mastodon":{"url":"https:\/\/pubeurope.com\/@no\/115795746047953457","error":""},"_links":{"self":[{"href":"https:\/\/www.europesays.com\/no\/wp-json\/wp\/v2\/posts\/123195","targetHints":{"allow":["GET"]}}],"collection":[{"href":"https:\/\/www.europesays.com\/no\/wp-json\/wp\/v2\/posts"}],"about":[{"href":"https:\/\/www.europesays.com\/no\/wp-json\/wp\/v2\/types\/post"}],"author":[{"embeddable":true,"href":"https:\/\/www.europesays.com\/no\/wp-json\/wp\/v2\/users\/2"}],"replies":[{"embeddable":true,"href":"https:\/\/www.europesays.com\/no\/wp-json\/wp\/v2\/comments?post=123195"}],"version-history":[{"count":0,"href":"https:\/\/www.europesays.com\/no\/wp-json\/wp\/v2\/posts\/123195\/revisions"}],"wp:featuredmedia":[{"embeddable":true,"href":"https:\/\/www.europesays.com\/no\/wp-json\/wp\/v2\/media\/123196"}],"wp:attachment":[{"href":"https:\/\/www.europesays.com\/no\/wp-json\/wp\/v2\/media?parent=123195"}],"wp:term":[{"taxonomy":"category","embeddable":true,"href":"https:\/\/www.europesays.com\/no\/wp-json\/wp\/v2\/categories?post=123195"},{"taxonomy":"post_tag","embeddable":true,"href":"https:\/\/www.europesays.com\/no\/wp-json\/wp\/v2\/tags?post=123195"}],"curies":[{"name":"wp","href":"https:\/\/api.w.org\/{rel}","templated":true}]}}