{"id":123197,"date":"2025-12-28T06:26:07","date_gmt":"2025-12-28T06:26:07","guid":{"rendered":"https:\/\/www.europesays.com\/no\/123197\/"},"modified":"2025-12-28T06:26:07","modified_gmt":"2025-12-28T06:26:07","slug":"brann-i-butikklokale-i-kristiansand-naboar-blir-evakuerte-nrk-sorlandet-lokale-nyheter-tv-og-radio","status":"publish","type":"post","link":"https:\/\/www.europesays.com\/no\/123197\/","title":{"rendered":"Brann i butikklokale i Kristiansand \u2013 naboar blir evakuerte \u2013 NRK S\u00f8rlandet \u2013 Lokale nyheter, TV og radio"},"content":{"rendered":"<p>\u2013 Per no har vi ikkje kontroll p\u00e5 brannen. Vi driv framleis aktiv sl\u00f8kking, og det er synlege flammar gjennom taket p\u00e5 bygget, seier Emilie Gjertsen, vaktleiar ved 110-sentralen til NRK.<\/p>\n<p>Brannvesenet opplyser at dei har sett inn ressursar fr\u00e5 Vennesla og S\u00f8gne, og at mannskap fr\u00e5 Mandal er p\u00e5 veg. <\/p>\n<p>Naboar blir evakuerte<\/p>\n<p><strong>Brannvesenet opplyser at innsatsen no er retta mot \u00e5 sl\u00f8kke brannen i bygget det brenn i, og hindre spreiing til to nabobygg.<\/strong><\/p>\n<p>Brannen er i Kvadraturen, eit omr\u00e5de med fleire verneverdige bygningar, men brannvesenet har per no ikkje opplysningar om det aktuelle bygget har vernestatus.<\/p>\n<p>Det brenn i eit bygg i sentrum av Kristiansand.<\/p>\n<p>\u2013 Det brenn framleis med opne flammar fr\u00e5 taket. Det er mykje r\u00f8yk i omr\u00e5det og bebuarar, s\u00e6rleg s\u00f8r for brannstaden, blir beden om \u00e5 lukke vindauge, skriv operasjonsleiar Linn Andresen i Agder politidistrikt i politiloggen, like etter klokka 06.<\/p>\n<p>Politiet varsla om brannen klokka 05.49.<\/p>\n<p>Bebuarane i etasjen over er evakuerte. I tillegg blir naboar evakuerte.<\/p>\n<p>Publisert<\/p>\n<p>28.12.2025, kl. 06.39<\/p>\n<p>Oppdatert<\/p>\n<p>28.12.2025, kl. 07.17<\/p>\n","protected":false},"excerpt":{"rendered":"\u2013 Per no har vi ikkje kontroll p\u00e5 brannen. Vi driv framleis aktiv sl\u00f8kking, og det er synlege&hellip;\n","protected":false},"author":2,"featured_media":123198,"comment_status":"","ping_status":"","sticky":false,"template":"","format":"standard","meta":{"footnotes":""},"categories":[5],"tags":[20,21,24,25,15,19,22,23,17,18,13,30,28,29,14,16,26,27],"class_list":{"0":"post-123197","1":"post","2":"type-post","3":"status-publish","4":"format-standard","5":"has-post-thumbnail","7":"category-overskrifter","8":"tag-breaking-news","9":"tag-breakingnews","10":"tag-featured-news","11":"tag-featurednews","12":"tag-headlines","13":"tag-hovedoppslag","14":"tag-latest-news","15":"tag-latestnews","16":"tag-main-news","17":"tag-mainnews","18":"tag-news","19":"tag-no","20":"tag-norge","21":"tag-norway","22":"tag-nyheter","23":"tag-overskrifter","24":"tag-top-stories","25":"tag-topstories"},"share_on_mastodon":{"url":"https:\/\/pubeurope.com\/@no\/115795773495379805","error":""},"_links":{"self":[{"href":"https:\/\/www.europesays.com\/no\/wp-json\/wp\/v2\/posts\/123197","targetHints":{"allow":["GET"]}}],"collection":[{"href":"https:\/\/www.europesays.com\/no\/wp-json\/wp\/v2\/posts"}],"about":[{"href":"https:\/\/www.europesays.com\/no\/wp-json\/wp\/v2\/types\/post"}],"author":[{"embeddable":true,"href":"https:\/\/www.europesays.com\/no\/wp-json\/wp\/v2\/users\/2"}],"replies":[{"embeddable":true,"href":"https:\/\/www.europesays.com\/no\/wp-json\/wp\/v2\/comments?post=123197"}],"version-history":[{"count":0,"href":"https:\/\/www.europesays.com\/no\/wp-json\/wp\/v2\/posts\/123197\/revisions"}],"wp:featuredmedia":[{"embeddable":true,"href":"https:\/\/www.europesays.com\/no\/wp-json\/wp\/v2\/media\/123198"}],"wp:attachment":[{"href":"https:\/\/www.europesays.com\/no\/wp-json\/wp\/v2\/media?parent=123197"}],"wp:term":[{"taxonomy":"category","embeddable":true,"href":"https:\/\/www.europesays.com\/no\/wp-json\/wp\/v2\/categories?post=123197"},{"taxonomy":"post_tag","embeddable":true,"href":"https:\/\/www.europesays.com\/no\/wp-json\/wp\/v2\/tags?post=123197"}],"curies":[{"name":"wp","href":"https:\/\/api.w.org\/{rel}","templated":true}]}}