{"id":123199,"date":"2025-12-28T06:33:17","date_gmt":"2025-12-28T06:33:17","guid":{"rendered":"https:\/\/www.europesays.com\/no\/123199\/"},"modified":"2025-12-28T06:33:17","modified_gmt":"2025-12-28T06:33:17","slug":"tromso-kommune-ma-vage-a-lytte-gode-ideer-kan-spare-millioner","status":"publish","type":"post","link":"https:\/\/www.europesays.com\/no\/123199\/","title":{"rendered":"Troms\u00f8 kommune m\u00e5 v\u00e5ge \u00e5 lytte \u2013 gode ideer kan spare millioner"},"content":{"rendered":"<p><strong>Jeg er f\u00f8dt <\/strong>og oppvokst i Troms\u00f8 og har alltid sett byen og kommunen som et fantastisk sted \u00e5 bo. Da jeg fikk jobb som enhetsleder i kommunen, trivdes jeg sv\u00e6rt godt \u2013 b\u00e5de faglig og sammen med de dyktige ansatte p\u00e5 enheten. Samtidig erfarte jeg flere ganger hvordan det kunne oppst\u00e5 spenninger mellom kravene til tjenestene vi skulle levere og forventningene fra ledelsen i kommunen.<\/p>\n<p><strong>Gjennom alle \u00e5r<\/strong> var fokuset klart: levere gode nok tjenester til lavest mulig kostnad. Politiske og personlige \u00f8nsker sto ofte i kontrast til de prioriteringene kommunen m\u00e5tte gj\u00f8re. Dette fikk meg til \u00e5 reflektere over situasjonen og innse at det rett og slett ikke finnes penger til alt.<\/p>\n<p><strong>Jeg begynte \u00e5<\/strong> se p\u00e5 hvordan jeg kunne bidra til \u00e5 forbedre kommunens \u00f8konomi. Jeg spilte inn flere forslag i tjenestelinjen \u2013 tiltak som kunne redusere utgifter og \u00f8ke inntektene. Noen grep ble gjennomf\u00f8rt p\u00e5 enheten, mens andre m\u00e5tte l\u00f8ftes opp i systemet. Hadde alle forslagene blitt realisert, kunne Troms\u00f8 kommune spart 20\u201325 millioner kroner \u00e5rlig \u2013 samtidig som innbyggerne hadde f\u00e5tt bedre tjenester.<\/p>\n<p><strong>Dessverre virker det<\/strong> som om forslagene stoppet opp og aldri n\u00e5dde politikerne. Jeg har flere ganger invitert dem til dialog, men kun \u00e9n har tatt kontakt. Enkelte tiltak krever at kommunedirekt\u00f8ren og politikerne samarbeider med kollegaer i andre kommuner, mens andre kan enkelt vedtas i kommunestyret.<\/p>\n<p><strong>Jeg er overbevist<\/strong> om at ogs\u00e5 andre ansatte sitter med gode ideer for hvordan driften kan bli bedre og mer kostnadseffektiv. En god start for \u00e5 f\u00e5 tak i disse ideene er \u00e5 lage en nettside som de ansatte kan benytte for \u00e5 sende inn forslag \u2013 rett og slett en nettbasert forslagskasse. AMU kan v\u00e6re rette fora for \u00e5 gjennomg\u00e5 innsendte forslag og alle forslag m\u00e5 behandles seri\u00f8st. Gode forslag kan bli premiert og omtalt (hvis innsender \u00f8nsker \u00e5 bli kunngjort).<\/p>\n<p><strong>N\u00e5 som jeg<\/strong> er pensjonist og har flyttet fra Troms\u00f8, er det enklere \u00e5 \u00absi fra\u00bb uten frykt for \u00e5 bli irettesatt av overordnede. Jeg h\u00e5per kommunen og politikerne tar initiativ til \u00e5 lytte \u2013 for l\u00f8sninger finnes, hvis viljen er der.<\/p>\n","protected":false},"excerpt":{"rendered":"Jeg er f\u00f8dt og oppvokst i Troms\u00f8 og har alltid sett byen og kommunen som et fantastisk sted&hellip;\n","protected":false},"author":2,"featured_media":123200,"comment_status":"","ping_status":"","sticky":false,"template":"","format":"standard","meta":{"footnotes":""},"categories":[5],"tags":[20,21,24,25,15,19,22,23,17,18,13,30,28,29,14,16,26,27],"class_list":{"0":"post-123199","1":"post","2":"type-post","3":"status-publish","4":"format-standard","5":"has-post-thumbnail","7":"category-overskrifter","8":"tag-breaking-news","9":"tag-breakingnews","10":"tag-featured-news","11":"tag-featurednews","12":"tag-headlines","13":"tag-hovedoppslag","14":"tag-latest-news","15":"tag-latestnews","16":"tag-main-news","17":"tag-mainnews","18":"tag-news","19":"tag-no","20":"tag-norge","21":"tag-norway","22":"tag-nyheter","23":"tag-overskrifter","24":"tag-top-stories","25":"tag-topstories"},"share_on_mastodon":{"url":"https:\/\/pubeurope.com\/@no\/115795801058726174","error":""},"_links":{"self":[{"href":"https:\/\/www.europesays.com\/no\/wp-json\/wp\/v2\/posts\/123199","targetHints":{"allow":["GET"]}}],"collection":[{"href":"https:\/\/www.europesays.com\/no\/wp-json\/wp\/v2\/posts"}],"about":[{"href":"https:\/\/www.europesays.com\/no\/wp-json\/wp\/v2\/types\/post"}],"author":[{"embeddable":true,"href":"https:\/\/www.europesays.com\/no\/wp-json\/wp\/v2\/users\/2"}],"replies":[{"embeddable":true,"href":"https:\/\/www.europesays.com\/no\/wp-json\/wp\/v2\/comments?post=123199"}],"version-history":[{"count":0,"href":"https:\/\/www.europesays.com\/no\/wp-json\/wp\/v2\/posts\/123199\/revisions"}],"wp:featuredmedia":[{"embeddable":true,"href":"https:\/\/www.europesays.com\/no\/wp-json\/wp\/v2\/media\/123200"}],"wp:attachment":[{"href":"https:\/\/www.europesays.com\/no\/wp-json\/wp\/v2\/media?parent=123199"}],"wp:term":[{"taxonomy":"category","embeddable":true,"href":"https:\/\/www.europesays.com\/no\/wp-json\/wp\/v2\/categories?post=123199"},{"taxonomy":"post_tag","embeddable":true,"href":"https:\/\/www.europesays.com\/no\/wp-json\/wp\/v2\/tags?post=123199"}],"curies":[{"name":"wp","href":"https:\/\/api.w.org\/{rel}","templated":true}]}}