{"id":12320,"date":"2025-08-19T14:30:13","date_gmt":"2025-08-19T14:30:13","guid":{"rendered":"https:\/\/www.europesays.com\/no\/12320\/"},"modified":"2025-08-19T14:30:13","modified_gmt":"2025-08-19T14:30:13","slug":"politivarsler-saksoker-staten","status":"publish","type":"post","link":"https:\/\/www.europesays.com\/no\/12320\/","title":{"rendered":"Politivarsler saks\u00f8ker staten"},"content":{"rendered":"\n<ul class=\"_list_1bvmi_3 _list_1flq1_85 _unordered_1bvmi_99 text-sans-m\">\n<li class=\"_item_1bvmi_30\">Alexander Karlsen (42) saks\u00f8ker staten for \u00e5 f\u00e5 jobben sin i politiet tilbake.<\/li>\n<li class=\"_item_1bvmi_30\">Karlsen mener han fikk sparken fordi han varslet om kritikkverdige forhold og snakket med media.<\/li>\n<li class=\"_item_1bvmi_30\">Politidirektoratet \u00f8nsker ikke \u00e5 kommentere saken i detalj, men peker p\u00e5 tidligere rettsavgj\u00f8relser.<\/li>\n<\/ul>\n<p>Vis mer <\/p>\n<p class=\"_paragraph_1bvmi_4 _paragraph_xtcu6_10 layout-component text-serif-m layout-normal text-serif-m layout-padded\">\u2013 Jeg ville varsle om noe som p\u00e5g\u00e5r i staten, som ikke er bra. I stedet ble det brukt mot meg, sier Karlsen til VG.<\/p>\n<p class=\"_paragraph_1bvmi_4 _paragraph_xtcu6_10 layout-component text-serif-m layout-normal text-serif-m layout-padded\">Politidirektoratet vil ikke kommentere uttalelsen til Karlsen.<\/p>\n<p class=\"_paragraph_1bvmi_4 _paragraph_xtcu6_10 layout-component text-serif-m layout-normal text-serif-m layout-padded\"><strong class=\"_strong_1bvmi_25\">N\u00e5 saks\u00f8ker han staten for \u00e5 f\u00e5 jobben i Politiets IT-enhet tilbake.<\/strong><\/p>\n<p>Kritiserte HR-sjefen<\/p>\n<p class=\"_paragraph_1bvmi_4 _paragraph_xtcu6_10 layout-component text-serif-m layout-normal text-serif-m layout-padded\">VG har fortalt historien om mannen som i flere \u00e5r sendte varsler og klager p\u00e5 det han opplevde som <a href=\"https:\/\/www.vg.no\/nyheter\/i\/qPe9WE\/alexander-karlsen-faar-sparken-etter-varsling-i-politiet\" data-track-element-type=\"Link\" data-track-id=\"link:qPe9WE\" class=\"_link_1bvmi_39\" rel=\"nofollow noopener\" target=\"_blank\">kritikkverdige forhold p\u00e5 arbeidsplassen.<\/a><\/p>\n<p class=\"_paragraph_1bvmi_4 _paragraph_xtcu6_10 layout-component text-serif-m layout-normal text-serif-m layout-padded\">I november i fjor fikk Karlsen forh\u00e5ndsvarsel om avskjed i politiet. En m\u00e5ned senere m\u00f8tte han i Det lokale ansettelsesr\u00e5det og ble fratatt jobben.<\/p>\n<p class=\"_paragraph_1bvmi_4 _paragraph_xtcu6_10 layout-component text-serif-m layout-normal text-serif-m layout-padded\">Karlsen klaget p\u00e5 vedtaket.<\/p>\n<p class=\"_paragraph_1bvmi_4 _paragraph_xtcu6_10 layout-component text-serif-m layout-normal text-serif-m layout-padded\">En maidag i \u00e5r gikk Karlsen inn d\u00f8rene til Det sentrale ansettelsesr\u00e5det til Politidirektoratet (POD), for \u00e5 kjempe for jobben.<\/p>\n<p class=\"_paragraph_1bvmi_4 _paragraph_xtcu6_10 layout-component text-serif-m layout-normal text-serif-m layout-padded\">Samme dag publiserte VG en artikkel, der Karlsen beskyldte HR-sjefen i POD <a href=\"https:\/\/www.vg.no\/nyheter\/i\/dReGwA\/kan-bli-oppsagt-i-politiet-etter-varslinger-og-klager\" data-track-element-type=\"Link\" data-track-id=\"link:dReGwA\" class=\"_link_1bvmi_39\" rel=\"nofollow noopener\" target=\"_blank\">for \u00e5 ville straffe ham for \u00e5 varsle for mye.<\/a><\/p>\n<p class=\"_paragraph_1bvmi_4 _paragraph_xtcu6_10 _paragraph_16v91_10 layout-component text-serif-m layout-normal text-sans-m layout-padded\">Tips oss!<\/p>\n<p class=\"_paragraph_1bvmi_4 _paragraph_xtcu6_10 _paragraph_16v91_10 layout-component text-serif-m layout-normal text-sans-m layout-padded\">VG er avhengig av gode tips fra v\u00e5re lesere. Ta kontakt med VG p\u00e5 <a href=\"https:\/\/www.vg.no\/nyheter\/i\/0V2vKJ\/mailto:ola@vg.no;ronny.berg@vg.no\" class=\"_link_1bvmi_39\" rel=\"nofollow noopener\" target=\"_blank\">e-post her<\/a> eller p\u00e5 kryptert melding via <a href=\"https:\/\/signal.me\/#p\/+4792088655\" class=\"_link_1bvmi_39\" rel=\"nofollow noopener\" target=\"_blank\">Signal<\/a> eller <a href=\"https:\/\/wa.me\/4792088655\" class=\"_link_1bvmi_39\" rel=\"nofollow noopener\" target=\"_blank\">WhatsApp<\/a> til +4792088655.<\/p>\n<p>Vis mer<\/p>\n<p class=\"_paragraph_1bvmi_4 _paragraph_xtcu6_10 layout-component text-serif-m layout-normal text-serif-m layout-padded\">\u2013 Artikkelen ble publisert midt under m\u00f8tet og ble ikke tatt godt imot, sier Karlsen i dag.<\/p>\n<p class=\"_paragraph_1bvmi_4 _paragraph_xtcu6_10 layout-component text-serif-m layout-normal text-serif-m layout-padded\">Karlsen ble ogs\u00e5 bedt om \u00e5 forklare et intervju han gjorde med FriFagbevegelse <a href=\"https:\/\/frifagbevegelse.no\/aktuell\/arvaken-tillitsvalgt-sorget-for-at-politiansatte-fikk-etterbetalt-opptil--15000-kroner-i-overtid-6.158.582116.202f74c614\" class=\"_link_1bvmi_39\" rel=\"nofollow noopener\" target=\"_blank\">i 2018<\/a>.<\/p>\n<p class=\"_paragraph_1bvmi_4 _paragraph_xtcu6_10 layout-component text-serif-m layout-normal text-serif-m layout-padded\">\u2013 \u00abHvorfor kom den saken i media?\u00bb, ble jeg spurt, forteller Karlsen.<\/p>\n<p class=\"_paragraph_1bvmi_4 _paragraph_xtcu6_10 layout-component text-serif-m layout-normal text-serif-m layout-padded\">Politidirektoratet vil ikke kommentere uttalelsen, men snaue tre uker etter m\u00f8tet fikk Karlsen tilsendt oppsigelsen, der han f\u00e5r kritikk for \u00e5 ha stilt opp i VG-artikkelen: <\/p>\n<p class=\"_paragraph_1bvmi_4 _paragraph_xtcu6_10 layout-component text-serif-m layout-normal text-serif-m layout-padded\">\u00abSamme dag som DSA behandlet avskjeds og suspensjonssaken (var Karlsen) ute i VG med et lydopptak fra et m\u00f8te med arbeidsgiver.\u00bb<\/p>\n<p class=\"_paragraph_1bvmi_4 _paragraph_xtcu6_10 layout-component text-serif-m layout-normal text-serif-m layout-padded\">R\u00e5det skriver videre at Karlsens opptreden viser at han ikke har endret adferd eller at tilliten kan gjenopprettes.<\/p>\n<p class=\"_paragraph_1bvmi_4 _paragraph_xtcu6_10 layout-component text-serif-m layout-normal text-serif-m layout-padded\">\u2013 Jeg opplever at jeg ble avskjediget for \u00e5 ha snakket med VG, sier han.<\/p>\n<p class=\"_paragraph_1bvmi_4 _paragraph_xtcu6_10 layout-component text-serif-m layout-normal text-serif-m layout-padded\">I oppsigelsesvedtaket beskriver r\u00e5det ogs\u00e5 andre \u00e5rsaker, som hans betydelige mengde varsler de siste \u00e5rene.   <\/p>\n<p>Forbud mot gjengjeldelser<\/p>\n<p class=\"_paragraph_1bvmi_4 _paragraph_xtcu6_10 layout-component text-serif-m layout-normal text-serif-m layout-padded\">Politidirektoratet har et slagord som heter: \u00abTakk for at du sier ifra!\u00bb <\/p>\n<p class=\"_paragraph_1bvmi_4 _paragraph_xtcu6_10 layout-component text-serif-m layout-normal text-serif-m layout-padded\">Arbeidsmilj\u00f8loven forbyr alle former for gjengjeldelse mot varslere. Loven gir en ansatt rett til \u00e5 g\u00e5 til media i tilfeller der andre og interne m\u00e5ter \u00e5 <a href=\"https:\/\/www.arbeidstilsynet.no\/arbeidsmiljo\/varsling\/Slik-kan-du-varsle-om-kritikkverdige-forhold\/\" class=\"_link_1bvmi_39\" rel=\"nofollow noopener\" target=\"_blank\">varsle p\u00e5 er pr\u00f8vd f\u00f8rst.<\/a><\/p>\n<p class=\"_paragraph_1bvmi_4 _paragraph_xtcu6_10 layout-component text-serif-m layout-normal text-serif-m layout-padded\">\u2013 Jeg fors\u00f8kte \u00e5 si fra om noe viktig, som overordnede myndigheter burde unders\u00f8ke, men det har ikke skjedd s\u00e5 vidt jeg vet, sier Karlsen.<\/p>\n<p class=\"_paragraph_1bvmi_4 _paragraph_xtcu6_10 layout-component text-serif-m layout-normal text-serif-m layout-padded\">Temaet som Karlsen vil belyse er det han omtaler som misbruk av SikkerhetslovenSikkerhetslovenSikkerhetsloven er en norsk lov som har som form\u00e5l \u00e5 bidra til \u00e5 trygge Norges suverenitet, territorielle integritet og demokratiske styreform og andre nasjonale sikkerhetsinteresser. .<\/p>\n<p class=\"_paragraph_1bvmi_4 _paragraph_xtcu6_10 layout-component text-serif-m layout-normal text-serif-m layout-padded\">VG publiserte i mai et lydklipp med HR-sjefen i Politidirektoratet, som uttalte at de ikke ville s\u00f8ke om en ny sikkerhetsklareringsikkerhetsklareringEn vurdering av en persons antatte sikkerhetsmessige skikkethet for \u00e5 behandle gradert informasjon eller ha tilgang til skjermingsverdige objekter og infrastruktur som kreves i stillingen. eller autorisereautorisereAutorisasjon er en avgj\u00f8relse, der en person som anses sikkerhetsmessig skikket, gis tilgang til sikkerhetsgradert informasjon Karlsen p\u00e5 grunn av hans mange varsler, klager, anmeldelser og innsynsbegj\u00e6ringer, opplyser HR-sjef Frode Aarum i lydklippet.<\/p>\n<p><img decoding=\"async\" alt=\"Bilde av Frode Aarum\" class=\"_image_ygndg_42\" height=\"61\" itemprop=\"image\" loading=\"lazy\"  src=\"https:\/\/www.europesays.com\/no\/wp-content\/uploads\/2025\/08\/b6f26e4a-64a4-4b61-85d5-9f052185c85b\"  width=\"40\"\/><strong class=\"_name_ygndg_51 title-serif-xs\">Frode Aarum<\/strong><\/p>\n<p class=\"_paragraph_1bvmi_4 text-sans-m _description_ygndg_56\">Seksjonsleder i Politidirektoratet<\/p>\n<p class=\"_paragraph_1bvmi_4 _paragraph_xtcu6_10 layout-component text-serif-m layout-normal text-serif-m layout-padded\">I praksis bet\u00f8d det at Karlsen ikke kunne f\u00e5 tilbake sin tidligere jobb i PIT.<\/p>\n<p class=\"_paragraph_1bvmi_4 _paragraph_xtcu6_10 layout-component text-serif-m layout-normal text-serif-m layout-padded\"><strong class=\"_strong_1bvmi_25\">H\u00f8r hele lydklippet her:<\/strong><\/p>\n<p class=\"_paragraph_1bvmi_4 _paragraph_xtcu6_10 layout-component text-serif-m layout-normal text-serif-m layout-padded\">Karlsen sier i dag at lydklippet avdekker en gjengjeldelse.<\/p>\n<p class=\"_paragraph_1bvmi_4 _paragraph_xtcu6_10 layout-component text-serif-m layout-normal text-serif-m layout-padded\">\u2013 Derfor var det berettiget av meg \u00e5 dele dette med pressen, sier Karlsen.<\/p>\n<p>Vil ikke svare<\/p>\n<p class=\"_paragraph_1bvmi_4 _paragraph_xtcu6_10 layout-component text-serif-m layout-normal text-serif-m layout-padded\">VG har stilt HR-sjef Frode Aarum sp\u00f8rsm\u00e5l:<\/p>\n<ul class=\"_list_1bvmi_3 _list_xtcu6_9 _unordered_1bvmi_99 layout-component text-serif-m layout-normal text-serif-m layout-padded\">\n<li class=\"_item_1bvmi_30\"><strong class=\"_strong_1bvmi_25\">Hvorfor kritiserer dere Karlsen for \u00e5 uttale seg i VG?<\/strong><\/li>\n<li class=\"_item_1bvmi_30\"><strong class=\"_strong_1bvmi_25\">Hva fremkommer i lydklippet, som dere ikke \u00f8nsket skulle bli kjent?<\/strong><\/li>\n<\/ul>\n<p class=\"_paragraph_1bvmi_4 _paragraph_xtcu6_10 layout-component text-serif-m layout-normal text-serif-m layout-padded\">\u2013 Karlsen og arbeidsgiver har ulike syn p\u00e5 mye i denne saken, formidler Aarum gjennom Kommunikasjonsavdelingen i POD:<\/p>\n<p class=\"_paragraph_1bvmi_4 _paragraph_xtcu6_10 layout-component text-serif-m layout-normal text-serif-m layout-padded\">\u2013 Men saken er tidligere behandlet i b\u00e5de tingrett og lagmannsrett. Her vant statens syn frem p\u00e5 alle punkter. Utover dette kommenterer vi ikke personalsaker i media.<\/p>\n<p class=\"_paragraph_1bvmi_4 _paragraph_xtcu6_10 layout-component text-serif-m layout-normal text-serif-m layout-padded\">Til VG sier Karlsen at retten ikke har behandlet noe av det som fremkommer i denne artikkelen. <\/p>\n<p class=\"_paragraph_1bvmi_4 _paragraph_xtcu6_10 layout-component text-serif-m layout-normal text-serif-m layout-padded\">\u2013 Rettssakene handlet ikke om oppsigelsen av meg. De handlet heller ikke om lydklippet til Aarum. De handlet om hvorvidt jeg hadde krav p\u00e5 varslingsvern eller ikke, sier Karlsen.<\/p>\n<p><img alt=\"VARSLER NY RETTSSAK: Alexander Karlsen.\" class=\"_image_qp4xg_65 layout-component layout-normal\" data-fullscreen- data-track-element-type=\"Article image fullscreen\" data-track-name=\"ImageFullscreen\" decoding=\"async\" loading=\"lazy\" height=\"3863\" itemprop=\"image\"  src=\"https:\/\/www.europesays.com\/no\/wp-content\/uploads\/2025\/08\/fd8128bd-b82a-47cc-9ac2-c8b8ae4fea51\"  style=\"object-position:0% 0%\" width=\"3257\"\/>VARSLER NY RETTSSAK: Alexander Karlsen.<\/p>\n<p class=\"_paragraph_1bvmi_4 _paragraph_xtcu6_10 layout-component text-serif-m layout-normal text-serif-m layout-padded\">\u2013 Vi har ingen ytterligere kommentar, skriver pressesjef Jeanette Solheim i en e-post.<\/p>\n<p>Flere titalls varsler til sammen<\/p>\n<p class=\"_paragraph_1bvmi_4 _paragraph_xtcu6_10 layout-component text-serif-m layout-normal text-serif-m layout-padded\">I et dokument fra POD st\u00e5r det at hans \u00abstore mengder varsler\/klager\/innsynskrav til arbeidsgiver over flere \u00e5r inneb\u00e6rer brudd p\u00e5 medvirkningsplikten, lojalitetsplikten og trakassering av ledere og HR medarbeidere\u00bb.<\/p>\n<p class=\"_paragraph_1bvmi_4 _paragraph_xtcu6_10 layout-component text-serif-m layout-normal text-serif-m layout-padded\">Karlsen sier til VG at han \u00f8nsket \u00e5 gj\u00f8re arbeidsplassen sin til et bedre sted \u00e5 jobbe.<\/p>\n<p class=\"_paragraph_1bvmi_4 _paragraph_xtcu6_10 layout-component text-serif-m layout-normal text-serif-m layout-padded\">\u2013 Er den nye standarden i Norge at man kan varsle for mye? S\u00e5 lenge hver og en av varslingene er forsvarlige og lovlige s\u00e5 finnes ingen maksgrense, sier han.<\/p>\n<p class=\"_paragraph_1bvmi_4 _paragraph_xtcu6_10 layout-component text-serif-m layout-normal text-serif-m layout-padded\">\u2013 Denne saken handler dypest sett om ytringsfriheten i politiet, rettssikkerheten og pressens mulighet til \u00e5 f\u00e5 kilder i politiet i fremtiden.<\/p>\n<p class=\"_paragraph_1bvmi_4 _paragraph_xtcu6_10 layout-component text-serif-m layout-normal text-serif-m layout-padded\">Karlsen p\u00e5peker at Politiets Fellesforbund vedtok i 2016 \u00e5 frar\u00e5de medlemmene sine \u00e5 varsle om kritikkverdige forhold, <a href=\"https:\/\/pf.no\/aktuelt\/samfunnsansvar\/fortsatt-ikke-trygt-a-varsle-i-norsk-politi-1\" class=\"_link_1bvmi_39\" rel=\"nofollow noopener\" target=\"_blank\">fordi det ikke er trygt.<\/a><\/p>\n<p class=\"_paragraph_1bvmi_4 _paragraph_xtcu6_10 layout-component text-serif-m layout-normal text-serif-m layout-padded\">\u2013 Norske myndigheter m\u00e5 ta inn over seg at Norge er det eneste landet i EU og E\u00d8S som har et fagforbund med et slikt offisielt vedtak, sier Karlsen.<\/p>\n<p class=\"_paragraph_1bvmi_4 _paragraph_xtcu6_10 layout-component text-serif-m layout-normal text-serif-m layout-padded\">VG har tidligere spurt direkt\u00f8r Gudmund Gj\u00f8lstad i Sivil klareringsmyndighet (SKM) om det vil f\u00e5 konsekvensen for sikkerhetsklareringen \u00e5 varsle. SKM har som oppgave \u00e5 sikkerhetsklarere ansatte i politiet.<\/p>\n<p><img decoding=\"async\" alt=\"Bilde av Gudmund Gj\u00f8lstad \" class=\"_image_ygndg_42\" height=\"27\" itemprop=\"image\" loading=\"lazy\"  src=\"https:\/\/www.europesays.com\/no\/wp-content\/uploads\/2025\/08\/f5dfe0a7-fc6e-47d7-8b49-7fb566ea26ea\"  width=\"40\"\/><strong class=\"_name_ygndg_51 title-serif-xs\">Gudmund Gj\u00f8lstad <\/strong><\/p>\n<p class=\"_paragraph_1bvmi_4 text-sans-m _description_ygndg_56\">Direkt\u00f8r i Sivil klareringsmyndighet<\/p>\n<p class=\"_paragraph_1bvmi_4 _paragraph_xtcu6_10 layout-component text-serif-m layout-normal text-serif-m layout-padded\">\u2013 Kan en persons rett til \u00e5 varsle om kritikkverdige forhold f\u00e5 f\u00f8lger for vedkommendes sikkerhetsklarering?<\/p>\n<p class=\"_paragraph_1bvmi_4 _paragraph_xtcu6_10 layout-component text-serif-m layout-normal text-serif-m layout-padded\">\u2013 P\u00e5 generelt grunnlag er svaret nei.<\/p>\n<p class=\"_paragraph_1bvmi_4 _paragraph_xtcu6_10 layout-component text-serif-m layout-normal text-serif-m layout-padded\">\u2013 Heller ikke hvis den ansatte varsler om en serie ulike forhold \u2013 og p\u00e5 flere kolleger og ledere \u2013 og til flere etater?<\/p>\n<p class=\"_paragraph_1bvmi_4 _paragraph_xtcu6_10 layout-component text-serif-m layout-normal text-serif-m layout-padded\">\u2013 S\u00e5 lenge varslingen er reell og forsvarlig, vil det ikke spille en rolle for vurderingen av vedkommendes sikkerhetsmessige skikkethet til \u00e5 behandle gradert og skjermingsverdig informasjon, forklarer Gj\u00f8lstad.<\/p>\n<p>Les ogs\u00e5<\/p>\n","protected":false},"excerpt":{"rendered":"Alexander Karlsen (42) saks\u00f8ker staten for \u00e5 f\u00e5 jobben sin i politiet tilbake. Karlsen mener han fikk sparken&hellip;\n","protected":false},"author":2,"featured_media":12321,"comment_status":"","ping_status":"","sticky":false,"template":"","format":"standard","meta":{"footnotes":""},"categories":[5],"tags":[20,21,24,25,15,19,22,23,17,18,13,30,28,29,14,16,254,2449,26,27,2448],"class_list":{"0":"post-12320","1":"post","2":"type-post","3":"status-publish","4":"format-standard","5":"has-post-thumbnail","7":"category-overskrifter","8":"tag-breaking-news","9":"tag-breakingnews","10":"tag-featured-news","11":"tag-featurednews","12":"tag-headlines","13":"tag-hovedoppslag","14":"tag-latest-news","15":"tag-latestnews","16":"tag-main-news","17":"tag-mainnews","18":"tag-news","19":"tag-no","20":"tag-norge","21":"tag-norway","22":"tag-nyheter","23":"tag-overskrifter","24":"tag-politi","25":"tag-politidirektoratet-pod","26":"tag-top-stories","27":"tag-topstories","28":"tag-varsling"},"share_on_mastodon":{"url":"","error":""},"_links":{"self":[{"href":"https:\/\/www.europesays.com\/no\/wp-json\/wp\/v2\/posts\/12320","targetHints":{"allow":["GET"]}}],"collection":[{"href":"https:\/\/www.europesays.com\/no\/wp-json\/wp\/v2\/posts"}],"about":[{"href":"https:\/\/www.europesays.com\/no\/wp-json\/wp\/v2\/types\/post"}],"author":[{"embeddable":true,"href":"https:\/\/www.europesays.com\/no\/wp-json\/wp\/v2\/users\/2"}],"replies":[{"embeddable":true,"href":"https:\/\/www.europesays.com\/no\/wp-json\/wp\/v2\/comments?post=12320"}],"version-history":[{"count":0,"href":"https:\/\/www.europesays.com\/no\/wp-json\/wp\/v2\/posts\/12320\/revisions"}],"wp:featuredmedia":[{"embeddable":true,"href":"https:\/\/www.europesays.com\/no\/wp-json\/wp\/v2\/media\/12321"}],"wp:attachment":[{"href":"https:\/\/www.europesays.com\/no\/wp-json\/wp\/v2\/media?parent=12320"}],"wp:term":[{"taxonomy":"category","embeddable":true,"href":"https:\/\/www.europesays.com\/no\/wp-json\/wp\/v2\/categories?post=12320"},{"taxonomy":"post_tag","embeddable":true,"href":"https:\/\/www.europesays.com\/no\/wp-json\/wp\/v2\/tags?post=12320"}],"curies":[{"name":"wp","href":"https:\/\/api.w.org\/{rel}","templated":true}]}}