{"id":123203,"date":"2025-12-28T06:49:30","date_gmt":"2025-12-28T06:49:30","guid":{"rendered":"https:\/\/www.europesays.com\/no\/123203\/"},"modified":"2025-12-28T06:49:30","modified_gmt":"2025-12-28T06:49:30","slug":"julepraten-bertine-zetlitz-bertine-zetlitz-minnes-frogner-jul-sno-til-knaerne","status":"publish","type":"post","link":"https:\/\/www.europesays.com\/no\/123203\/","title":{"rendered":"Julepraten, Bertine Zetlitz | Bertine Zetlitz minnes Frogner-jul: \u2013 Sn\u00f8 til kn\u00e6rne"},"content":{"rendered":"\n<p>I Nettavisens julespalte forteller kjente, norske personer om sine planer for julen, hvilke juletradisjoner de ikke kan v\u00e6re foruten, og hva slags forventninger de har til det kommende \u00e5ret. Fra oss til deg \u2013 GOD JUL!<\/p>\n<p>Vi har tatt en juleprat med artist Bertine Zetlitz (50). Det blir en n\u00e6r familiejul med vestlandske mattradisjoner for Zetlitz, men hun r\u00f8per ogs\u00e5 sine spennende musikkplaner for det nye \u00e5ret.<\/p>\n<p>   <img decoding=\"async\" width=\"4800\" height=\"3202\" fetchpriority=\"low\"  loading=\"lazy\"  src=\"https:\/\/www.europesays.com\/no\/wp-content\/uploads\/2025\/12\/Bertine+Setlitz+forr%C3%A6der.jpg\" alt=\"Forr\u00e6der Sesong 5. &#10;Episode 01 dag 01&#10;&#10;Foto: Espen Solli\/TV 2\" class=\"brick-c-cFOWSL\" style=\"--brick-image-ratio: 4800 \/ 3202;\"\/><\/p>\n<p>      TRADISJONER: Julepyntingen er ikke komplett f\u00f8r Bertine Zetlitz har satt p\u00e5 juleplaten til Dizzie Tunes.<\/p>\n<p><b>Hvordan og med hvem skal du feire jul i \u00e5r?<\/b><br \/>\u2013 Jeg har en relativt liten familie, s\u00e5 julefeiringen blir n\u00e6r og fin med mine foreldre, mann og to barn. Ekstra stas med datter Lili p\u00e5 19 som kommer hjem fra studier i Milano i \u00e5r.<\/p>\n<p><b>Hva spiser du p\u00e5 julaften?<\/b><br \/>\u2013 Vi f\u00f8lger min mors vestlands tradisjoner og spiser lammeribbe.<\/p>\n<p><b>Hva er dine juletradisjoner?<\/b><br \/>\u2013 Frokost hos svigermor f\u00f8rste juledag og surstek (ogs\u00e5 vestlands mat), hos mine foreldre andre juledag.<\/p>\n<p><b>Les ogs\u00e5: <a rel=\"Follow nofollow noopener\" href=\"https:\/\/www.nettavisen.no\/kjendis\/helle-nordby-staff-deler-arlig-om-vanskelige-hoytider-mye-mas-og-kjefting\/s\/5-95-2796042\" target=\"_blank\">R\u00f8per julemarerittet: \u2013 Luktet b\u00e6sj<\/a><\/b><\/p>\n<p><b>Hva er en overvurdert juletradisjon?<\/b><br \/>\u2013 Vanskelig \u00e5 si. Tradisjoner betyr s\u00e5 ulikt for alle. I det at en tradisjon blir mer stress enn hyggelig, b\u00f8r den droppes.<\/p>\n<p><b>Hva er ditt beste juleminne?<\/b><br \/>\u2013 Det m\u00e5 v\u00e6re mengdene med sn\u00f8 vi hadde da jeg var liten. Bare det \u00e5 se ut av vinduet julemorgenen mens det lavet ned. Jeg er oppvokst i leilighet p\u00e5 Frogner, og plutselig var omgivelsene lyse og asfalten dekket. Vi gikk til Frognerparken med sn\u00f8 til kn\u00e6rne for \u00e5 ake.<\/p>\n<p>    Vil du se neste video?<\/p>\n<p>    <a href=\"https:\/\/www.nettavisen.no\/nyheter\/stripper-pa-string-showbar-i-oslo-avslorer-slik-far-jeg-mest-tips-i-trusa\/v\/5-95-2772941\" class=\"recommend-poster\" data-adp-clicklabel=\"video-recommend\" data-adp-clickvalue=\"poster\" rel=\"nofollow noopener\" target=\"_blank\"><br \/>\n      <img decoding=\"async\" width=\"200\" height=\"200\" loading=\"lazy\" src=\"https:\/\/www.europesays.com\/no\/wp-content\/uploads\/2025\/12\/Stripper+til+cue.jpg\" alt=\"\" class=\"brick-c-cFOWSL\" style=\"--brick-image-ratio: 200 \/ 200;\"\/><\/p>\n<p>Stripper avsl\u00f8rer: \u2013 Slik f\u00e5r jeg mest tips i trusa1:46<\/p>\n<p>    <\/a><\/p>\n<p>        Carina Dahl r\u00f8per sitt st\u00f8rste jule\u00f8nske.<\/p>\n<p><b>Hva er ditt verste juleminne?<\/b><br \/>\u2013 Da mamma og jeg hadde f\u00e5tt nok av jul og brant juletreet i peisen en gang mellom jul og nytt\u00e5r. Det endte opp med utrykning og to store brannbiler i gata.<\/p>\n<p><b>Hva er den beste eller verste julegaven du har f\u00e5tt eller gitt?<\/b><br \/>\u2013 Jeg er stort sett forn\u00f8yd med gavene jeg f\u00e5r og gir. De fysiske gavene er heldigvis blitt mindre viktige med \u00e5rene.<\/p>\n<p><b>Les ogs\u00e5: <a rel=\"Follow nofollow noopener\" href=\"https:\/\/www.nettavisen.no\/kjendis\/rasmus-wold-gir-tilbake-i-julen-setter-det-hoyest\/s\/5-95-2760291\" target=\"_blank\">Komikeren gir tilbake i julen: \u2013 Setter det h\u00f8yest<\/a><\/b><\/p>\n<p><b>Hva m\u00e5 du alltid gj\u00f8re i julen?<\/b><br \/>\u2013 H\u00f8re p\u00e5 juleplata til Dizzie Tunes mens jeg pynter juletreet.<\/p>\n<p><b>Hva er den st\u00f8rste julekrisen du har opplevd?<\/b><br \/>\u2013 Har aldri hatt noen reell julekrise. Hadde en ko-ko Siameser (katt) i oppveksten som insisterte p\u00e5 \u00e5 klatre i juletreet hver natt, med dertil h\u00f8rende rydding hver morgen.<\/p>\n<p><b>Hva er favoritt-julesangen din, og hvorfor akkurat den?<\/b><br \/>\u2013 Alle l\u00e5tene p\u00e5 Dizzie Tunes juleplate.<\/p>\n<p><b>R\u00f8d eller brun julebrus?<\/b><br \/>\u2013 Deilig \u00e5 ikke ha noen preferanser her.<\/p>\n<p><b>Hvordan skal du feire nytt\u00e5rsaften?<\/b><br \/>\u2013 Aner ikke! Kommer an p\u00e5 hvor sosial jeg f\u00f8ler meg.<\/p>\n<p>    Vil du se neste video?<\/p>\n<p>    <a href=\"https:\/\/www.nettavisen.no\/nyheter\/stripper-pa-string-showbar-i-oslo-avslorer-slik-far-jeg-mest-tips-i-trusa\/v\/5-95-2772941\" class=\"recommend-poster\" data-adp-clicklabel=\"video-recommend\" data-adp-clickvalue=\"poster\" rel=\"nofollow noopener\" target=\"_blank\"><br \/>\n      <img decoding=\"async\" width=\"200\" height=\"200\" loading=\"lazy\" src=\"https:\/\/www.europesays.com\/no\/wp-content\/uploads\/2025\/12\/Stripper+til+cue.jpg\" alt=\"\" class=\"brick-c-cFOWSL\" style=\"--brick-image-ratio: 200 \/ 200;\"\/><\/p>\n<p>Stripper avsl\u00f8rer: \u2013 Slik f\u00e5r jeg mest tips i trusa1:46<\/p>\n<p>    <\/a><\/p>\n<p>        Kjendisene kommer b\u00e5de med tips og r\u00f8per hva man b\u00f8r og ikke b\u00f8r gj\u00f8re p\u00e5 julebord.<\/p>\n<p><b>Hvordan vil du oppsummere 2025?<\/b><br \/>\u2013 Et g\u00f8yalt og fremoverlent \u00e5r, med masse tid i studio der jeg har skrevet ny musikk!<\/p>\n<p><b>Hva er ditt st\u00f8rste \u00f8nske f\u00f8r 2026?<\/b><br \/>\u2013 At de jeg er mest glad i er friske og har det bra.<\/p>\n<p><b>Hva er dine planer for det neste \u00e5ret?<\/b><br \/>\u2013 Jeg gir ut singelen \u00abPiggtr\u00e5d\u00bb allerede i januar, og s\u00e5 g\u00e5r det slag i slag fram til sommeren og festival spilling!<\/p>\n","protected":false},"excerpt":{"rendered":"I Nettavisens julespalte forteller kjente, norske personer om sine planer for julen, hvilke juletradisjoner de ikke kan v\u00e6re&hellip;\n","protected":false},"author":2,"featured_media":123204,"comment_status":"","ping_status":"","sticky":false,"template":"","format":"standard","meta":{"footnotes":""},"categories":[58],"tags":[71,30,28,29,72],"class_list":{"0":"post-123203","1":"post","2":"type-post","3":"status-publish","4":"format-standard","5":"has-post-thumbnail","7":"category-underholdning","8":"tag-entertainment","9":"tag-no","10":"tag-norge","11":"tag-norway","12":"tag-underholdning"},"share_on_mastodon":{"url":"https:\/\/pubeurope.com\/@no\/115795864240465489","error":""},"_links":{"self":[{"href":"https:\/\/www.europesays.com\/no\/wp-json\/wp\/v2\/posts\/123203","targetHints":{"allow":["GET"]}}],"collection":[{"href":"https:\/\/www.europesays.com\/no\/wp-json\/wp\/v2\/posts"}],"about":[{"href":"https:\/\/www.europesays.com\/no\/wp-json\/wp\/v2\/types\/post"}],"author":[{"embeddable":true,"href":"https:\/\/www.europesays.com\/no\/wp-json\/wp\/v2\/users\/2"}],"replies":[{"embeddable":true,"href":"https:\/\/www.europesays.com\/no\/wp-json\/wp\/v2\/comments?post=123203"}],"version-history":[{"count":0,"href":"https:\/\/www.europesays.com\/no\/wp-json\/wp\/v2\/posts\/123203\/revisions"}],"wp:featuredmedia":[{"embeddable":true,"href":"https:\/\/www.europesays.com\/no\/wp-json\/wp\/v2\/media\/123204"}],"wp:attachment":[{"href":"https:\/\/www.europesays.com\/no\/wp-json\/wp\/v2\/media?parent=123203"}],"wp:term":[{"taxonomy":"category","embeddable":true,"href":"https:\/\/www.europesays.com\/no\/wp-json\/wp\/v2\/categories?post=123203"},{"taxonomy":"post_tag","embeddable":true,"href":"https:\/\/www.europesays.com\/no\/wp-json\/wp\/v2\/tags?post=123203"}],"curies":[{"name":"wp","href":"https:\/\/api.w.org\/{rel}","templated":true}]}}