{"id":123205,"date":"2025-12-28T06:56:19","date_gmt":"2025-12-28T06:56:19","guid":{"rendered":"https:\/\/www.europesays.com\/no\/123205\/"},"modified":"2025-12-28T06:56:19","modified_gmt":"2025-12-28T06:56:19","slug":"sterk-kinostart-i-romjula-det-varmer-et-kinohjerte-opp-no","status":"publish","type":"post","link":"https:\/\/www.europesays.com\/no\/123205\/","title":{"rendered":"Sterk kinostart i romjula: \u2013Det varmer et kinohjerte &#8211; opp.no"},"content":{"rendered":"<ol>\n<li><a href=\"https:\/\/news.google.com\/rss\/articles\/CBMijgFBVV95cUxNOGpHYWZIcHppdkxfaGh1UW84WmxVdDNEcFN3MmR1NDg5ZUc5UmRQck4wSnppLWc1cFZYSlRTM1Q1UU9UM0dlY3ctZzBuc0xXWU1EdWdhdFIxSVpjTXA0QnlFVWE4U3RPVUJDMGRVRTlTa3FIZWZpdVBXUFpldHNBYzhnRFRVNHptUDkwSU9B?oc=5\" target=\"_blank\" rel=\"nofollow noopener\">Sterk kinostart i romjula: \u2013Det varmer et kinohjerte<\/a>&nbsp;&nbsp;opp.no<\/li>\n<li><a href=\"https:\/\/news.google.com\/rss\/articles\/CBMid0FVX3lxTE00MFAwbDUySWRZa3pFNWFHNkY1bGthREtCelF1Qy1nQWd3bEdaa2VBNTJPcy1jbFBPbHgtT1l6cGVXQkxMVThFRVF6Wk5DUVMyR1Z0a3A4X1dxbVpJdzRYOU9iTDN6M3JOVVYzRVpaajBtUUlmcUpr?oc=5\" target=\"_blank\" rel=\"nofollow noopener\">&#8211; Deilig \u00e5 v\u00e6re litt g\u00e6ren<\/a>&nbsp;&nbsp;Dagbladet<\/li>\n<li><a href=\"https:\/\/news.google.com\/rss\/articles\/CBMihwFBVV95cUxOblIzZGlKdnFicFpUdlpCR3JOVDBiVmdHSDFPR2VWZjl2b1M3YXJXSjVoZENtM0d2Wjh0cW5JMUh5UU9zMEdJazE1Z2puX3ZDZ2pBNXRKcU9odXFYaWlDZHpoRzdRd19EYWt0X1pZYmxDZThMTHhXbHhudko4RFVDMURsVVhBU0E?oc=5\" target=\"_blank\" rel=\"nofollow noopener\">Stort lydbilde: \u2013 Det hjelper med fingrene i \u00f8rene<\/a>&nbsp;&nbsp;l-a.no<\/li>\n<li><a href=\"https:\/\/news.google.com\/rss\/articles\/CBMingFBVV95cUxQZHRKWFJoQUxzaFV2UVd6RjlMS0VIcE9OUUJjTkRaRDZER2NaTV96blRZcFkxMTdqdENxSE5JeDZ5M1paSG01T29aRlJKcjBrUXZseWp2bFdBbkFtUU56NWY2RXJaTy1QNTBTV2tHSlJvQkJtR1RwRDZHNl9yV2dSaHlVQlF6cHRfci16NTFTSldsN2lBeGdtaFo2NUJDQQ?oc=5\" target=\"_blank\" rel=\"nofollow noopener\">\u00c5rdal, Kultur | Tomine og William fekk huset fullt: \u2013 Berre heilt fantastisk<\/a>&nbsp;&nbsp;Sogn Avis<\/li>\n<li><a href=\"https:\/\/news.google.com\/rss\/articles\/CBMigAFBVV95cUxPaGtsVnZfemt3RTdhenJ0WDhleXZGeWREQjAzcDVKUDBWNkJZUnpPaWdMN3RWVzQ4SzQ1V00yblRzN1E2LW04anVDTzQ2VEF1RklBbkhHSlN4ZDA2dmExQVpwSE44Ylo5Rmdvcm04WVpLc0dKbWJmdjR3UHRiaXl0Ug?oc=5\" target=\"_blank\" rel=\"nofollow noopener\">Kommentar: Norskere enn dette blir det ikke<\/a>&nbsp;&nbsp;adressa.no<\/li>\n<\/ol>\n","protected":false},"excerpt":{"rendered":"Sterk kinostart i romjula: \u2013Det varmer et kinohjerte&nbsp;&nbsp;opp.no &#8211; Deilig \u00e5 v\u00e6re litt g\u00e6ren&nbsp;&nbsp;Dagbladet Stort lydbilde: \u2013 Det&hellip;\n","protected":false},"author":2,"featured_media":123206,"comment_status":"","ping_status":"","sticky":false,"template":"","format":"standard","meta":{"footnotes":""},"categories":[58],"tags":[71,30,28,29,72],"class_list":{"0":"post-123205","1":"post","2":"type-post","3":"status-publish","4":"format-standard","5":"has-post-thumbnail","7":"category-underholdning","8":"tag-entertainment","9":"tag-no","10":"tag-norge","11":"tag-norway","12":"tag-underholdning"},"share_on_mastodon":{"url":"https:\/\/pubeurope.com\/@no\/115795891512863732","error":""},"_links":{"self":[{"href":"https:\/\/www.europesays.com\/no\/wp-json\/wp\/v2\/posts\/123205","targetHints":{"allow":["GET"]}}],"collection":[{"href":"https:\/\/www.europesays.com\/no\/wp-json\/wp\/v2\/posts"}],"about":[{"href":"https:\/\/www.europesays.com\/no\/wp-json\/wp\/v2\/types\/post"}],"author":[{"embeddable":true,"href":"https:\/\/www.europesays.com\/no\/wp-json\/wp\/v2\/users\/2"}],"replies":[{"embeddable":true,"href":"https:\/\/www.europesays.com\/no\/wp-json\/wp\/v2\/comments?post=123205"}],"version-history":[{"count":0,"href":"https:\/\/www.europesays.com\/no\/wp-json\/wp\/v2\/posts\/123205\/revisions"}],"wp:featuredmedia":[{"embeddable":true,"href":"https:\/\/www.europesays.com\/no\/wp-json\/wp\/v2\/media\/123206"}],"wp:attachment":[{"href":"https:\/\/www.europesays.com\/no\/wp-json\/wp\/v2\/media?parent=123205"}],"wp:term":[{"taxonomy":"category","embeddable":true,"href":"https:\/\/www.europesays.com\/no\/wp-json\/wp\/v2\/categories?post=123205"},{"taxonomy":"post_tag","embeddable":true,"href":"https:\/\/www.europesays.com\/no\/wp-json\/wp\/v2\/tags?post=123205"}],"curies":[{"name":"wp","href":"https:\/\/api.w.org\/{rel}","templated":true}]}}