{"id":123207,"date":"2025-12-28T07:03:29","date_gmt":"2025-12-28T07:03:29","guid":{"rendered":"https:\/\/www.europesays.com\/no\/123207\/"},"modified":"2025-12-28T07:03:29","modified_gmt":"2025-12-28T07:03:29","slug":"tv2-janne-formoe-flukten-fra-bolivia-hadde-satt-himmel-og-jord-i-bevegelse","status":"publish","type":"post","link":"https:\/\/www.europesays.com\/no\/123207\/","title":{"rendered":"TV2, Janne Formoe | \u00abFlukten fra Bolivia\u00bb: \u2013 Hadde satt himmel og jord i bevegelse"},"content":{"rendered":"\n<p><a href=\"https:\/\/www.nettavisen.no\/kjendis\/janne-formoe-om-flukten-fra-bolivia-parallellene-hadde-satt-himmel-og-jord-i-bevegelse\/s\/5-95-2797320\" rel=\"Follow nofollow noopener\" target=\"_blank\">NETTAVISEN:<\/a> F\u00f8rste juledag var det premiere p\u00e5 TV 2s nye dramaserie, \u00abFlukten fra Bolivia\u00bb, basert p\u00e5 de virkelige hendelsene som rystet Norge i 2008.<\/p>\n<p>Blant karakterene finner vi skuespiller og programleder Janne Formoe (50) fra Kristiansand, i en rolle som skiller seg tydelig fra mye av det hun har gjort tidligere.<\/p>\n<p><b>Les ogs\u00e5: <a href=\"https:\/\/www.nettavisen.no\/kjendis\/fra-statsrad-til-danseparkett-emilie-enger-mehls-omveltende-2025\/s\/5-95-2786507\" rel=\"Follow nofollow noopener\" target=\"_blank\">Kryptisk om fremtiden: \u2013 Fint \u00e5 ikke ha opplysningsplikt<\/a><\/b><\/p>\n<p>N\u00e5 forteller Formoe om hvorfor rollen traff henne ekstra hardt \u2013 og hvorfor hun stadig klemmer datteren litt ekstra.<\/p>\n<p>  <a href=\"https:\/\/www.krs.no\/5-157-566813\" class=\"related-teaser has-image default-story-teaser article--c-eRUmMG article--c-eRUmMG-jKCPdD-design-default\" rel=\"nofollow noopener\" target=\"_blank\"><\/p>\n<p>    <img decoding=\"async\" loading=\"lazy\"  src=\"https:\/\/www.europesays.com\/no\/wp-content\/uploads\/2025\/12\/IMG_5961.JPG\" alt=\"\" class=\"brick-c-cFOWSL\" style=\"\"\/><\/p>\n<p>\n            Les ogs\u00e5<\/p>\n<p>              Therese (55): \u2013 Jeg f\u00f8ler meg aldri i skyggen av Terje\n        <\/p>\n<p>  <\/a><br \/>\n  \u2013 Brutal m\u00e5te \u00e5 miste alt p\u00e5<\/p>\n<p>I serien spiller Formoe Berit, moren til Michelle, en av de tre unge jentene som blir fengslet i Bolivia.<\/p>\n<p>\u2013 Denne rollen, som mamma, er tyngre og mer alvorlig, men det er fint \u00e5 f\u00e5 bruke det spekteret ogs\u00e5. Det er en viktig historie \u00e5 fortelle, sier Formoe til Nettavisen.<\/p>\n<p>\u2013 Og s\u00e5 er det en litt annerledes rolle enn jeg har gjort f\u00f8r. Det synes jeg var veldig stas, fortsetter hun.<\/p>\n<p>   <img decoding=\"async\" width=\"1024\" height=\"724\" fetchpriority=\"low\"  loading=\"lazy\"  src=\"https:\/\/www.europesays.com\/no\/wp-content\/uploads\/2025\/12\/1766905405_239_bolivia.jpg\" alt=\"\" class=\"brick-c-cFOWSL\" style=\"--brick-image-ratio: 1024 \/ 724;\"\/><\/p>\n<p>      BERIT:I \u00abFlukten fra Bolivia\u00bb spiller Formoe Berit, moren til Michelle, en av de tre unge jentene som blir fengslet i Bolivia.<br \/>\n      Foto: TV 2\n    <\/p>\n<p>TV 2-serien er inspirert av den s\u00e5kalte \u00abBolivia-saken\u00bb, der tre unge norske kvinner ble p\u00e5grepet p\u00e5 flyplassen i Cochabamba med over 22 kilo kokain i bagasjen.<\/p>\n<p>\u2013 Det er tre unge jenter som er p\u00e5 eventyr, men som ender s\u00e5 fatalt. Uten at en skal ta stilling til skyld eller ikke, s\u00e5 er de ganske overlatt til seg selv. Det er en utrolig brutal m\u00e5te \u00e5 miste alt p\u00e5, \u00e5 bli satt i et fengsel i et fremmed land, forteller Formoe.<\/p>\n<p>  <a href=\"https:\/\/www.krs.no\/5-157-562235\" class=\"related-teaser has-image default-story-teaser article--c-eRUmMG article--c-eRUmMG-jKCPdD-design-default\" rel=\"nofollow noopener\" target=\"_blank\"><\/p>\n<p>    <img decoding=\"async\" loading=\"lazy\"  src=\"https:\/\/www.europesays.com\/no\/wp-content\/uploads\/2025\/12\/Terje+Formoe+og+Janne+Formoe.jpg\" alt=\"\" class=\"brick-c-cFOWSL\" style=\"\"\/><\/p>\n<p>\n            Les ogs\u00e5<\/p>\n<p>              Utnevnt til Ridder av 1. klasse i kveld: \u2013 Det er s\u00e5 imponerende at det ikke er helt til \u00e5 forst\u00e5\n        <\/p>\n<p>  <\/a><\/p>\n<p>Skuespilleren beskriver situasjonen som ekstrem.<\/p>\n<p>\u2013 \u00c5 f\u00e5 et barn med p\u00e5 slep der, og ikke f\u00e5 s\u00e5 veldig mye hjelp, og med foreldre som kanskje ikke har penger til \u00e5 f\u00e5 dem ut, det er en utrolig krevende og vanskelig situasjon.<\/p>\n<p>   <img decoding=\"async\" width=\"6720\" height=\"4480\" fetchpriority=\"low\"  loading=\"lazy\"  src=\"https:\/\/www.europesays.com\/no\/wp-content\/uploads\/2025\/12\/Flukten+fra+Bolivia.bin\" alt=\"Josephine Tetlie, Ella \u00d8verbye og Lisa Hovden har rollene som de tre jentene i \u00abFlukten fra Bolivia\u00bb. Foto: Malin Gutke\/TV 2.\" class=\"brick-c-cFOWSL\" style=\"--brick-image-ratio: 6720 \/ 4480;\"\/><\/p>\n<p>      \u00abFLUKTEN FRA BOLIVIA\u00bb: Josephine Tetlie, Ella \u00d8verbye og Lisa Hovden har rollene som de tre jentene i \u00abFlukten fra Bolivia\u00bb.<br \/>\n      Foto: Malin Gutke (TV 2)\n    <\/p>\n<p>Formoe forteller at saken gjorde sterkt inntrykk allerede da den f\u00f8rst ble kjent tilbake i 2008.<\/p>\n<p>\u2013 Jeg husker denne saken veldig godt. Det er en veldig spesiell sak. Dette er basert p\u00e5 de hendelsene, og serien er jo v\u00e5r historie. Det har skjedd i virkeligheten, mye av det, selv om det selvf\u00f8lgelig er en TV-serie.<\/p>\n<p>  <a href=\"https:\/\/www.krs.no\/5-157-445977\" class=\"related-teaser has-image default-story-teaser article--c-eRUmMG article--c-eRUmMG-jKCPdD-design-default\" rel=\"nofollow noopener\" target=\"_blank\"><\/p>\n<p>    <img decoding=\"async\" loading=\"lazy\"  src=\"https:\/\/www.europesays.com\/no\/wp-content\/uploads\/2025\/12\/Janne1+kuttet.jpg\" alt=\"\" class=\"brick-c-cFOWSL\" style=\"\"\/><\/p>\n<p>\n            Les ogs\u00e5<\/p>\n<p>              Her bor Janne (49) i Kristiansand: \u2013 Midt i hjertet\n        <\/p>\n<p>  <\/a><\/p>\n<p>\u2013 Jeg tenker ogs\u00e5 at dette er en historie som er viktig \u00e5 sette p\u00e5 dagsorden.<\/p>\n<p>De tre norske kvinnene ble alle p\u00e5grepet og varetektsfengslet i Bolivia. En av dem ble etter kort tid l\u00f8slatt mot kausjon, og flyktet tilbake til Norge. De gjenv\u00e6rende ble d\u00f8mt til 13 \u00e5r i fengsel. Under soningen fikk en av de to gjenv\u00e6rende kvinnene innvilget kausjon mot meldeplikt til politiet. Hun br\u00f8t denne og r\u00f8mte tilbake til Norge. Det er denne flukten TV 2-serien i hovedsak er basert p\u00e5. Den tredje kvinnen er fortsatt i Bolivia.<\/p>\n<p>  <a href=\"https:\/\/www.krs.no\/5-157-442190\" class=\"related-teaser has-image default-story-teaser article--c-eRUmMG article--c-eRUmMG-jKCPdD-design-default\" rel=\"nofollow noopener\" target=\"_blank\"><\/p>\n<p>    <img decoding=\"async\" loading=\"lazy\"  src=\"https:\/\/www.europesays.com\/no\/wp-content\/uploads\/2025\/12\/Janne+Formoe.jpg\" alt=\"\" class=\"brick-c-cFOWSL\" style=\"\"\/><\/p>\n<p>\n            Les ogs\u00e5<\/p>\n<p>              Janne kaprer rekord: \u2013 Ingen andre har v\u00e6rt i n\u00e6rheten\n        <\/p>\n<p>  <\/a><br \/>\n  Trekker paralleller til egen datter<\/p>\n<p>Formoe forteller at det er umulig \u00e5 ikke trekke linjer fra \u00abFlukten fra Bolivia\u00bb til eget privatliv.<\/p>\n<p>\u2013 Datteren min er p\u00e5 samme alder som disse jentene, s\u00e5 det er ikke vanskelig \u00e5 f\u00e5 sterke f\u00f8lelser rundt det, forteller Formoe til Nettavisen.<\/p>\n<p>   <img decoding=\"async\" width=\"3800\" height=\"2535\" fetchpriority=\"low\"  loading=\"lazy\"  src=\"https:\/\/www.europesays.com\/no\/wp-content\/uploads\/2025\/12\/1766905408_502_NTB_9tB2MeOwMgo.jpg\" alt=\"Premierefest \u00abFlutken fra Bolivia\u00bb TV 2 Foto: Espen Solli \/TV 2&#10;&#10;Janne Formoe med datter Felicia\" class=\"brick-c-cFOWSL\" style=\"--brick-image-ratio: 3800 \/ 2535;\"\/><\/p>\n<p>      MOR OG DATTER: Janne Formoe og datteren Felicia Karlsen dukket opp sammen p\u00e5 premierefest for \u00abFlutken fra Bolivia\u00bb.<br \/>\n      Foto: TV 2\n    <\/p>\n<p>Formoe har datteren Felicia Karlsen (20), sammen med talentmanager Jan Fredrik Karlsen (52). Hadde noe av det som skjer i \u00abFlukten fra Bolivia\u00bb skjedd med datteren, hadde det trolig rablet for Formoe.<\/p>\n<p>\u2013 Jeg hadde blitt s\u00e5 livredd. Jeg vet ikke hva jeg hadde gjort. Jeg tror jeg hadde satt himmel og jord i bevegelse. Og det tror jeg enhver forelder ville gjort.<\/p>\n<p>  <a href=\"https:\/\/www.krs.no\/5-157-422237\" class=\"related-teaser has-image default-story-teaser article--c-eRUmMG article--c-eRUmMG-jKCPdD-design-default\" rel=\"nofollow noopener\" target=\"_blank\"><\/p>\n<p>    <img decoding=\"async\" loading=\"lazy\"  src=\"https:\/\/www.europesays.com\/no\/wp-content\/uploads\/2025\/12\/Janne+Formoe.jpg\" alt=\"\" class=\"brick-c-cFOWSL\" style=\"\"\/><\/p>\n<p>\n            Les ogs\u00e5<\/p>\n<p>              Knuser tabuer: \u2013 Jeg har sluttet \u00e5 ligge med folk for \u00e5 v\u00e6re hyggelig\n        <\/p>\n<p>  <\/a><\/p>\n<p>Samtidig peker Formoe p\u00e5 at ikke alle foreldre har de samme forutsetningene.<\/p>\n<p>\u2013 Det kommer an p\u00e5 hvilke ressurser man har. \u00d8konomi. Muligheten til \u00e5 n\u00e5 gjennom. Alle har ikke like muligheter, og det er forferdelig urettferdig. Du har like mye hjerte og sorg for barnet ditt, men du er maktesl\u00f8s.<\/p>\n<p>   <img decoding=\"async\" width=\"6000\" height=\"4000\" fetchpriority=\"low\"  loading=\"lazy\"  src=\"https:\/\/www.europesays.com\/no\/wp-content\/uploads\/2025\/12\/Derfor+holder+skuespilleren+tilbake%3A++Har+brent+meg+p+det+flere+ganger.bin\" alt=\"\" class=\"brick-c-cFOWSL\" style=\"--brick-image-ratio: 6000 \/ 4000;\"\/><\/p>\n<p>      TAKKNEMLIG: Under innspillingen av TV 2-serien kjente Janne Formoe litt ekstra p\u00e5 kj\u00e6rligheten for datteren Felicia Karlsen.<br \/>\n      Foto: Tuva Mathilde L\u00f8land (Nettavisen)\n    <\/p>\n<p>Etter innspilling var Formoe glad og takknemlig for datteren.<\/p>\n<p>\u2013 Det var noen ekstra klemmer p\u00e5 dattera mi. Jeg er glad for at hun er hjemme. Det blir litt mye klemming, sier hun med et smil om munnen.<\/p>\n<p>  <a href=\"https:\/\/www.krs.no\/5-157-403113\" class=\"related-teaser has-image default-story-teaser article--c-eRUmMG article--c-eRUmMG-jKCPdD-design-default\" rel=\"nofollow noopener\" target=\"_blank\"><\/p>\n<p>    <img decoding=\"async\" loading=\"lazy\"  src=\"https:\/\/www.europesays.com\/no\/wp-content\/uploads\/2025\/12\/mye+folk.JPG\" alt=\"\" class=\"brick-c-cFOWSL\" style=\"\"\/><\/p>\n<p>\n            Les ogs\u00e5<\/p>\n<p>              Over 1000 samlet p\u00e5 jentekveld: \u2013 For mange kvinner som lener seg p\u00e5 mannen\n        <\/p>\n<p>  <\/a><\/p>\n<p>Formoe h\u00e5per serien vil engasjere publikum.<\/p>\n<p>\u2013 Jeg h\u00e5per folk blir sugd inn i historien. Den er spennende fra f\u00f8rste sekund. Jentene er fantastiske. De er s\u00e5 dyktige.<\/p>\n","protected":false},"excerpt":{"rendered":"NETTAVISEN: F\u00f8rste juledag var det premiere p\u00e5 TV 2s nye dramaserie, \u00abFlukten fra Bolivia\u00bb, basert p\u00e5 de virkelige&hellip;\n","protected":false},"author":2,"featured_media":122861,"comment_status":"","ping_status":"","sticky":false,"template":"","format":"standard","meta":{"footnotes":""},"categories":[58],"tags":[36,71,3980,331,30,28,29,1510,1130,72],"class_list":{"0":"post-123207","1":"post","2":"type-post","3":"status-publish","4":"format-standard","5":"has-post-thumbnail","7":"category-underholdning","8":"tag-art","9":"tag-entertainment","10":"tag-janne-formoe","11":"tag-kristiansand","12":"tag-no","13":"tag-norge","14":"tag-norway","15":"tag-story","16":"tag-tv2","17":"tag-underholdning"},"share_on_mastodon":{"url":"https:\/\/pubeurope.com\/@no\/115795919665047380","error":""},"_links":{"self":[{"href":"https:\/\/www.europesays.com\/no\/wp-json\/wp\/v2\/posts\/123207","targetHints":{"allow":["GET"]}}],"collection":[{"href":"https:\/\/www.europesays.com\/no\/wp-json\/wp\/v2\/posts"}],"about":[{"href":"https:\/\/www.europesays.com\/no\/wp-json\/wp\/v2\/types\/post"}],"author":[{"embeddable":true,"href":"https:\/\/www.europesays.com\/no\/wp-json\/wp\/v2\/users\/2"}],"replies":[{"embeddable":true,"href":"https:\/\/www.europesays.com\/no\/wp-json\/wp\/v2\/comments?post=123207"}],"version-history":[{"count":0,"href":"https:\/\/www.europesays.com\/no\/wp-json\/wp\/v2\/posts\/123207\/revisions"}],"wp:featuredmedia":[{"embeddable":true,"href":"https:\/\/www.europesays.com\/no\/wp-json\/wp\/v2\/media\/122861"}],"wp:attachment":[{"href":"https:\/\/www.europesays.com\/no\/wp-json\/wp\/v2\/media?parent=123207"}],"wp:term":[{"taxonomy":"category","embeddable":true,"href":"https:\/\/www.europesays.com\/no\/wp-json\/wp\/v2\/categories?post=123207"},{"taxonomy":"post_tag","embeddable":true,"href":"https:\/\/www.europesays.com\/no\/wp-json\/wp\/v2\/tags?post=123207"}],"curies":[{"name":"wp","href":"https:\/\/api.w.org\/{rel}","templated":true}]}}