{"id":123208,"date":"2025-12-28T07:16:08","date_gmt":"2025-12-28T07:16:08","guid":{"rendered":"https:\/\/www.europesays.com\/no\/123208\/"},"modified":"2025-12-28T07:16:08","modified_gmt":"2025-12-28T07:16:08","slug":"18-ar-gamle-mariam-kara-ali-fra-greaker-i-sarpsborg-har-gitt-ut-ei-diktsamling-nrk-ostfold-lokale-nyheter-tv-og-radio","status":"publish","type":"post","link":"https:\/\/www.europesays.com\/no\/123208\/","title":{"rendered":"18 \u00e5r gamle Mariam Kara Ali fr\u00e5 Gre\u00e5ker i Sarpsborg har gitt ut ei diktsamling \u2013 NRK \u00d8stfold \u2013 Lokale nyheter, TV og radio"},"content":{"rendered":"<p>Saka oppsummert:<\/p>\n<ul>\n<li>Mariam Kara Ali debuterer som 18-\u00e5ring med diktsamlinga \u00abUranus \u2013 En enkel sjel\u00bb, tileigna den avd\u00f8de bestefaren sin.<\/li>\n<li>Ho byrja \u00e5 skrive dikt som 12-\u00e5ring for \u00e5 bearbeide vanskelege kjensler, inspirert av kj\u00e6rleiken bestefaren hadde til poesi.<\/li>\n<li>Diktsamlinga blir utgitt gjennom hybridforlaget Calidris, der ho sj\u00f8lv bidreg \u00f8konomisk til publiseringa.<\/li>\n<li>Kara Ali \u00f8nskjer \u00e5 bryte tabu rundt mental helse og h\u00e5par dikta hennar kan hjelpe andre som har det vanskeleg.<\/li>\n<li>Utgjevinga er uvanleg for ein s\u00e5 ung forfattar.<\/li>\n<\/ul>\n<p>Oppsummeringa er laga av ei KI-teneste fr\u00e5 OpenAI. Innhaldet er kvalitetssikra av journalistar i NRK f\u00f8r publisering.<\/p>\n<p>\u2013 Det kjennest heilt surrealistisk, det m\u00e5 eg \u00e6rleg seie, seier Mariam Kara Ali.<\/p>\n<p>Det starta med eit par ord p\u00e5 ei notatblokk.<\/p>\n<p>Kara Ali var berre 12 \u00e5r gammal da ho kjente behov for \u00e5 skrive tankar og kjensler ned p\u00e5 papir.<\/p>\n<p><strong>N\u00e5 er resultatet klart: Ei fysisk diktsamling, publisert av eit forlag \u2013 dedikert til den avd\u00f8de bestefaren hennar.<\/strong><\/p>\n<p>    \u2190<\/p>\n<ul data-scroll-container=\"\" role=\"list\" aria-label=\"Bildegalleri\">\n<li><img alt=\"en person som holder en bok (Bildebeskrivelsen er laget av en KI-tjeneste)\"  width=\"3840\" height=\"2560\" loading=\"lazy\"\/>\n<p>Boka heiter \u00abUranus \u2013 En enkel sjel\u00bb. Mariam Karla Ali g\u00e5r under forfattarnamnet \u00abCallisto Medina Nyx\u00bb.<\/p>\n<p> Foto: Julie Solvin Borgmo \/ NRK <\/li>\n<li><img alt=\"En person som sitter i en stol (Bildebeskrivelsen er laget av en KI-tjeneste)\"  width=\"3840\" height=\"2560\" loading=\"lazy\"\/>\n<p>\u2013 Eg hadde eit veldig fint band med bestefaren min, men dikta mine er litt m\u00f8rke. Eg torde aldri \u00e5 lese dei for han, seier Kara Ali.<\/p>\n<p> Foto: Julie Solvin Borgmo \/ NRK <\/li>\n<li><img alt=\"Et n\u00e6rbilde av en note (Bildebeskrivelsen er laget av en KI-tjeneste)\"  width=\"3840\" height=\"2560\" loading=\"lazy\"\/>\n<p>Inne i boka st\u00e5r det eit sitat fr\u00e5 bestefaren til Mariam, \u00abEn enkel sjel\u00bb. Sitatet gav inspirasjon til namnet p\u00e5 boka.<\/p>\n<p> Foto: Julie Solvin Borgmo \/ NRK <\/li>\n<\/ul>\n<p>\u2192<\/p>\n<p>\u2013 Bestefar hadde nok blitt overraska over at eg hadde gitt ut ei diktsamling, men eg trur han hadde likt det. Eg h\u00e5par jo det, seier Kara Ali.<\/p>\n<p>\u2013 Er verd prisen<\/p>\n<p>Det heile starta med at bestefaren introduserte henne for det som n\u00e5 er favorittlyrikarane hennar: Hans B\u00f8rli og Einar Skj\u00e6raasen.<\/p>\n<p>Kara Ali forelska seg i poesi, og begynte med diktskriving som ein m\u00e5te \u00e5 bearbeide vonde kjensler.<\/p>\n<p><img decoding=\"async\"   src=\"data:image\/gif;base64,R0lGODlhAQABAIAAAAAAAP\/\/\/yH5BAEAAAAALAAAAAABAAEAAAIBRAA7\" loading=\"eager\" alt=\"En person som sitter foran en bokhylle\" title=\"Foto: Julie Solvin Borgmo \/ NRK\"\/><\/p>\n<p class=\"\">\u2013 Eg elskar B\u00f8rli fordi han skriv s\u00e5 r\u00e5tt og flytande, men samtidig fast, seier Kara Ali. <\/p>\n<p>Foto: Julie Solvin Borgmo \/ NRK<\/p>\n<p><strong>\u2013 Eg elska \u00e5 skrive lange historier som barn, men i ten\u00e5ra begynte eg \u00e5 slite mentalt. Det var da eg begynte \u00e5 skrive dikt, fortel ho.<\/strong><\/p>\n<p>Da bestefaren d\u00f8ydde etter sjukdom sommaren 2024, samla ho saman alle dikta ho hadde skrive i oppveksten og kontakta fleire forlag.<\/p>\n<p>Kara Ali viser fram bilde av bestefaren, som var full av kj\u00e6rleik for dikt og poesi: <\/p>\n<p>    <img alt=\"En person som sitter i en stol (Bildebeskrivelsen er laget av en KI-tjeneste)\"  loading=\"lazy\"\/><img alt=\"en person som holder en bok (Bildebeskrivelsen er laget av en KI-tjeneste)\"  loading=\"lazy\"\/><\/p>\n<p>Etter fleire nei, fekk ho endeleg eit ja \u2013 fr\u00e5 Calidris, eit hybridforlag der ho m\u00e5 finansiere delar av publiseringa sj\u00f8lv.<\/p>\n<p><strong>N\u00f8yaktig pris \u00f8nsker ikkje Kara Ali g\u00e5 ut med, men ho fortel at prisen l\u00e5g mellom 70.000 og 100.000 kroner for \u00e5 f\u00e5 han publisert med rettleiing, korrektur og spr\u00e5kvask.<\/strong><\/p>\n<p>\u2013 Men prisen er det verd. Kunst er det viktigaste vi har. Kjensla av \u00e5 halde boka for f\u00f8rste gong var fantastisk, seier Kara Ali.<\/p>\n<p>Aktuelt for mange<\/p>\n<p>Ann Kristin Espejord, pressekontakt i Calidris Forlag, fortel at dei f\u00e5r mange f\u00f8respurnader fr\u00e5 unge forfattarspirar.<\/p>\n<p><img decoding=\"async\"   src=\"data:image\/gif;base64,R0lGODlhAQABAIAAAAAAAP\/\/\/yH5BAEAAAAALAAAAAABAAEAAAIBRAA7\" loading=\"eager\" alt=\"Ann Kristin Espejord\" title=\"Foto: NRK\"\/><\/p>\n<p class=\"\">Ann Kristin Espejord, pressekontakt i Calidris Forlag.<\/p>\n<p>Foto: NRK<\/p>\n<p>\u2013 Vi er varsame med \u00e5 gi ut noko som ikkje kan vere positivt for dei vidare. Men n\u00e5 har vi stortingsrepresentantar ned i 19-\u00e5rsalderen her i Noreg, s\u00e5 eg tenker at dei ogs\u00e5 burde f\u00e5 lov til \u00e5 gi ut b\u00f8ker dersom det er forsvarleg, seier Espejord.<\/p>\n<p><strong>Ho fortel at diktsamlinga til Mariam Kara Ali har f\u00e5tt fleire gode tilbakemeldingar.<\/strong><\/p>\n<p>\u2013 Vi synest det er spennande og flott at ei s\u00e5pass ung stemme, ogs\u00e5 med st\u00f8tte fr\u00e5 familien sin, har lyst til \u00e5 gi ut noko, seier Espejord.<\/p>\n<p>\u2013 Det er ikkje berre veldig personleg, men ogs\u00e5 veldig aktuelt for veldig mange.<\/p>\n<p>Forfatterforeningen: \u2013 Uvanleg<\/p>\n<p>Bj\u00f8rn Vatne, leiar av Den Norske forfattarforeininga, seier at det er sv\u00e6rt uvanleg \u00e5 gi ut ei bok f\u00f8r ein er 20 \u00e5r gammal.<\/p>\n<p>\u2013 B\u00e5de ved dei store forlaga, og ved sj\u00f8lvpubliseringsforlag og hybridforlag som Calidris, er dette uvanleg, fortel Vatne.<\/p>\n<p><img decoding=\"async\"   src=\"data:image\/gif;base64,R0lGODlhAQABAIAAAAAAAP\/\/\/yH5BAEAAAAALAAAAAABAAEAAAIBRAA7\" loading=\"eager\" alt=\"En mann som smiler foran en bokhylle. \" title=\"Foto: Den norske Forfatterforening\"\/><\/p>\n<p class=\"\">Bj\u00f8rn Vatne, leiar av den norske forfattarforeininga,<\/p>\n<p>Foto: Den norske Forfatterforening<\/p>\n<p>Snittalderen p\u00e5 debutantar hos dei store forlaga ligg mellom 35 og 40 \u00e5r, seier Vatne.<\/p>\n<p><strong>\u2013 Mange \u00f8nsker \u00e5 skaffe seg eit anna yrke og legge seg opp pengar f\u00f8rst, f\u00f8r dei t\u00f8r \u00e5 vie nok tid til \u00e5 skrive. Forfattaryrket er usikkert og ikkje veldig l\u00f8nnsamt for fleirtalet.<\/strong><\/p>\n<p>Han meiner unge forfattarar har ein stor styrke i at dei ikkje veit kva som er \u00abrett\u00bb til ei kvar tid.<\/p>\n<p><strong>\u2013 Dei kjem med nye friske perspektiv, og har ofte stort mot. Risikoviljen kan vere med p\u00e5 \u00e5 skape gode b\u00f8ker, seier Vatne.<\/strong><\/p>\n<p><img decoding=\"async\"   src=\"data:image\/gif;base64,R0lGODlhAQABAIAAAAAAAP\/\/\/yH5BAEAAAAALAAAAAABAAEAAAIBRAA7\" loading=\"eager\" alt=\"en person som ser p\u00e5 en bok (Bildebeskrivelsen er laget av en KI-tjeneste)\" title=\"Foto: Julie Solvin Borgmo \/ NRK\"\/><\/p>\n<p class=\"\">Mariam fortel at ho les mykje, og at b\u00f8ker er ein stor del av livet hennar.<\/p>\n<p>Foto: Julie Solvin Borgmo \/ NRK<\/p>\n<p>Det er viktig at forlag satsar p\u00e5 unge forfattarar, if\u00f8lge Vatne.<\/p>\n<p>\u2013 I v\u00e5r tid, n\u00e5r skjermen lokkar og mykje av skrivearbeidet i samfunnet blir overlate til kunstig intelligens, er det ekstra viktig at vi stimulerer til at ein ny generasjon gode forfattarar veks fram.<\/p>\n<p>Korleis gje ut ei bok?<\/p>\n<ul>\n<li>Les mykje, \u00f2g i sjangrar som er nye for deg.<\/li>\n<li>Skriv mykje fordi det er moro, og ikkje tenk p\u00e5 utgjeving i f\u00f8rste omgang.<\/li>\n<li>N\u00e5r du kjenner deg klar, del teksten med andre, i skrivegrupper eller p\u00e5 nett.<\/li>\n<li>Ein god stad \u00e5 byrje kan vere \u00e5 skrive om noko du veit spesielt mykje om, enten det er eigne erfaringar eller ei interesse du har.<\/li>\n<li>Hald den indre kritikaren din unna i f\u00f8rste omgang, og berre skriv ferdig historia.<\/li>\n<li>Vit at f\u00f8rsteutkasta til sj\u00f8lv etablerte forfattarar ofte er d\u00e5rlege. Det er berre ein kladd, ikkje fortvil!<\/li>\n<li>Skriv om, og skriv om att. Det kan alltid bli litt betre.<\/li>\n<li>N\u00e5r du har kome s\u00e5 langt du klarar p\u00e5 eiga hand, send inn til forlag.<\/li>\n<li>Ver f\u00f8rebudd p\u00e5 avslag, nesten alle f\u00e5r det f\u00f8rst.<\/li>\n<li>Den som til slutt f\u00e5r noko utgjeve, er den som er villig til \u00e5 aldri gje opp fordi skrivinga er ei glede i seg sj\u00f8lv.<\/li>\n<li>Ein proff redakt\u00f8r er gull verd! I tradisjonelle forlag er det ein del av pakken, i andre modellar kan det vere ei tilleggsteneste du betalar for.<\/li>\n<li>Det er \u00f2g mogleg \u00e5 publisere sj\u00f8lv, gjennom forlag som tilbyr slike tenester. Dette inneber meir risiko, sidan det b\u00e5de kostar pengar og krev meir arbeid av deg for \u00e5 f\u00e5 selt boka, men kan \u00f2g gje h\u00f8gare forteneste per bok.<\/li>\n<\/ul>\n<p>Kjelde: Leiar av Den norske Forfatterforening, Bj\u00f8rn Vatne.<\/p>\n<p>\u2013 Mental helse er tabu<\/p>\n<p>Kara Ali innr\u00f8mmer at ho ikkje kjenner mange andre 18-\u00e5ringar som har gitt ut ei diktsamling:<\/p>\n<p><strong>\u2013 Eg f\u00f8ler at eg aldri har greidd \u00e5 identifisere meg med norma. N\u00e5r eg skil meg ut, s\u00e5 kjenner eg meg mykje friarar, seier Kara Ali<\/strong><\/p>\n<p>Sj\u00f8lv om boka n\u00e5 finst i fleire nettbokhandlarar, er det ikkje viktig for Kara Ali \u00e5 tene pengar p\u00e5 prosjektet.<\/p>\n<p><img decoding=\"async\"   src=\"data:image\/gif;base64,R0lGODlhAQABAIAAAAAAAP\/\/\/yH5BAEAAAAALAAAAAABAAEAAAIBRAA7\" loading=\"eager\" alt=\"En person med langt h\u00e5r som ler (Bildebeskrivelsen er laget av en KI-tjeneste)\" title=\"Foto: Julie Solvin Borgmo \/ NRK\"\/><\/p>\n<p class=\"\">\u2013 Eg har eit behov for \u00e5 dele, og \u00e5 uttrykke meg sj\u00f8lv, seier Kari Ali.\n<\/p>\n<p>Foto: Julie Solvin Borgmo \/ NRK<\/p>\n<p>\u2013 Mental helse er framleis tabu for mange, og eg \u00f8nsker \u00e5 vise at det er heilt normalt \u00e5 ha det vanskeleg, seier ho.<\/p>\n<p><strong>Kara Ali er open for \u00e5 gi ut fleire b\u00f8ker, men f\u00f8rst g\u00e5r turen til Universitetet i Oslo etter vidareg\u00e5ande. Der skal ho studere filosofi.<\/strong><\/p>\n<p>\u2013 Det er mykje med samfunnet eg vil endre. Eg skulle \u00f8nske samfunnet var meir nysgjerrig p\u00e5 menneske som tenker annleis, seier Kara Ali bestemt.<\/p>\n<p>\u2013 Eg skulle \u00f8nske at ein var mindre redd for forskjellar.<\/p>\n<p>Publisert<\/p>\n<p>28.12.2025, kl. 07.44<\/p>\n","protected":false},"excerpt":{"rendered":"Saka oppsummert: Mariam Kara Ali debuterer som 18-\u00e5ring med diktsamlinga \u00abUranus \u2013 En enkel sjel\u00bb, tileigna den avd\u00f8de&hellip;\n","protected":false},"author":2,"featured_media":123209,"comment_status":"","ping_status":"","sticky":false,"template":"","format":"standard","meta":{"footnotes":""},"categories":[10],"tags":[20,21,24,25,15,22,23,13,30,28,29,14,16,26,27],"class_list":{"0":"post-123208","1":"post","2":"type-post","3":"status-publish","4":"format-standard","5":"has-post-thumbnail","7":"category-norge","8":"tag-breaking-news","9":"tag-breakingnews","10":"tag-featured-news","11":"tag-featurednews","12":"tag-headlines","13":"tag-latest-news","14":"tag-latestnews","15":"tag-news","16":"tag-no","17":"tag-norge","18":"tag-norway","19":"tag-nyheter","20":"tag-overskrifter","21":"tag-top-stories","22":"tag-topstories"},"share_on_mastodon":{"url":"https:\/\/pubeurope.com\/@no\/115795970159299364","error":""},"_links":{"self":[{"href":"https:\/\/www.europesays.com\/no\/wp-json\/wp\/v2\/posts\/123208","targetHints":{"allow":["GET"]}}],"collection":[{"href":"https:\/\/www.europesays.com\/no\/wp-json\/wp\/v2\/posts"}],"about":[{"href":"https:\/\/www.europesays.com\/no\/wp-json\/wp\/v2\/types\/post"}],"author":[{"embeddable":true,"href":"https:\/\/www.europesays.com\/no\/wp-json\/wp\/v2\/users\/2"}],"replies":[{"embeddable":true,"href":"https:\/\/www.europesays.com\/no\/wp-json\/wp\/v2\/comments?post=123208"}],"version-history":[{"count":0,"href":"https:\/\/www.europesays.com\/no\/wp-json\/wp\/v2\/posts\/123208\/revisions"}],"wp:featuredmedia":[{"embeddable":true,"href":"https:\/\/www.europesays.com\/no\/wp-json\/wp\/v2\/media\/123209"}],"wp:attachment":[{"href":"https:\/\/www.europesays.com\/no\/wp-json\/wp\/v2\/media?parent=123208"}],"wp:term":[{"taxonomy":"category","embeddable":true,"href":"https:\/\/www.europesays.com\/no\/wp-json\/wp\/v2\/categories?post=123208"},{"taxonomy":"post_tag","embeddable":true,"href":"https:\/\/www.europesays.com\/no\/wp-json\/wp\/v2\/tags?post=123208"}],"curies":[{"name":"wp","href":"https:\/\/api.w.org\/{rel}","templated":true}]}}