{"id":123212,"date":"2025-12-28T07:23:09","date_gmt":"2025-12-28T07:23:09","guid":{"rendered":"https:\/\/www.europesays.com\/no\/123212\/"},"modified":"2025-12-28T07:23:09","modified_gmt":"2025-12-28T07:23:09","slug":"russland-ukraina-lavrov-europeiske-styrker-i-ukraina-legitime-mal-for-russland","status":"publish","type":"post","link":"https:\/\/www.europesays.com\/no\/123212\/","title":{"rendered":"Russland, Ukraina | Lavrov: Europeiske styrker i Ukraina legitime m\u00e5l for Russland"},"content":{"rendered":"\n<p>Uttalelsen er publisert av det statlige nyhetsbyr\u00e5et Tass s\u00f8ndag.<\/p>\n<p>\u2013 De europeiske politikernes ambisjoner gj\u00f8r dem bokstavelig talt blinde: Ikke bare bryr de seg ikke om ukrainere, men de virker heller ikke \u00e5 bry seg om sin egen befolkning, sier Lavrov.<\/p>\n<p>Like f\u00f8r jul rapporterte det britiske forsvarsdepartementet at 400.000 russiske soldater har blitt drept eller hardt skadet i Ukraina i 2025.<\/p>\n<p>Samme kilde rapporterte at 1,1 millioner russiske soldater er drept eller hardt skadet siden starten av fullskalainvasjonen, skriver T<a href=\"https:\/\/www.telegraph.co.uk\/world-news\/2025\/12\/23\/russia-attacks-ukraine-energy-infrastructure\/?WT.mc_id=tmgoff_tw_post_news\/2025\/12\/23\/russia-attacks-ukraine-energy-infrastructure\/\" rel=\"Follow nofollow noopener\" target=\"_blank\">he Telegraph.<\/a><\/p>\n<p><b>Les ogs\u00e5: <\/b><a class=\"simple-relation related-teaser article--c-eRUmMG article--c-eRUmMG-fZoQSp-design-nettavisen article--c-eRUmMG-gwthdJ-cv\" href=\"https:\/\/www.nettavisen.no\/splittelse-i-russland-putin-river-kontrakten-i-to\/s\/5-95-2796659\" rel=\"nofollow noopener\" target=\"_blank\">Splittelse i Russland: \u2013 Putin river kontrakten i to<\/a><\/p>\n<p>Lavrov anklager ogs\u00e5 \u2013 uten \u00e5 legge fram bevis for det \u2013 europeiske ledere for \u00e5 v\u00e6re drevet av \u00abambisjoner\u00bb i sitt forhold til myndighetene i Kyiv og for \u00e5 se bort fra folk i Ukraina og i sine egne land.<\/p>\n<p>Under de mye omtalte fredsforhandlingene mellom Ukraina og Russland har sikkerhetsgarantier v\u00e6rt et sentralt punkt for ukrainerne. En foresl\u00e5tt m\u00e5te \u00e5 garantere dette p\u00e5 har v\u00e6rt utstasjonering av europeiske styrker i landet.<\/p>\n<p>Russland har hele veien v\u00e6rt sv\u00e6rt negativ til ideen, og har tidligere uttalt ting som ligner p\u00e5 Lavrovs siste uttalelser.<\/p>\n","protected":false},"excerpt":{"rendered":"Uttalelsen er publisert av det statlige nyhetsbyr\u00e5et Tass s\u00f8ndag. \u2013 De europeiske politikernes ambisjoner gj\u00f8r dem bokstavelig talt&hellip;\n","protected":false},"author":2,"featured_media":123213,"comment_status":"","ping_status":"","sticky":false,"template":"","format":"standard","meta":{"footnotes":""},"categories":[12],"tags":[20,21,24,25,15,22,23,13,30,28,29,14,16,26,27,42,43,44,45],"class_list":{"0":"post-123212","1":"post","2":"type-post","3":"status-publish","4":"format-standard","5":"has-post-thumbnail","7":"category-verden","8":"tag-breaking-news","9":"tag-breakingnews","10":"tag-featured-news","11":"tag-featurednews","12":"tag-headlines","13":"tag-latest-news","14":"tag-latestnews","15":"tag-news","16":"tag-no","17":"tag-norge","18":"tag-norway","19":"tag-nyheter","20":"tag-overskrifter","21":"tag-top-stories","22":"tag-topstories","23":"tag-verden","24":"tag-world","25":"tag-world-news","26":"tag-worldnews"},"share_on_mastodon":{"url":"https:\/\/pubeurope.com\/@no\/115795998036006627","error":""},"_links":{"self":[{"href":"https:\/\/www.europesays.com\/no\/wp-json\/wp\/v2\/posts\/123212","targetHints":{"allow":["GET"]}}],"collection":[{"href":"https:\/\/www.europesays.com\/no\/wp-json\/wp\/v2\/posts"}],"about":[{"href":"https:\/\/www.europesays.com\/no\/wp-json\/wp\/v2\/types\/post"}],"author":[{"embeddable":true,"href":"https:\/\/www.europesays.com\/no\/wp-json\/wp\/v2\/users\/2"}],"replies":[{"embeddable":true,"href":"https:\/\/www.europesays.com\/no\/wp-json\/wp\/v2\/comments?post=123212"}],"version-history":[{"count":0,"href":"https:\/\/www.europesays.com\/no\/wp-json\/wp\/v2\/posts\/123212\/revisions"}],"wp:featuredmedia":[{"embeddable":true,"href":"https:\/\/www.europesays.com\/no\/wp-json\/wp\/v2\/media\/123213"}],"wp:attachment":[{"href":"https:\/\/www.europesays.com\/no\/wp-json\/wp\/v2\/media?parent=123212"}],"wp:term":[{"taxonomy":"category","embeddable":true,"href":"https:\/\/www.europesays.com\/no\/wp-json\/wp\/v2\/categories?post=123212"},{"taxonomy":"post_tag","embeddable":true,"href":"https:\/\/www.europesays.com\/no\/wp-json\/wp\/v2\/tags?post=123212"}],"curies":[{"name":"wp","href":"https:\/\/api.w.org\/{rel}","templated":true}]}}