{"id":123214,"date":"2025-12-28T07:24:21","date_gmt":"2025-12-28T07:24:21","guid":{"rendered":"https:\/\/www.europesays.com\/no\/123214\/"},"modified":"2025-12-28T07:24:21","modified_gmt":"2025-12-28T07:24:21","slug":"teppebomber-hele-organisasjonen-e24","status":"publish","type":"post","link":"https:\/\/www.europesays.com\/no\/123214\/","title":{"rendered":"\u2013 Teppebomber hele organisasjonen \u2013 E24"},"content":{"rendered":"<p class=\"fullWidthDesktop hyperion-css-71ztg2\" data-test-tag=\"lead-text\"><strong>New York City (E24):<\/strong><strong> <\/strong>Spesielt \u00e9n ting opptar oljefondssjefen etter et urolig \u00e5r. Nicolai Tangen sier han maser som en galning. <\/p>\n<p><img decoding=\"async\" class=\"image-asset hyperion-css-13ixcry\" data-test-tag=\"image-asset\" src=\"https:\/\/www.europesays.com\/no\/wp-content\/uploads\/2025\/12\/ff33afb8-932b-484f-896d-5a61f67dcbdf\"  alt=\"Nicolai Tangen, sjef for Oljefondet. \"  loading=\"eager\" fetchpriority=\"high\" style=\"aspect-ratio:1900 \/ 1267\"\/>Nicolai Tangen, sjef for Oljefondet. Foto: Agaton Strom \/ E24Publisert: Publisert: <\/p>\n<p>For mindre enn 3 timer siden<\/p>\n<ul class=\"hyperion-css-pte5x0\">\n<li aria-label=\"link\" class=\"narrow-button hyperion-css-1sz7d3n\">Kopier lenke<\/li>\n<li aria-label=\"link\" class=\"wide-button hyperion-css-1sz7d3n\">Kopier lenke<\/li>\n<li aria-label=\"facebook\" class=\"narrow-button hyperion-css-1sz7d3n\">Del p\u00e5 Facebook<\/li>\n<li aria-label=\"facebook\" class=\"wide-button hyperion-css-1sz7d3n\">Del p\u00e5 Facebook<\/li>\n<li aria-label=\"email\" class=\"narrow-button hyperion-css-1sz7d3n\">Del med e-post<\/li>\n<li aria-label=\"email\" class=\"wide-button hyperion-css-1sz7d3n\">Del med e-post<\/li>\n<\/ul>\n<p class=\"hyperion-css-1lemvax\">Oljefondssjef Nicolai Tangen er i New York og forteller om:<\/p>\n<ul class=\"hyperion-css-pkq1ci\" data-test-tag=\"list\">\n<li class=\"hyperion-css-12h2ush\">Kunstig intelligens-eufori<\/li>\n<li class=\"hyperion-css-12h2ush\">Hvorfor han tar med b\u00e5ndopptaker p\u00e5 hyttetur<\/li>\n<li class=\"hyperion-css-12h2ush\">Aksjemarkedet<\/li>\n<li class=\"hyperion-css-12h2ush\">Teknologikjempenes dominans<\/li>\n<li class=\"hyperion-css-12h2ush\">Elite-middager og Elon Musk<\/li>\n<\/ul>\n<p><a data-test-tag=\"teaser-small:link-internal\" href=\"https:\/\/e24.no\/naeringsliv\/i\/L401zQ\/knallsterkt-shipping-aar-var-lavt-priset\" class=\"imagePosition-top inline hyperion-css-6238vu\" rel=\"nofollow noopener\" target=\"\" aria-label=\"Knallsterkt shipping-\u00e5r: \u2013 Var lavt priset\"><\/p>\n<p>Les p\u00e5 E24+<\/p>\n<p>Knallsterkt shipping-\u00e5r: \u2013 Var lavt priset<\/p>\n<p><\/a>\u00abMorgan Stanley, go home!\u00bb<\/p>\n<p class=\"hyperion-css-1lemvax\">P\u00e5 m\u00f8terommet er det tett mellom folk, PC-er og brusbokser. Hvit kodetekst ruller over svarte PC-skjermer. Toppsjefen er i \u00abfyr og flamme\u00bb, if\u00f8lge kommunikasjonsavdelingen. Det er \u00abTech Day\u00bb p\u00e5 Oljefondets kontorer i New York.<\/p>\n<p class=\"hyperion-css-1lemvax\">Tangen ber om en kjapp rapport fra hver enkelt av dem som sitter rundt bordet. De jobber med \u00e5 l\u00f8se problemer ved hjelp av programmering. <\/p>\n<p class=\"hyperion-css-1lemvax\">\u2013 Morgan StanleyMorgan Stanleyen av verdens st\u00f8rste investeringsbanker skryter av at 20 prosent koderkoder\u00e5 skrive instruksjoner i et programmeringsspr\u00e5k slik at en datamaskin kan utf\u00f8re noe. Hos oss koder 65 prosent av de ansatte, sier Tangen. <\/p>\n<p>\u2013 \u00abTotal maniac\u00bb<\/p>\n<p class=\"hyperion-css-1lemvax\">Hvorfor er det s\u00e5 viktig at de ansatte l\u00e6rer \u00e5 kode? <\/p>\n<p class=\"hyperion-css-1lemvax\">If\u00f8lge Tangen bidrar det til \u00e5 effektivisere og desentraliseredesentralisere\u00e5 spre makt, ansvar eller kontroll fra ett sentralt sted og ut til flere mindre enheter oppgaver. Du er ikke avhengig av at IT-desken skal l\u00f8se problemer lenger, sier han. <\/p>\n<p class=\"hyperion-css-1lemvax\">\u2013 Jeg maser om dette hele tiden, som en \u00abtotal maniac\u00bb.<\/p>\n<p><img decoding=\"async\" class=\"image-asset hyperion-css-u06ts1\" data-test-tag=\"image-asset\" src=\"https:\/\/www.europesays.com\/no\/wp-content\/uploads\/2025\/12\/e85ca1b8-062c-4281-b286-0585eca67883\"  alt=\"\"  loading=\"eager\" fetchpriority=\"high\" style=\"aspect-ratio:1900 \/ 1267\"\/> Foto: Agaton Strom \/ E24<\/p>\n<p class=\"hyperion-css-1lemvax\">Han er opptatt av \u00e5 rekruttere folk med teknisk kompetanse og ha arrangementer som dette for \u00e5 \u00f8ke kompetansen ytterligere. <\/p>\n<p class=\"hyperion-css-1lemvax\">\u2013 Vi bare teppebomber hele organisasjonen, sier Tangen og g\u00e5r videre til et nytt m\u00f8terom. <\/p>\n<p class=\"hyperion-css-1lemvax\">Det er mer \u00e5 ta tak i. Snart er 2025 i bakspeilet. Det har v\u00e6rt et turbulent \u00e5r for oljefondssjefen, med <a data-test-tag=\"internal-link\" href=\"https:\/\/e24.no\/naeringsliv\/i\/JOWE7m\/oljefondssjefen-jeg-er-bare-en-ydmyk-tjener\" class=\"hyperion-css-1rezu2g\" rel=\"nofollow noopener\" target=\"\" aria-label=\"Israel-kritikk\">Israel-kritikk<\/a>, <a data-test-tag=\"internal-link\" href=\"https:\/\/e24.no\/boers-og-finans\/i\/rP3w5e\/elon-musk-til-nicolai-tangen-i-hemmelige-sms-er-ikke-be-meg-om-noe-foer-du-har-gjort-opp-for-deg\" class=\"hyperion-css-1rezu2g\" rel=\"nofollow noopener\" target=\"\" aria-label=\"Elon Musk-meldinger\">Elon Musk-meldinger<\/a> og <a data-test-tag=\"internal-link\" href=\"https:\/\/e24.no\/internasjonal-oekonomi\/i\/8qK2zQ\/dette-er-trumps-tollplan\" class=\"hyperion-css-1rezu2g\" rel=\"nofollow noopener\" target=\"\" aria-label=\"tollsjokk\">tollsjokk<\/a>. <\/p>\n<p class=\"hyperion-css-1lemvax\">Kanskje Tangen vil se inn i sp\u00e5kulen for 2026?<\/p>\n<p>Bommet p\u00e5 hyttetur<\/p>\n<p class=\"hyperion-css-1lemvax\">Se for deg at du er p\u00e5 hyttetur og sitter foran peisen. Det er tid for quiz, men i stedet drar en av vennene dine opp en b\u00e5ndopptaker. <\/p>\n<p class=\"hyperion-css-1lemvax\">Slik er det p\u00e5 Tangens \u00e5rlige hyttetur. <\/p>\n<p class=\"hyperion-css-1lemvax\">\u2013 Dette er ganske smarte folk alts\u00e5, sier Tangen om vennene sine. <\/p>\n<p class=\"hyperion-css-1lemvax\">De pr\u00f8vde nylig \u00e5 forutse hva som kommer til \u00e5 skje det neste \u00e5ret. <\/p>\n<p class=\"hyperion-css-1lemvax\">\u2013 Vi tar dette opp p\u00e5 lydb\u00e5nd. Ogs\u00e5 spilte vi av det vi hadde sp\u00e5dd i fjor. <\/p>\n<p class=\"hyperion-css-1lemvax\">\u2013 Ja?<\/p>\n<p class=\"hyperion-css-1lemvax\">\u2013 80 prosent feil. <\/p>\n<p>\u2013 Helt meningsl\u00f8st<\/p>\n<p class=\"hyperion-css-1lemvax\">Dette var et par uker f\u00f8r valget i USA. <\/p>\n<p class=\"hyperion-css-1lemvax\">\u2013 Vi hadde ikke tippet at Trump skulle vinne valget. Vi hadde ikke forutsett tariffer. Ikke det nye forholdet mellom USA og Europa. Og heller ikke det som kom til \u00e5 skje i Kina eller India. <\/p>\n<p class=\"hyperion-css-1lemvax\">Hvis Tangen hadde visst at Donald Trumps tollsjokk skulle komme, hadde han tenkt at aksjemarkedet ville falle 25 prosent, sier han. I stedet har det steget 15 prosent. <\/p>\n<p><img decoding=\"async\" class=\"image-asset hyperion-css-u06ts1\" data-test-tag=\"image-asset\" src=\"https:\/\/www.europesays.com\/no\/wp-content\/uploads\/2025\/12\/a9445773-c2ed-4cd5-8ee5-ee449175ca83\"  alt=\"\"  loading=\"eager\" fetchpriority=\"high\" style=\"aspect-ratio:1900 \/ 2848\"\/> Foto: Agaton Strom \/ E24<\/p>\n<p class=\"hyperion-css-1lemvax\">\u2013 S\u00e5 det er helt meningsl\u00f8st \u00e5 fors\u00f8ke \u00e5 sp\u00e5. Derfor handler det om \u00e5 f\u00e5 farten opp i bedriften, slik at du kan f\u00f8lge med og forandre deg n\u00e5r verden forandrer seg. <\/p>\n<p>Dette blir viktig<\/p>\n<p class=\"hyperion-css-1lemvax\">Likevel trekker Tangen frem overordnede temaer som kan bli viktig for aksjemarkedet i \u00e5ret som kommer: <\/p>\n<p class=\"hyperion-css-1lemvax\">\u2013 P\u00e5 den negative siden har du geopolitikk og tollbarrierer. P\u00e5 den positive siden er kunstig intelligens som drar effektiviteten i hele samfunnet. Og effektivitet er viktig for aksjemarkedet, sier Tangen. <\/p>\n<p class=\"hyperion-css-1lemvax\">Aksjemarkedet har i \u00e5r n\u00e5dd stadig nye h\u00f8yder. Gigantiske investeringer i kunstig intelligens ligger bak. Flere <a data-test-tag=\"internal-link\" href=\"https:\/\/e24.no\/boers-og-finans\/i\/vgvq4w\/the-big-short-investor-noen-ganger-ser-vi-bobler\" class=\"hyperion-css-1rezu2g\" rel=\"nofollow noopener\" target=\"\" aria-label=\"snakker \">snakker <\/a>om en <a data-test-tag=\"internal-link\" href=\"https:\/\/e24.no\/teknologi\/i\/LMyvbP\/google-sjefen-om-ai-boble-ingen-selskaper-er-immune\" class=\"hyperion-css-1rezu2g\" rel=\"nofollow noopener\" target=\"\" aria-label=\"AI-boble\">AI-boble<\/a>. <\/p>\n<p class=\"hyperion-css-1lemvax\">\u2013 Mener du det er fallh\u00f8yde i markedet n\u00e5?<\/p>\n<p class=\"hyperion-css-1lemvax\">\u2013 Det er vanskelig \u00e5 si, men om det er fallh\u00f8yde s\u00e5 er det positivt at det kommer mye kapital inn i AI-infrastrukturAI-infrastrukturalt det tekniske som trengs for at kunstig intelligens skal kunne utvikles, trenes og brukes i praksis, for eksempel kraftige datasentre. <\/p>\n<p>\u2013 Knotete<\/p>\n<p class=\"hyperion-css-1lemvax\">Teknologikjempene dominerer aksjemarkedet \u2013 og dermed Oljefondets aksjeportef\u00f8lje. <\/p>\n<p class=\"hyperion-css-1lemvax\">\u2013 Bekymrer denne dominansen deg? <\/p>\n<p class=\"hyperion-css-1lemvax\">\u2013 Ja, det har skjedd en enorm konsentrasjon i aksjemarkedet. Og for \u00e5 zoome mer ut, s\u00e5 skjer det en konsentrasjon alle steder i samfunnet. <\/p>\n<p class=\"hyperion-css-1lemvax\">Han trekker frem alt fra n\u00e6ringsliv til musikk og fotball. <\/p>\n<p class=\"hyperion-css-1lemvax\">\u2013 S\u00e5 skjer det i teknologi mer enn andre steder, og s\u00e6rlig i slike plattformselskaperplattformselskaperselskaper som skaper en plattform der to eller flere grupper av brukere kan m\u00f8tes og utveksle varer, tjenester, data eller informasjon.. <\/p>\n<p class=\"hyperion-css-1lemvax\">Han peker p\u00e5 Facebook, og sier at grunnen til at du er p\u00e5 Facebook er fordi alle er det. <\/p>\n<p class=\"hyperion-css-1lemvax\">\u2013 Det at det blir stort gj\u00f8r at det blir enda st\u00f8rre. Og innen kunstig intelligens enda mer fordi det er s\u00e5 dyrt \u00e5 utvikle slike modeller. <\/p>\n<p><img decoding=\"async\" class=\"image-asset hyperion-css-u06ts1\" data-test-tag=\"image-asset\" src=\"https:\/\/www.europesays.com\/no\/wp-content\/uploads\/2025\/12\/bf4f48dc-d1fc-4db3-8a50-99e6775b1b12\"  alt=\"Superstjerne og milliard\u00e6r Taylor Swift er et eksempel p\u00e5 det Nicolai Tangen mener er en trend i samfunnet. At noe eller noen blir store, gj\u00f8r at de blir enda st\u00f8rre. \"  loading=\"eager\" fetchpriority=\"high\" style=\"aspect-ratio:1900 \/ 1267\"\/>Superstjerne og milliard\u00e6r Taylor Swift er et eksempel p\u00e5 det Nicolai Tangen mener er en trend i samfunnet. At noe eller noen blir store, gj\u00f8r at de blir enda st\u00f8rre. Foto: Jordan Strauss \/ AP \/ NTB<\/p>\n<p class=\"hyperion-css-1lemvax\">Tangen mener aksjemarkedet har v\u00e6rt godt i \u00e5r. Han omtaler Donald Trumps tollsjokk i april som \u00aben liten svingning\u00bb. <\/p>\n<p class=\"hyperion-css-1lemvax\">\u2013 Ellers har det ikke v\u00e6rt s\u00e5 mye svingninger. Det har v\u00e6rt et ganske stabilt marked. Det var knotete akkurat rundt de tariffene, men ellers har det v\u00e6rt \u00e5lreit. <\/p>\n<p>Elitemiddager<\/p>\n<p class=\"hyperion-css-1lemvax\">Oljefondets kontorer p\u00e5 Manhattan ligger like ved \u00abNew York Public Library\u00bb, et av verdens st\u00f8rste offentlige bibliotek.  <\/p>\n<p class=\"hyperion-css-1lemvax\">I omr\u00e5det finner man de viktigste toppsjefene i verden. <\/p>\n<p class=\"hyperion-css-1lemvax\">Og Tangen m\u00f8ter flere av dem til middag. <\/p>\n<p class=\"hyperion-css-1lemvax\">Hvordan foreg\u00e5r egentlig dette? <\/p>\n<p class=\"hyperion-css-1lemvax\">\u2013 Vi inviterer seks til \u00e5tte toppledere. Konseptet er at folk kommer klokken 18. Vi setter oss ned med en gang, og s\u00e5 er det en samtale rundt bordet. Klokken 20 er de ute. Det er et veldig popul\u00e6rt konsept her. <\/p>\n<p class=\"hyperion-css-1lemvax\">N\u00e5r Tangen sier \u00aben samtale rundt bordet\u00bb, betyr det at en toppsjef snakker om gangen om viktige temaer som opptar dem om dagen. Toppsjefene i Johnson &amp; Johnson og IBM er blant dem Tangen m\u00f8ter disse dagene, opplyser han. <\/p>\n<p>Tangens tre nei<\/p>\n<p class=\"hyperion-css-1lemvax\">Spesielt \u00e9n middagsinvitasjon har f\u00e5tt mye oppmerksomhet. <\/p>\n<p class=\"hyperion-css-1lemvax\">Tangen inviterte Tesla-sjef Elon Musk til middag og konferanse i Oslo. Verdens rikeste var positiv, f\u00f8r Oljefondet stemte mot en gigantisk l\u00f8nnspakke han ville ha. Det reagerte Musk kraftig p\u00e5.<\/p>\n<p><img decoding=\"async\" class=\"image-asset hyperion-css-u06ts1\" data-test-tag=\"image-asset\" src=\"https:\/\/www.europesays.com\/no\/wp-content\/uploads\/2025\/12\/06ea310d-5d17-478a-9814-cf0f8965e171\"  alt=\"Tesla-sjef Elon Musk\"  loading=\"eager\" fetchpriority=\"high\" style=\"aspect-ratio:1900 \/ 1267\"\/>Tesla-sjef Elon Musk Foto: Evelyn Hockstein \/ Reuters \/ NTB<\/p>\n<p class=\"hyperion-css-1lemvax\">I dag vil ikke Tangen snakke om saken. <\/p>\n<p class=\"hyperion-css-1lemvax\">\u2013 Har du et forhold til Elon Musk i dag?<\/p>\n<p class=\"hyperion-css-1lemvax\">\u2013 Nei. <\/p>\n<p class=\"hyperion-css-1lemvax\">\u2013 Har du h\u00f8rt noe fra Musk etter at Oljefondet <a data-test-tag=\"internal-link\" href=\"https:\/\/e24.no\/boers-og-finans\/i\/Eyd0p3\/oljefondet-stemmer-mot-tesla-sjefens-loennspakke\" class=\"hyperion-css-1rezu2g\" rel=\"nofollow noopener\" target=\"\">stemte nei p\u00e5 l\u00f8nnspakken hans i \u00e5r<\/a>?<\/p>\n<p class=\"hyperion-css-1lemvax\">\u2013 Nei. <\/p>\n<p class=\"hyperion-css-1lemvax\">\u2013 S\u00e5 det kom ikke like mye reaksjoner som ved forrige runde?<\/p>\n<p class=\"hyperion-css-1lemvax\">\u2013 Nei. <\/p>\n<p><a data-test-tag=\"teaser-small:link-internal\" href=\"https:\/\/e24.no\/naeringsliv\/i\/JOWE7m\/oljefondssjefen-jeg-er-bare-en-ydmyk-tjener\" class=\"imagePosition-top inline hyperion-css-6238vu\" rel=\"nofollow noopener\" target=\"\" aria-label=\"Oljefondssjefen: \u2013 Jeg er bare en ydmyk tjener\"><\/p>\n<p>Les ogs\u00e5<\/p>\n<p>Oljefondssjefen: \u2013 Jeg er bare en ydmyk tjener<\/p>\n<p><\/a><a data-test-tag=\"teaser-small:link-internal\" href=\"https:\/\/e24.no\/karriere-og-ledelse\/i\/zAqPXv\/oljefondssjefen-i-hittil-ukjent-bok-hadde-det-helt-forferdelig\" class=\"imagePosition-top inline hyperion-css-6238vu\" rel=\"nofollow noopener\" target=\"\" aria-label=\"Oljefondssjefen i hittil ukjent bok: \u2013 Hadde det helt forferdelig\"><\/p>\n<p>Les ogs\u00e5<\/p>\n<p>Oljefondssjefen i hittil ukjent bok: \u2013 Hadde det helt forferdelig<\/p>\n<p><\/a><\/p>\n","protected":false},"excerpt":{"rendered":"New York City (E24): Spesielt \u00e9n ting opptar oljefondssjefen etter et urolig \u00e5r. Nicolai Tangen sier han maser&hellip;\n","protected":false},"author":2,"featured_media":123215,"comment_status":"","ping_status":"","sticky":false,"template":"","format":"standard","meta":{"footnotes":""},"categories":[10],"tags":[20,21,24,25,15,22,23,13,30,28,29,14,16,26,27],"class_list":{"0":"post-123214","1":"post","2":"type-post","3":"status-publish","4":"format-standard","5":"has-post-thumbnail","7":"category-norge","8":"tag-breaking-news","9":"tag-breakingnews","10":"tag-featured-news","11":"tag-featurednews","12":"tag-headlines","13":"tag-latest-news","14":"tag-latestnews","15":"tag-news","16":"tag-no","17":"tag-norge","18":"tag-norway","19":"tag-nyheter","20":"tag-overskrifter","21":"tag-top-stories","22":"tag-topstories"},"share_on_mastodon":{"url":"https:\/\/pubeurope.com\/@no\/115796002100085325","error":""},"_links":{"self":[{"href":"https:\/\/www.europesays.com\/no\/wp-json\/wp\/v2\/posts\/123214","targetHints":{"allow":["GET"]}}],"collection":[{"href":"https:\/\/www.europesays.com\/no\/wp-json\/wp\/v2\/posts"}],"about":[{"href":"https:\/\/www.europesays.com\/no\/wp-json\/wp\/v2\/types\/post"}],"author":[{"embeddable":true,"href":"https:\/\/www.europesays.com\/no\/wp-json\/wp\/v2\/users\/2"}],"replies":[{"embeddable":true,"href":"https:\/\/www.europesays.com\/no\/wp-json\/wp\/v2\/comments?post=123214"}],"version-history":[{"count":0,"href":"https:\/\/www.europesays.com\/no\/wp-json\/wp\/v2\/posts\/123214\/revisions"}],"wp:featuredmedia":[{"embeddable":true,"href":"https:\/\/www.europesays.com\/no\/wp-json\/wp\/v2\/media\/123215"}],"wp:attachment":[{"href":"https:\/\/www.europesays.com\/no\/wp-json\/wp\/v2\/media?parent=123214"}],"wp:term":[{"taxonomy":"category","embeddable":true,"href":"https:\/\/www.europesays.com\/no\/wp-json\/wp\/v2\/categories?post=123214"},{"taxonomy":"post_tag","embeddable":true,"href":"https:\/\/www.europesays.com\/no\/wp-json\/wp\/v2\/tags?post=123214"}],"curies":[{"name":"wp","href":"https:\/\/api.w.org\/{rel}","templated":true}]}}