{"id":123216,"date":"2025-12-28T07:25:38","date_gmt":"2025-12-28T07:25:38","guid":{"rendered":"https:\/\/www.europesays.com\/no\/123216\/"},"modified":"2025-12-28T07:25:38","modified_gmt":"2025-12-28T07:25:38","slug":"vogntog-med-utstyr-til-dei-straumlause-i-grofta-utruleg-uflaks-bygdanytt-no","status":"publish","type":"post","link":"https:\/\/www.europesays.com\/no\/123216\/","title":{"rendered":"Vogntog med utstyr til dei straumlause i gr\u00f8fta: \u2013 Utruleg uflaks &#8211; bygdanytt.no"},"content":{"rendered":"<ol>\n<li><a href=\"https:\/\/news.google.com\/rss\/articles\/CBMiiAFBVV95cUxONlI3SkxTaURhb1U4YTBZZFFqTVFJajlLVDZoUklGb2R2TU53aG05eG42T0gtaVlrRFF6eGFYN3hrelVsQTJzLUlNOVFHRm43eEF5T3l5LXphZzZhUS1TRWJ3OXdXV3lOYnM3ekY3bWltRGlEUzZ2TWdpYkxLbHJ0VUdOWjlDV0JU?oc=5\" target=\"_blank\" rel=\"nofollow noopener\">Vogntog med utstyr til dei straumlause i gr\u00f8fta: \u2013 Utruleg uflaks<\/a>&nbsp;&nbsp;bygdanytt.no<\/li>\n<li><a href=\"https:\/\/news.google.com\/rss\/articles\/CBMivwFBVV95cUxNdjRJVEI5emkyV2h6SWcwNEhTaTZxT1IySDNCdFlxTFowZjg2U1RpaFFyOV93VzBCdG5scUFOYms0SUJOMk0teEdFWmR1X1ctYlNkd0tyWG1rUVhDOVJ1bFZMaVRPcmViUUJIQXpiZXhlZEthZnVjRjJvQWsySlh3ZTdvUFN6Y1o0QS14OFN2cmhsU1o5ZDJQWjVYZnB3c05HX1FpRmhYV0FvN1QydlRVTU41VjdiOXdRNXhzYmFhaw?oc=5\" target=\"_blank\" rel=\"nofollow noopener\">Melkebil p\u00e5 glattisen meide ned str\u00f8mstolpen. Da hjelpen kom, havnet den selv i gr\u00f8ftekanten.<\/a>&nbsp;&nbsp;Bergensavisen<\/li>\n<li><a href=\"https:\/\/news.google.com\/rss\/articles\/CBMihgFBVV95cUxPejdVVWpCanJydF8tQ2FMQ0szY0xQaG1xR2NWOTZ6b2dSenZoYnlOQ2VLOHk3VjNtZXhwbWhucmh5Qlpib0VLMld6M2JhcjZaUDB4b2FqbnNOTVFVRWNGLWRFb0hiWWtxZHVGbFJiSXlNX2FlWVlXNm1MWndrVjRoRHg1RnZHdw?oc=5\" target=\"_blank\" rel=\"nofollow noopener\">Politiet: \u2013 Ekstremt glatt<\/a>&nbsp;&nbsp;Bergens Tidende<\/li>\n<li><a href=\"https:\/\/news.google.com\/rss\/articles\/CBMiqwFBVV95cUxNOGViSlZ1OHJuNERHcGh4bkNTTDlHdTVJMWNaZXE4TjdtMVcxSXdyNGVyYmFMSzVVTk9jTDE5ZFBYZ1RfaDNTQm5zazc0VEVDaTdmX3JlVlQwX2tQODFMV254VG5wVVdLTWlMeTlGOWFfR0VoU2ZxZTBQNHRzYVl4NFB5NjhBSVQ4eFJubzVxNzV4ZFdSNERtNGpMWldBc2FGeV91UUpQSDdSVGc?oc=5\" target=\"_blank\" rel=\"nofollow noopener\">Melkebil skled av veien: \u2013 Ekstremt glatt<\/a>&nbsp;&nbsp;TV2.no<\/li>\n<li><a href=\"https:\/\/news.google.com\/rss\/articles\/CBMid0FVX3lxTE0wWm9sQXpOdzUyYTJUeHpoUDZ2SWpac1NBMF9QR3Q0WmlSeURvZHlsTWZ0Mk5EMk5peDJ4ZTlvRHFGaFVQU2ZWNzdxNGZHX3pqajVyYzg3Y21lc3RYVm1VcmtreURRSUZrWS1qcEkxVjFLYUFqM2xJ?oc=5\" target=\"_blank\" rel=\"nofollow noopener\">Mj\u00f8lkebil sklei inn i h\u00f8gspentmast \u2013 brannvesenet blei \u00abfanga\u00bb p\u00e5 toppen<\/a>&nbsp;&nbsp;bygdanytt.no<\/li>\n<\/ol>\n","protected":false},"excerpt":{"rendered":"Vogntog med utstyr til dei straumlause i gr\u00f8fta: \u2013 Utruleg uflaks&nbsp;&nbsp;bygdanytt.no Melkebil p\u00e5 glattisen meide ned str\u00f8mstolpen. Da&hellip;\n","protected":false},"author":2,"featured_media":123217,"comment_status":"","ping_status":"","sticky":false,"template":"","format":"standard","meta":{"footnotes":""},"categories":[5],"tags":[20,21,24,25,15,19,22,23,17,18,13,30,28,29,14,16,26,27],"class_list":{"0":"post-123216","1":"post","2":"type-post","3":"status-publish","4":"format-standard","5":"has-post-thumbnail","7":"category-overskrifter","8":"tag-breaking-news","9":"tag-breakingnews","10":"tag-featured-news","11":"tag-featurednews","12":"tag-headlines","13":"tag-hovedoppslag","14":"tag-latest-news","15":"tag-latestnews","16":"tag-main-news","17":"tag-mainnews","18":"tag-news","19":"tag-no","20":"tag-norge","21":"tag-norway","22":"tag-nyheter","23":"tag-overskrifter","24":"tag-top-stories","25":"tag-topstories"},"share_on_mastodon":{"url":"https:\/\/pubeurope.com\/@no\/115796005560174733","error":""},"_links":{"self":[{"href":"https:\/\/www.europesays.com\/no\/wp-json\/wp\/v2\/posts\/123216","targetHints":{"allow":["GET"]}}],"collection":[{"href":"https:\/\/www.europesays.com\/no\/wp-json\/wp\/v2\/posts"}],"about":[{"href":"https:\/\/www.europesays.com\/no\/wp-json\/wp\/v2\/types\/post"}],"author":[{"embeddable":true,"href":"https:\/\/www.europesays.com\/no\/wp-json\/wp\/v2\/users\/2"}],"replies":[{"embeddable":true,"href":"https:\/\/www.europesays.com\/no\/wp-json\/wp\/v2\/comments?post=123216"}],"version-history":[{"count":0,"href":"https:\/\/www.europesays.com\/no\/wp-json\/wp\/v2\/posts\/123216\/revisions"}],"wp:featuredmedia":[{"embeddable":true,"href":"https:\/\/www.europesays.com\/no\/wp-json\/wp\/v2\/media\/123217"}],"wp:attachment":[{"href":"https:\/\/www.europesays.com\/no\/wp-json\/wp\/v2\/media?parent=123216"}],"wp:term":[{"taxonomy":"category","embeddable":true,"href":"https:\/\/www.europesays.com\/no\/wp-json\/wp\/v2\/categories?post=123216"},{"taxonomy":"post_tag","embeddable":true,"href":"https:\/\/www.europesays.com\/no\/wp-json\/wp\/v2\/tags?post=123216"}],"curies":[{"name":"wp","href":"https:\/\/api.w.org\/{rel}","templated":true}]}}