{"id":123218,"date":"2025-12-28T07:31:15","date_gmt":"2025-12-28T07:31:15","guid":{"rendered":"https:\/\/www.europesays.com\/no\/123218\/"},"modified":"2025-12-28T07:31:15","modified_gmt":"2025-12-28T07:31:15","slug":"mittjessheim-jessheim-truet-med-kniv-skutt-med-elektrosjokkvapen","status":"publish","type":"post","link":"https:\/\/www.europesays.com\/no\/123218\/","title":{"rendered":"Mittjessheim, Jessheim | Truet med kniv \u2013 skutt med elektrosjokkv\u00e5pen"},"content":{"rendered":"\n<p>Ved 03.30-tiden s\u00f8ndag ble en mann i 40-\u00e5rene p\u00e5grepet i Jessheim sentrum.<\/p>\n<p>Han hadde truet forbipasserende med en tapetkniv, melder oppdragsleder Mathias Eckhoff i \u00d8st politidistrikt.<\/p>\n<p>Hendelsen ble observert av en politipatrulje.<\/p>\n<p>Mannen etterkom ikke politiets p\u00e5legg om \u00e5 slippe kniven og ble skutt med elektrosjokkv\u00e5pen, opplyser Eckhoff.<\/p>\n<p>Ingen personer ble skadet.<\/p>\n<p>Mannen ble p\u00e5grepet og politiet oppretter sak etter hendelsen.<\/p>\n<p>  <a href=\"https:\/\/www.rb.no\/5-43-2642627\" class=\"related-teaser has-image default-story-teaser article--c-eRUmMG article--c-eRUmMG-jKCPdD-design-default\" wp_automatic_readability=\"1\" rel=\"nofollow noopener\" target=\"_blank\"><\/p>\n<p>    For abonnenter<\/p>\n<p>    <img decoding=\"async\" loading=\"lazy\"  src=\"https:\/\/www.europesays.com\/no\/wp-content\/uploads\/2025\/12\/DSC_9588.JPG\" alt=\"\" class=\"brick-c-cFOWSL\" style=\"\"\/><\/p>\n<p>\n            Les ogs\u00e5<\/p>\n<p>  Skal ha kappkj\u00f8rt i h\u00f8y hastighet \u2013 tre personer p\u00e5grepet etter trafikkulykke<\/p>\n<p>  <\/a><\/p>\n<p>  <a href=\"https:\/\/www.rb.no\/5-43-2642263\" class=\"related-teaser has-image default-story-teaser article--c-eRUmMG article--c-eRUmMG-jKCPdD-design-default\" wp_automatic_readability=\"1\" rel=\"nofollow noopener\" target=\"_blank\"><\/p>\n<p>    For abonnenter<\/p>\n<p>    <img decoding=\"async\" loading=\"lazy\"  src=\"https:\/\/www.europesays.com\/no\/wp-content\/uploads\/2025\/12\/IMG_9683.jpg\" alt=\"\" class=\"brick-c-cFOWSL\" style=\"\"\/><\/p>\n<p>\n            Les ogs\u00e5<\/p>\n<p>  Gladmelding til badegjestene: Det kommer ny sklie p\u00e5 Nebben til sommeren <\/p>\n<p>  <\/a><\/p>\n","protected":false},"excerpt":{"rendered":"Ved 03.30-tiden s\u00f8ndag ble en mann i 40-\u00e5rene p\u00e5grepet i Jessheim sentrum. Han hadde truet forbipasserende med en&hellip;\n","protected":false},"author":2,"featured_media":7393,"comment_status":"","ping_status":"","sticky":false,"template":"","format":"standard","meta":{"footnotes":""},"categories":[10],"tags":[36,20,21,24,25,15,1921,22,23,1920,13,30,28,29,14,16,254,1510,26,27],"class_list":{"0":"post-123218","1":"post","2":"type-post","3":"status-publish","4":"format-standard","5":"has-post-thumbnail","7":"category-norge","8":"tag-art","9":"tag-breaking-news","10":"tag-breakingnews","11":"tag-featured-news","12":"tag-featurednews","13":"tag-headlines","14":"tag-jessheim","15":"tag-latest-news","16":"tag-latestnews","17":"tag-mittjessheim","18":"tag-news","19":"tag-no","20":"tag-norge","21":"tag-norway","22":"tag-nyheter","23":"tag-overskrifter","24":"tag-politi","25":"tag-story","26":"tag-top-stories","27":"tag-topstories"},"share_on_mastodon":{"url":"https:\/\/pubeurope.com\/@no\/115796029406767619","error":""},"_links":{"self":[{"href":"https:\/\/www.europesays.com\/no\/wp-json\/wp\/v2\/posts\/123218","targetHints":{"allow":["GET"]}}],"collection":[{"href":"https:\/\/www.europesays.com\/no\/wp-json\/wp\/v2\/posts"}],"about":[{"href":"https:\/\/www.europesays.com\/no\/wp-json\/wp\/v2\/types\/post"}],"author":[{"embeddable":true,"href":"https:\/\/www.europesays.com\/no\/wp-json\/wp\/v2\/users\/2"}],"replies":[{"embeddable":true,"href":"https:\/\/www.europesays.com\/no\/wp-json\/wp\/v2\/comments?post=123218"}],"version-history":[{"count":0,"href":"https:\/\/www.europesays.com\/no\/wp-json\/wp\/v2\/posts\/123218\/revisions"}],"wp:featuredmedia":[{"embeddable":true,"href":"https:\/\/www.europesays.com\/no\/wp-json\/wp\/v2\/media\/7393"}],"wp:attachment":[{"href":"https:\/\/www.europesays.com\/no\/wp-json\/wp\/v2\/media?parent=123218"}],"wp:term":[{"taxonomy":"category","embeddable":true,"href":"https:\/\/www.europesays.com\/no\/wp-json\/wp\/v2\/categories?post=123218"},{"taxonomy":"post_tag","embeddable":true,"href":"https:\/\/www.europesays.com\/no\/wp-json\/wp\/v2\/tags?post=123218"}],"curies":[{"name":"wp","href":"https:\/\/api.w.org\/{rel}","templated":true}]}}