{"id":123221,"date":"2025-12-28T07:40:15","date_gmt":"2025-12-28T07:40:15","guid":{"rendered":"https:\/\/www.europesays.com\/no\/123221\/"},"modified":"2025-12-28T07:40:15","modified_gmt":"2025-12-28T07:40:15","slug":"advarer-nordmenn-i-spania-flere-som-ikke-kommer-seg-hjem","status":"publish","type":"post","link":"https:\/\/www.europesays.com\/no\/123221\/","title":{"rendered":"Advarer nordmenn i Spania: &#8211; Flere som ikke kommer seg hjem"},"content":{"rendered":"<p class=\"kicker font-weight-black m-font-weight-black align-left mobile_text_align_align-left\" style=\"\">R\u00f8dt varevarsel:\u00a0<\/p>\n<p>    Norsk UD advarer nordmenn i disse omr\u00e5dene, i p\u00e5vente av kraftig nedb\u00f8r.\u00a0<\/p>\n<p>\n        R\u00d8DT: Det er sendt ut r\u00f8dt, oransje og gult farevarsel for kraftig nedb\u00f8r flere steder langs s\u00f8rkysten i Spania.<br \/>\n        Grafikk\/Aemet\n    <\/p>\n<p>Det spansk meteorologiske instituttet Aemet har hevet farevarselet til r\u00f8dt niv\u00e5 for kraftig regn p\u00e5 Costa del Sol og i Guadalhorce-omr\u00e5det i M\u00e1laga-provinsen.<\/p>\n<p class=\"font-weight-black m-font-weight-black\" data-lab-font_weight=\"font-weight-black\">Varslet gjelder nedb\u00f8rsmengder p\u00e5 opptil 120 liter per kvadratmeter i l\u00f8pet av tolv timer, if\u00f8lge Aemet.\u00a0<\/p>\n<p class=\"font-weight-black m-font-weight-black\" data-lab-font_weight=\"font-weight-black\">&#8211; Det er meldt kraftige nedb\u00f8rsmengder i omr\u00e5dene Sol og Guadalhorce. Det er fare for plutselige vannmengder og flom. Unng\u00e5 elveleier og omr\u00e5der som kan oversv\u00f8mmes. V\u00e6r sv\u00e6rt forsiktig og f\u00f8lg r\u00e5dene fra spanske myndigheter, skriver den norske ambassaden i en melding p\u00e5 Facebook l\u00f8rdag kveld.\u00a0\u00a0<\/p>\n<p>Spanske myndigheter har sendt ut n\u00f8dvarsel til mobiltelefoner i omr\u00e5dene som forventes rammet, skriver flere spanske medier.\u00a0<\/p>\n<p>If\u00f8lge Aemet skal det kraftigste regnet treffe s\u00e6rlig rundt Sierra de las Nieves.<\/p>\n<p>R\u00f8dt varsel skal etter planen gjelde til klokken 04.00. Resten av provinsen ligger p\u00e5 oransje niv\u00e5.<\/p>\n<p>I meldingen som gikk ut rundt klokken 21.00, ber myndighetene folk v\u00e6re ekstra forsiktige og unng\u00e5 un\u00f8dvendige reiser, if\u00f8lge avisa <a href=\"https:\/\/www.elconfidencial.com\/espana\/2025-12-27\/lluvias-malaga-aviso-rojo-emergencia-1tps_4275702\/\" rel=\"nofollow noopener\" target=\"_blank\">El Confidencial.<\/a>\u00a0<\/p>\n<p>Det advares ogs\u00e5 mot \u00e5 krysse flomutsatte omr\u00e5der og mot aktiviteter i og ved elvel\u00f8p.<\/p>\n<p>Forbereder seg<\/p>\n<p>                <img decoding=\"async\" src=\"https:\/\/www.europesays.com\/no\/wp-content\/uploads\/2025\/12\/205144.webp\" width=\"480\" height=\"514\" title=\"Siv Ljosdahl bor i Fuengirola s\u00f8r i Spania. De har f\u00e5tt beskjed om \u00e5 holde seg inne.\" alt=\"\" loading=\"lazy\" style=\"\"\/><\/p>\n<p>\n            Siv Ljosdahl bor i Fuengirola s\u00f8r i Spania. De har f\u00e5tt beskjed om \u00e5 holde seg inne.<br \/>\n            Privat\n        <\/p>\n<p>Norske Siv Ljosdahl bor i M\u00e1laga, og har f\u00e5tt beskjed om \u00e5 holde seg inne av myndighetene, sier hun til Canariavisen l\u00f8rdag kveld.\u00a0<\/p>\n<p>\u2013 Vi holder oss inne hjemme. Vi har dyr og hest, s\u00e5 vi har flyttet alle dyrene og gjort klart for det som kan komme. I byene handler det f\u00f8rst og fremst om \u00e5 holde seg inne. Det har v\u00e6rt en del skader allerede i dag, blant annet har palmer og julepynt bl\u00e5st ned, forteller hun, og legger til:\u00a0<\/p>\n<p>\u2013 I Fuengirola i dag er elvene h\u00f8ye, og det er flere som ikke kommer seg hjem til boligene sine. Det har v\u00e6rt mye regn mellom Marbella og M\u00e1laga, med store haglbyger. I retning Sevilla har det ogs\u00e5 kommet sn\u00f8, forteller hun.<\/p>\n<p>If\u00f8lge Ljosdahl er det kommunene Alhaurin de Grande og Cartama som har hardest rammet forel\u00f8pig.\u00a0<\/p>\n<p>Hever beredskapen for flom<\/p>\n<p>Som f\u00f8lge av varslingene har de regionale myndighetene i Andaluc\u00eda hevet beredskapen.\u00a0<\/p>\n<p>Det inneb\u00e6rer at det settes inn tiltak for \u00e5 sikre liv og verdier, og at det nasjonale sivilforsvaret st\u00e5r klare til \u00e5 rykke ut ved behov.\u00a0<\/p>\n<p>Regionpresident Juanma Moreno har bedt innbyggere i 27 kommuner om \u00e5 vise maksimal forsiktighet.<\/p>\n<p>Over 60 hendelser i Andaluc\u00eda<\/p>\n<p>N\u00f8dsentralen i regionen opplyser at de har h\u00e5ndtert over 60 hendelser i Andaluc\u00eda knyttet til regn og vind i l\u00f8pet av denne l\u00f8rdagen.\u00a0<\/p>\n<p>De fleste meldingene kom fra M\u00e1laga-provinsen.<\/p>\n<p>Marbella er kommunen med flest hendelser, med over 20 meldinger.<\/p>\n<p>Det er ogs\u00e5 meldt om hendelser i blant annet Alhaur\u00edn de la Torre, Antequera, Benahav\u00eds, Casares, Estepona, Fuengirola, M\u00e1laga by, Mijas, Ronda, Torremolinos og V\u00e9lez-M\u00e1laga.<\/p>\n<p>Mange av utrykningene har handlet om ting som har bl\u00e5st ned eller falt, som gjerder, trafikksskilt, telefonstolper, lyktestolper, greiner, julebelysning og markiser.\u00a0<\/p>\n<p>Det er ogs\u00e5 meldt om oversv\u00f8mte garasjer og boliger, samt trafikkulykker uten personskader.<\/p>\n<p>If\u00f8lge n\u00f8dsentralen er det ikke rapportert om alvorlige personskader eller store materielle skader i Andaluc\u00eda forel\u00f8pig.\u00a0<\/p>\n<p>Kvinne kritisk skadet i Catalonia<\/p>\n<p>Samtidig har uv\u00e6ret rammet Catalonia siden julaften, med regn, sn\u00f8, kraftig vind og d\u00f8nninger langs kysten.\u00a0<\/p>\n<p>En kvinne er kritisk skadet etter at en lyktestolpe falt i Sabadell utenfor Barcelona, melder den statlige kringkasteren <a href=\"https:\/\/www.rtve.es\/noticias\/20251227\/aemet-eleva-a-rojo-aviso-por-lluvias-malaga-piden-por-alert-a-poblacion-extremar-precaucion\/16875900.shtml\" rel=\"nofollow noopener\" target=\"_blank\">RTVE<\/a>.<\/p>\n<p>Ulykken skjedde n\u00e6r r\u00e5dhuset, ved Plaza Major og Calle Pedregar.\u00a0<\/p>\n<p>En mann ble ogs\u00e5 truffet og beskrives som mindre alvorlig skadet.<\/p>\n<p>Meteorologene i Aemet venter at v\u00e6ret skal bedre seg fra natt til s\u00f8ndag, men et r\u00f8dt farevarsel gjelder ogs\u00e5 gjennomn s\u00f8ndagen.\u00a0<\/p>\n<p>Flere regioner i Spania har ogs\u00e5 oransje og gult farevarsel p\u00e5 s\u00f8ndag, inkludert i Valencia-regionen.\u00a0<\/p>\n<p>                <img decoding=\"async\" src=\"https:\/\/www.europesays.com\/no\/wp-content\/uploads\/2025\/12\/205140.webp\" width=\"480\" height=\"274\" title=\"S\u00d8NDAG: Uv\u00e6ret fortsetter p\u00e5 s\u00f8ndag, men er ventet \u00e5 avta i styrke flere steder natt til s\u00f8ndag.\" alt=\"\" loading=\"lazy\" style=\"\"\/><\/p>\n<p>\n            S\u00d8NDAG: Uv\u00e6ret fortsetter p\u00e5 s\u00f8ndag, men er ventet \u00e5 avta i styrke flere steder natt til s\u00f8ndag.<br \/>\n            Grafikk\/Aemet\n        <\/p>\n<p>De siste d\u00f8gnene er det m\u00e5lt over 100 liter per kvadratmeter p\u00e5 24 timer, i tillegg til kraftig sn\u00f8 nord\u00f8st i regionen, b\u00f8lger p\u00e5 seks meter langs kysten og opptil ti meter ute i \u00e5pent hav.<\/p>\n","protected":false},"excerpt":{"rendered":"R\u00f8dt varevarsel:\u00a0 Norsk UD advarer nordmenn i disse omr\u00e5dene, i p\u00e5vente av kraftig nedb\u00f8r.\u00a0 R\u00d8DT: Det er sendt&hellip;\n","protected":false},"author":2,"featured_media":123222,"comment_status":"","ping_status":"","sticky":false,"template":"","format":"standard","meta":{"footnotes":""},"categories":[12],"tags":[20,21,24,25,15,22,23,13,30,28,29,14,16,26,27,42,43,44,45],"class_list":{"0":"post-123221","1":"post","2":"type-post","3":"status-publish","4":"format-standard","5":"has-post-thumbnail","7":"category-verden","8":"tag-breaking-news","9":"tag-breakingnews","10":"tag-featured-news","11":"tag-featurednews","12":"tag-headlines","13":"tag-latest-news","14":"tag-latestnews","15":"tag-news","16":"tag-no","17":"tag-norge","18":"tag-norway","19":"tag-nyheter","20":"tag-overskrifter","21":"tag-top-stories","22":"tag-topstories","23":"tag-verden","24":"tag-world","25":"tag-world-news","26":"tag-worldnews"},"share_on_mastodon":{"url":"https:\/\/pubeurope.com\/@no\/115796064785047027","error":""},"_links":{"self":[{"href":"https:\/\/www.europesays.com\/no\/wp-json\/wp\/v2\/posts\/123221","targetHints":{"allow":["GET"]}}],"collection":[{"href":"https:\/\/www.europesays.com\/no\/wp-json\/wp\/v2\/posts"}],"about":[{"href":"https:\/\/www.europesays.com\/no\/wp-json\/wp\/v2\/types\/post"}],"author":[{"embeddable":true,"href":"https:\/\/www.europesays.com\/no\/wp-json\/wp\/v2\/users\/2"}],"replies":[{"embeddable":true,"href":"https:\/\/www.europesays.com\/no\/wp-json\/wp\/v2\/comments?post=123221"}],"version-history":[{"count":0,"href":"https:\/\/www.europesays.com\/no\/wp-json\/wp\/v2\/posts\/123221\/revisions"}],"wp:featuredmedia":[{"embeddable":true,"href":"https:\/\/www.europesays.com\/no\/wp-json\/wp\/v2\/media\/123222"}],"wp:attachment":[{"href":"https:\/\/www.europesays.com\/no\/wp-json\/wp\/v2\/media?parent=123221"}],"wp:term":[{"taxonomy":"category","embeddable":true,"href":"https:\/\/www.europesays.com\/no\/wp-json\/wp\/v2\/categories?post=123221"},{"taxonomy":"post_tag","embeddable":true,"href":"https:\/\/www.europesays.com\/no\/wp-json\/wp\/v2\/tags?post=123221"}],"curies":[{"name":"wp","href":"https:\/\/api.w.org\/{rel}","templated":true}]}}