{"id":123223,"date":"2025-12-28T07:43:09","date_gmt":"2025-12-28T07:43:09","guid":{"rendered":"https:\/\/www.europesays.com\/no\/123223\/"},"modified":"2025-12-28T07:43:09","modified_gmt":"2025-12-28T07:43:09","slug":"tour-de-ski-johannes-klaebo","status":"publish","type":"post","link":"https:\/\/www.europesays.com\/no\/123223\/","title":{"rendered":"Tour de Ski, Johannes Kl\u00e6bo"},"content":{"rendered":"\n<p>S\u00e5 er det igjen klart for Tour de Ski. Det som VAR langrennssportens h\u00f8ydepunkt utenom mesterskap.<\/p>\n<p>Et utmattende etappel\u00f8p som gikk i flere land med krevende l\u00f8p og t\u00f8ff reisebelastning.<\/p>\n<p>Dessverre har FIS, det internasjonale skiforbundet, s\u00f8rget for at det bare er igjen den avsluttende klatreetappen opp alpinbakken av merkevaren, Tour de Ski. Er det da riktig \u00e5 bruke navnet Tour de Ski?<\/p>\n<p>Jeg mener nei.<\/p>\n<p>   <img decoding=\"async\" width=\"8090\" height=\"5360\" fetchpriority=\"low\"  loading=\"lazy\"  src=\"https:\/\/www.europesays.com\/no\/wp-content\/uploads\/2025\/12\/rP_oZKanU04.jpg\" alt=\"Val di Fiemme, Italia 20250104. &#10;Therese Johaug i ensom majestet opp siste bakken f\u00f8r m\u00e5lgang under 20 km. damer med skibytte verdenscup langrenn i Val di Fiemme.&#10;Foto: Geir Olsen \/ NTB\" class=\"brick-c-cFOWSL\" style=\"--brick-image-ratio: 8090 \/ 5360;\"\/><\/p>\n<p>      KLATRE: Alpinbakken som ble klatret i sist Tour de ski.<br \/>\n      Foto: Geir Olsen\n    <\/p>\n<p><b>Les ogs\u00e5 Ernst A. Lersveen: <a href=\"https:\/\/www.nettavisen.no\/norsk-debatt\/kvalifisering-til-vm-gull-i-vm-og-champions-league\/o\/5-95-2797684\" rel=\"Follow nofollow noopener\" target=\"_blank\">\u00c5rets st\u00f8rste oppturer<\/a><\/b><\/p>\n<p>Kom dere p\u00e5 jobb<\/p>\n<p>N\u00e5 h\u00f8rer det med til Tour de Skis historie at l\u00f8perne selv m\u00e5 ta sin del av ansvaret for at konseptet har forvitret. L\u00f8pere har rett og slett droppet \u00e5 stille opp for \u00e5 spare krefter til VM eller OL senere p\u00e5 vinteren.<\/p>\n<p>For meg er verdenscuprennene \u00e5 regne som l\u00f8pernes jobb. Jeg sier rett ut:<\/p>\n<p><b>Kom dere p\u00e5 jobb!<\/b><\/p>\n<p>            Ernst A. Lersveen<\/p>\n<p>Jobbet hele livet som journalist\/reporter. Startet i lokalaviser, s\u00e5 ti \u00e5r i NRK, deretter 28 \u00e5r i TV 2. Har de siste \u00e5rene jobbet med skisport; spesielt langrenn.<\/p>\n<p>Tour de Ski som var skirenn i tre land er n\u00e5 seks verdenscuprenn i to italienske nabobygder. For meg er det som \u00e5 f\u00e5 servert Napoleonskake \u2013 uten krem.<\/p>\n<p>Det er ganske s\u00e5 stusslig.<\/p>\n<p><b>Les ogs\u00e5 Ernst A. Lersveen: <a href=\"https:\/\/www.nettavisen.no\/norsk-debatt\/gjert-ingebrigtsen-preget-mye-av-det-norske-idrettsaret\/o\/5-95-2795403\" rel=\"Follow nofollow noopener\" target=\"_blank\">\u00c5rets st\u00f8rste nedturer<\/a><\/b><\/p>\n<p>De f\u00f8rste \u00e5rene av Tour de Ski var det l\u00f8p i Tyskland, Tsjekkia, Italia og etter hvert ogs\u00e5 Sveits. Distansene som ble g\u00e5tt var i mange tilfeller dobbelt s\u00e5 lange som i dag. Og hvile m\u00e5tte l\u00f8perne gj\u00f8re p\u00e5 reise mellom stedene!<\/p>\n<p>Petter Northug forsto dette og dukket et \u00e5r opp i Tour de Ski med egen buss! Han skulle ha nok hvile!<\/p>\n<p>Det var den gang det var status med Tour de Ski. Tour de Ski var en tour. \u2013 langt, brutalt og spektakul\u00e6rt.<\/p>\n<p>\u00abPjuskete\u00bb<\/p>\n<p>Det gleder meg at langrennssportens st\u00f8rste stjerne, Johannes H\u00f8sflot Kl\u00e6bo, kaller Touren for \u00abpjuskete\u00bb.<\/p>\n<p>H\u00f8sflot Kl\u00e6bo blir med seier i \u00e5rets tour mestvinnende sammen med Justyna Kowalczyk og Dario Cologna. De har vunnet fire ganger.<\/p>\n<p>Det burde gj\u00f8re inntrykk p\u00e5 FIS-ledelsen at H\u00f8sflot Kl\u00e6bo slakter \u00e5rets Tour de Ski.<\/p>\n<p><b>Les ogs\u00e5 Anne Hafstad: <a href=\"https:\/\/www.nettavisen.no\/norsk-debatt\/larer-du-dette-kan-du-redde-liv-og-spare-samfunnet-for-4-milliarder\/o\/5-95-2794873\" rel=\"Follow nofollow noopener\" target=\"_blank\">L\u00e6rer du dette kan du redde liv og spare samfunnet for milliarder<\/a><\/b><\/p>\n<p>Det skjer i podkasten, Skirious problems.<\/p>\n<p>\u2013 F\u00f8r reiste man jo rundt til masse forskjellige steder, med ni etapper p\u00e5 ti dager. Etappene var i seg selv krevende. Og s\u00e5 var etappene mye hardere. Jeg liker ikke at de korter ned alt, sier Johannes H\u00f8sflot Kl\u00e6bo.<\/p>\n<p>H\u00f8sflot Kl\u00e6bo har helt rett. FIS har gjort Tour de Ski til bare en fis, en promp alts\u00e5.<\/p>\n","protected":false},"excerpt":{"rendered":"S\u00e5 er det igjen klart for Tour de Ski. Det som VAR langrennssportens h\u00f8ydepunkt utenom mesterskap. Et utmattende&hellip;\n","protected":false},"author":2,"featured_media":123224,"comment_status":"","ping_status":"","sticky":false,"template":"","format":"standard","meta":{"footnotes":""},"categories":[59],"tags":[30,28,29,83,82],"class_list":{"0":"post-123223","1":"post","2":"type-post","3":"status-publish","4":"format-standard","5":"has-post-thumbnail","7":"category-sport","8":"tag-no","9":"tag-norge","10":"tag-norway","11":"tag-sport","12":"tag-sports"},"share_on_mastodon":{"url":"https:\/\/pubeurope.com\/@no\/115796076500286487","error":""},"_links":{"self":[{"href":"https:\/\/www.europesays.com\/no\/wp-json\/wp\/v2\/posts\/123223","targetHints":{"allow":["GET"]}}],"collection":[{"href":"https:\/\/www.europesays.com\/no\/wp-json\/wp\/v2\/posts"}],"about":[{"href":"https:\/\/www.europesays.com\/no\/wp-json\/wp\/v2\/types\/post"}],"author":[{"embeddable":true,"href":"https:\/\/www.europesays.com\/no\/wp-json\/wp\/v2\/users\/2"}],"replies":[{"embeddable":true,"href":"https:\/\/www.europesays.com\/no\/wp-json\/wp\/v2\/comments?post=123223"}],"version-history":[{"count":0,"href":"https:\/\/www.europesays.com\/no\/wp-json\/wp\/v2\/posts\/123223\/revisions"}],"wp:featuredmedia":[{"embeddable":true,"href":"https:\/\/www.europesays.com\/no\/wp-json\/wp\/v2\/media\/123224"}],"wp:attachment":[{"href":"https:\/\/www.europesays.com\/no\/wp-json\/wp\/v2\/media?parent=123223"}],"wp:term":[{"taxonomy":"category","embeddable":true,"href":"https:\/\/www.europesays.com\/no\/wp-json\/wp\/v2\/categories?post=123223"},{"taxonomy":"post_tag","embeddable":true,"href":"https:\/\/www.europesays.com\/no\/wp-json\/wp\/v2\/tags?post=123223"}],"curies":[{"name":"wp","href":"https:\/\/api.w.org\/{rel}","templated":true}]}}