{"id":123225,"date":"2025-12-28T07:50:11","date_gmt":"2025-12-28T07:50:11","guid":{"rendered":"https:\/\/www.europesays.com\/no\/123225\/"},"modified":"2025-12-28T07:50:11","modified_gmt":"2025-12-28T07:50:11","slug":"mesternes-mester-nyheter-ble-spurt-om-a-lage-en-sesong-til-begynte-a-ane-at-vi-kanskje-skulle-til-utlandet-igjen-laagendalsposten","status":"publish","type":"post","link":"https:\/\/www.europesays.com\/no\/123225\/","title":{"rendered":"Mesternes Mester, Nyheter | Ble spurt om \u00e5 lage en sesong til: \u2013 Begynte \u00e5 ane at vi kanskje skulle til utlandet igjen &#8211; Laagendalsposten"},"content":{"rendered":"<ol>\n<li><a href=\"https:\/\/news.google.com\/rss\/articles\/CBMizwFBVV95cUxOOVhBc0FhUUpQNk5TV3d4QUFJWG9UU0V4dkJQUTJRYWpuWk1oYUV3RV90eHExOHY4U1JQdXlUcldaSEM3ZTFlV3c2MGRTOEdhT25aQnJsUklEalNXY1V0TndieFRvNTFjRWJUMmRvQmdSZXY0UHBLcVdsMndubnhWVXdYSzhDT3kwV3d2dlpad1hLVU9KeEIzcGlqVUl1dXJlRURQNmxoVEUySXhxRlpMMnhTSkZDQ3JYVDhwbk81WDRuRi1JY1Z6cENfOUgyc00?oc=5\" target=\"_blank\" rel=\"nofollow noopener\">Mesternes Mester, Nyheter | Ble spurt om \u00e5 lage en sesong til: \u2013 Begynte \u00e5 ane at vi kanskje skulle til utlandet igjen<\/a>&nbsp;&nbsp;Laagendalsposten<\/li>\n<li><a href=\"https:\/\/news.google.com\/rss\/articles\/CBMiwAFBVV95cUxPQWFDZWtmdnAteGpMWDdTTWVfcmxhSjNRdllFRVBnb3ZMQlNqZ3dBVmNzdTVZTTh5RVZubUpmQVBnaWo4cnhfczV3ejFibzZiaWV3cW1Ud1owRjZWXzJQVFRTdjZlVXdCN3BzSmFPZm5XZmE2bHFqazRxd0pDRENMVTJIZ25teHdib2lXQk02RkgtZ2l3LV9Ec1lHajBVMWNRU21WbDdGVTlTU0otTFBzbG82X21QRjdJNTZxUl9GRzg?oc=5\" target=\"_blank\" rel=\"nofollow noopener\">(+) Mesternes mester forlater S\u00f8rlandet: \u00c9n s\u00f8rlen\u00adding blant delta\u00adkerne<\/a>&nbsp;&nbsp;fvn.no<\/li>\n<li><a href=\"https:\/\/news.google.com\/rss\/articles\/CBMikAFBVV95cUxOeHVpYVRYbndvWlFFbWcyS3Q4T1Vyd3ZINkxYMHRLWXhYRzZNekFvbHRrcWpXYXZJeVItTXNNamtFSU5kbDlsMGRncGZzS282WXZmUDh3cUtaTHlTcDNzN1I3MW5GckdBRFZYa3EwLXY2Zk13b1daOXg1bjIya1pmUEJuZEdDeFg0eGc2YVcxMmo?oc=5\" target=\"_blank\" rel=\"nofollow noopener\">Disse skal kjempe om tittelen i Mesternes Mester<\/a>&nbsp;&nbsp;Klikk.no<\/li>\n<li><a href=\"https:\/\/news.google.com\/rss\/articles\/CBMihAFBVV95cUxNc3hSTkdESk5HQUg5cjVLRU5VREJfRTN6NmF5TVJENmVsc2lQOWk4cUlPd3dyTjNaYjA3SmU1T1ExZlhCejF6TXNIcTF2X2JnNUNveFpFUXUzNWsyQVZyNmQ4S1hfSTlZLTdzdHRwWG1WSVFPZmFTZXJ1SVdqVDY3YXVscHM?oc=5\" target=\"_blank\" rel=\"nofollow noopener\">Sport, Sporten | Tidligere Odd-spiller med p\u00e5 \u00abMesternes mester\u00bb<\/a>&nbsp;&nbsp;Telemarksavisa<\/li>\n<li><a href=\"https:\/\/news.google.com\/rss\/articles\/CBMiggFBVV95cUxQLWs5N0QwTC1OWjNaYl9tdEY5Ul9SZ1QxTG9FcnhxX1VJWXpvV28zV2s2UHM2YXJ3Q0Rfc2hHN2Y0Z1FodFI5NWdRMkFZSVN6NGRtN0Q5Zm9GT2l1VFBMWDNpLTl1SFN1QVlXM3FTblU0c2k3QURjSnRHblc1VWtHQjNn?oc=5\" target=\"_blank\" rel=\"nofollow noopener\">\u00abMesternes mester\u00bb tilbake i Spania<\/a>&nbsp;&nbsp;Canariavisen<\/li>\n<\/ol>\n","protected":false},"excerpt":{"rendered":"Mesternes Mester, Nyheter | Ble spurt om \u00e5 lage en sesong til: \u2013 Begynte \u00e5 ane at vi&hellip;\n","protected":false},"author":2,"featured_media":123226,"comment_status":"","ping_status":"","sticky":false,"template":"","format":"standard","meta":{"footnotes":""},"categories":[59],"tags":[30,28,29,83,82],"class_list":{"0":"post-123225","1":"post","2":"type-post","3":"status-publish","4":"format-standard","5":"has-post-thumbnail","7":"category-sport","8":"tag-no","9":"tag-norge","10":"tag-norway","11":"tag-sport","12":"tag-sports"},"share_on_mastodon":{"url":"https:\/\/pubeurope.com\/@no\/115796104144442656","error":""},"_links":{"self":[{"href":"https:\/\/www.europesays.com\/no\/wp-json\/wp\/v2\/posts\/123225","targetHints":{"allow":["GET"]}}],"collection":[{"href":"https:\/\/www.europesays.com\/no\/wp-json\/wp\/v2\/posts"}],"about":[{"href":"https:\/\/www.europesays.com\/no\/wp-json\/wp\/v2\/types\/post"}],"author":[{"embeddable":true,"href":"https:\/\/www.europesays.com\/no\/wp-json\/wp\/v2\/users\/2"}],"replies":[{"embeddable":true,"href":"https:\/\/www.europesays.com\/no\/wp-json\/wp\/v2\/comments?post=123225"}],"version-history":[{"count":0,"href":"https:\/\/www.europesays.com\/no\/wp-json\/wp\/v2\/posts\/123225\/revisions"}],"wp:featuredmedia":[{"embeddable":true,"href":"https:\/\/www.europesays.com\/no\/wp-json\/wp\/v2\/media\/123226"}],"wp:attachment":[{"href":"https:\/\/www.europesays.com\/no\/wp-json\/wp\/v2\/media?parent=123225"}],"wp:term":[{"taxonomy":"category","embeddable":true,"href":"https:\/\/www.europesays.com\/no\/wp-json\/wp\/v2\/categories?post=123225"},{"taxonomy":"post_tag","embeddable":true,"href":"https:\/\/www.europesays.com\/no\/wp-json\/wp\/v2\/tags?post=123225"}],"curies":[{"name":"wp","href":"https:\/\/api.w.org\/{rel}","templated":true}]}}