{"id":123236,"date":"2025-12-28T08:41:14","date_gmt":"2025-12-28T08:41:14","guid":{"rendered":"https:\/\/www.europesays.com\/no\/123236\/"},"modified":"2025-12-28T08:41:14","modified_gmt":"2025-12-28T08:41:14","slug":"studenter-putter-studielanet-i-fond-for-a-tjene-penger-pa-det-nrk-vestfold-og-telemark-lokale-nyheter-tv-og-radio","status":"publish","type":"post","link":"https:\/\/www.europesays.com\/no\/123236\/","title":{"rendered":"Studenter putter studiel\u00e5net i fond for \u00e5 tjene penger p\u00e5 det \u2013 NRK Vestfold og Telemark \u2013 Lokale nyheter, TV og radio"},"content":{"rendered":"<p>Den gr\u00f8nne grafen vokser stadig.<\/p>\n<p><strong>Nesten 45.000 kroner har Jakob Viken (21) f\u00e5tt i avkastning p\u00e5 \u00e5 plassere ett \u00e5r med studiel\u00e5n i et fond.<\/strong><\/p>\n<p>\u2013 Det er veldig deilig \u00e5 se pengene vokse, synes studenten.<\/p>\n<p>Jakob mener flere b\u00f8r gj\u00f8re som ham.<\/p>\n<p>\u2013 Det er lov og lett. Jeg har ikke brukt mange timene p\u00e5 det her. Det er gratis penger.<\/p>\n<p>    <img alt=\"En person holder en smarttelefon som viser en fond-graf. Grafen indikerer \u00f8kning i verdi over tid. Skjermen viser total fondsverdi og ulike navigasjonsikoner. Omgivelsene er uskarpe med m\u00f8belkonturer i bakgrunnen. (Bildebeskrivelsen er laget av en KI-tjeneste)\"  loading=\"lazy\"\/><img alt=\"En ung mann sitter i en stol inne i et rom med en hund p\u00e5 fanget og ser p\u00e5 telefonen sin. Veggene har kunstverk og lys belysning. I bakgrunnen er det en bokhylle med b\u00f8ker og dekorative gjenstander. Rommet har en koselig atmosf\u00e6re, med en sofa synlig til venstre. (Bildebeskrivelsen er laget av en KI-tjeneste)\"  loading=\"lazy\"\/><\/p>\n<p>Kan man investere studiel\u00e5net?<\/p>\n<p>Jakob sitter hjemme i stua til foreldrene i Sandefjord.<\/p>\n<p>Her bodde han gratis hele sitt f\u00f8rste studie\u00e5r \u2013 selve \u00e5rsaken til at han klarte \u00e5 spare hele l\u00e5net sitt.<\/p>\n<p>\u2013 Hvis jeg kan ta opp l\u00e5n og tjene p\u00e5 det, hvorfor skal jeg ikke det da?<\/p>\n<p>Hvordan studentene disponerer et studiel\u00e5n de oppfyller kravene til \u00e5 f\u00e5, er nemlig ikke noe L\u00e5nekassen har en mening om, skriver de til NRK.<\/p>\n<p><img decoding=\"async\"   src=\"data:image\/gif;base64,R0lGODlhAQABAIAAAAAAAP\/\/\/yH5BAEAAAAALAAAAAABAAEAAAIBRAA7\" loading=\"eager\" alt=\"En person st\u00e5r i et rom med planter i vinduskarmen. Han har p\u00e5 seg en gr\u00e5 genser med tekst. Bakgrunnen inkluderer en TV. Naturlig lys str\u00f8mmer inn fra vinduet. (Bildebeskrivelsen er laget av en KI-tjeneste)\" title=\"Foto: Lars Tore Endresen \/ NRK\"\/><\/p>\n<p>Foto: Lars Tore Endresen \/ NRK<\/p>\n<p>N\u00e5 bor Jakob i Porsgrunn der han studerer til \u00e5 bli elektroingeni\u00f8r. Det gj\u00f8r at det ikke er like mye penger til overs som f\u00f8r.<\/p>\n<p>\ud83d\udcb0\ud83d\udcb0\ud83d\udcb0\ud83d\udcb0\ud83d\udcb0<\/p>\n<p>N\u00e5r NRK sp\u00f8r andre studenter om de investerer studiel\u00e5net sitt, varierer svarene.<\/p>\n<ul class=\"dhpg__gallery__list\">\n<li class=\"dhpg__gallery__listItem\"><img alt=\"To personer sitter ved et bord i et bibliotek og jobber med notater. De har hver sin b\u00e6rbare datamaskin og kalkulator. Bokhyller i bakgrunnen gir kontekst til bibliotekmilj\u00f8et. Drikkebokser st\u00e5r ved siden av personene. (Bildebeskrivelsen er laget av en KI-tjeneste)\"  width=\"2400\" height=\"2400\" loading=\"lazy\"\/>Halvor Landsverk\n<p>\u2013 Jeg har deler av studiel\u00e5net i aksjer og fond.\u00a0Det er en fin m\u00e5te \u00e5 spare pengene du uansett ikke bruker.<\/p>\n<\/li>\n<li class=\"dhpg__gallery__listItem\"><img alt=\"Abel Elvenes har p\u00e5 seg gr\u00e5 genser og smiler lurt til kamera. \"  width=\"2400\" height=\"2400\" loading=\"lazy\"\/>Abel Elvenes\n<p>\u2013 Det er smart, men jeg sparer ikke l\u00e5net i fond fordi jeg\u00a0bruker studiel\u00e5net til \u00e5 dekke utgiftene mine.\u00a0<\/p>\n<\/li>\n<\/ul>\n<p>\u2013 Det kan ogs\u00e5 smelle<\/p>\n<p>Forbruker\u00f8konom Hallgeir Kvadsheim opplever at det ikke er vanlig \u00e5 spare studiel\u00e5net p\u00e5 denne m\u00e5ten fordi pengene ofte g\u00e5r til n\u00f8dvendige utgifter.<\/p>\n<p>Samtidig f\u00e5r han inn en del sp\u00f8rsm\u00e5l om nettopp dette i \u00f8konomi-podkasten sin.<\/p>\n<p><strong>Om du f\u00e5r til \u00e5 spare deler av l\u00e5net i fond, mener Kvadsheim det er godt betalt for et l\u00e5n som du tross alt ikke betaler renter p\u00e5 f\u00f8r du er ferdig med studiene.<\/strong><\/p>\n<p>    <img alt=\" Hallgeir Kvadsheim\"  loading=\"lazy\"\/><img alt=\"En person i gr\u00e5 hettegenser holder en mobiltelefon. Telefonen viser grafer p\u00e5 skjermen. I forgrunnen er uklare stearinlys synlige. (Bildebeskrivelsen er laget av en KI-tjeneste)\"  loading=\"lazy\"\/>NTB\/Endresen<\/p>\n<p>Men du skal passe p\u00e5 \u00e9n ting: Risikoen.<\/p>\n<p>\u2013 Det kan ogs\u00e5 smelle. Du kan fort tape 45.000, like fort som du kan f\u00e5 45.000 i gevinst.<\/p>\n<p>Dersom planen er \u00e5 betale tilbake l\u00e5net s\u00e5 fort studiet er fullf\u00f8rt eller bruke pengene til boligkj\u00f8p, er det viktigste at du beholder verdien p\u00e5 pengene, if\u00f8lge Kvadsheim.<\/p>\n<p><strong>R\u00e5det er derfor f\u00f8lgende:<\/strong><\/p>\n<p><strong>Unng\u00e5 enkeltaksjer p\u00e5 grunn av h\u00f8y risiko. <\/strong><\/p>\n<p>\u2013 Jeg ville helst satt l\u00e5net i s\u00e5kalte rentefond fordi de har mye lavere risiko enn aksjefond.<\/p>\n<p>Dersom sparehorisonten er lenger, er det ikke noe i veien f\u00e5r \u00e5 sette kronene i aksjefond.<\/p>\n<p>Mener de utnytter systemet<\/p>\n<p>Planen for studentl\u00e5net Jakob har plassert i aksjefond, er \u00e5 la det st\u00e5 s\u00e5 lenge som mulig.<\/p>\n<p>    <img alt=\"En person med gr\u00e5 genser sitter i en lenestol og holder en mobiltelefon. Rommet har en peisovn i hj\u00f8rnet og veggdekorasjoner. Store lysestaker ses p\u00e5 et bord i forgrunnen. Innredningen gir et hjemmekoselig inntrykk. (Bildebeskrivelsen er laget av en KI-tjeneste)\"  loading=\"lazy\"\/><img alt=\"En person holder en smarttelefon som viser kursutvikling p\u00e5 en finansapp. Skjermen viser grafene for avkastning og historiske data. Personen har p\u00e5 seg en gr\u00e5 genser, og bildet er tatt innend\u00f8rs.  (Bildebeskrivelsen er laget av en KI-tjeneste)\"  loading=\"lazy\"\/><\/p>\n<p>Hege Bae Nyholt (R), medlem av utdannings- og forskningskomiteen p\u00e5 Stortinget, kaller det hele \u00e5 utnytte systemet.<\/p>\n<p>\u2013 Jeg veit ikke om jeg kan gj\u00f8re s\u00e5 mye annet enn \u00e5 oppfordre studentene til \u00e5 kikke litt i speilet og tenke over om dette er en \u00e5lreit m\u00e5te \u00e5 bruke fellesskapets midler p\u00e5.<\/p>\n<p><img decoding=\"async\"   src=\"data:image\/gif;base64,R0lGODlhAQABAIAAAAAAAP\/\/\/yH5BAEAAAAALAAAAAABAAEAAAIBRAA7\" loading=\"eager\" alt=\"Hege Bae Nyholt\" title=\"Foto: Marthe Svendsen \/ NRK Trondelag\"\/><\/p>\n<p>Foto: Marthe Svendsen \/ NRK Trondelag<\/p>\n<p>Men Jakob er uenig.<\/p>\n<p><strong>\u2013 Jeg skj\u00f8nner at folk kan mene jeg utnytter systemet, men det er fullt lov, s\u00e5 da m\u00e5 man gj\u00f8re det, synes jeg.<\/strong><\/p>\n<p>Publisert<\/p>\n<p>28.12.2025, kl. 08.15<\/p>\n","protected":false},"excerpt":{"rendered":"Den gr\u00f8nne grafen vokser stadig. Nesten 45.000 kroner har Jakob Viken (21) f\u00e5tt i avkastning p\u00e5 \u00e5 plassere&hellip;\n","protected":false},"author":2,"featured_media":123237,"comment_status":"","ping_status":"","sticky":false,"template":"","format":"standard","meta":{"footnotes":""},"categories":[10],"tags":[20,21,24,25,15,22,23,13,30,28,29,14,16,26,27],"class_list":{"0":"post-123236","1":"post","2":"type-post","3":"status-publish","4":"format-standard","5":"has-post-thumbnail","7":"category-norge","8":"tag-breaking-news","9":"tag-breakingnews","10":"tag-featured-news","11":"tag-featurednews","12":"tag-headlines","13":"tag-latest-news","14":"tag-latestnews","15":"tag-news","16":"tag-no","17":"tag-norge","18":"tag-norway","19":"tag-nyheter","20":"tag-overskrifter","21":"tag-top-stories","22":"tag-topstories"},"share_on_mastodon":{"url":"https:\/\/pubeurope.com\/@no\/115796304445502807","error":""},"_links":{"self":[{"href":"https:\/\/www.europesays.com\/no\/wp-json\/wp\/v2\/posts\/123236","targetHints":{"allow":["GET"]}}],"collection":[{"href":"https:\/\/www.europesays.com\/no\/wp-json\/wp\/v2\/posts"}],"about":[{"href":"https:\/\/www.europesays.com\/no\/wp-json\/wp\/v2\/types\/post"}],"author":[{"embeddable":true,"href":"https:\/\/www.europesays.com\/no\/wp-json\/wp\/v2\/users\/2"}],"replies":[{"embeddable":true,"href":"https:\/\/www.europesays.com\/no\/wp-json\/wp\/v2\/comments?post=123236"}],"version-history":[{"count":0,"href":"https:\/\/www.europesays.com\/no\/wp-json\/wp\/v2\/posts\/123236\/revisions"}],"wp:featuredmedia":[{"embeddable":true,"href":"https:\/\/www.europesays.com\/no\/wp-json\/wp\/v2\/media\/123237"}],"wp:attachment":[{"href":"https:\/\/www.europesays.com\/no\/wp-json\/wp\/v2\/media?parent=123236"}],"wp:term":[{"taxonomy":"category","embeddable":true,"href":"https:\/\/www.europesays.com\/no\/wp-json\/wp\/v2\/categories?post=123236"},{"taxonomy":"post_tag","embeddable":true,"href":"https:\/\/www.europesays.com\/no\/wp-json\/wp\/v2\/tags?post=123236"}],"curies":[{"name":"wp","href":"https:\/\/api.w.org\/{rel}","templated":true}]}}