{"id":123238,"date":"2025-12-28T08:42:13","date_gmt":"2025-12-28T08:42:13","guid":{"rendered":"https:\/\/www.europesays.com\/no\/123238\/"},"modified":"2025-12-28T08:42:13","modified_gmt":"2025-12-28T08:42:13","slug":"politi-vold-mann-skal-ha-blitt-utsatt-for-blind-vold-i-bergen-sentrum","status":"publish","type":"post","link":"https:\/\/www.europesays.com\/no\/123238\/","title":{"rendered":"Politi, Vold | Mann skal ha blitt utsatt for blind vold i Bergen sentrum"},"content":{"rendered":"\n<p>I 03-tiden natt til s\u00f8ndag fikk politiet melding om en sl\u00e5sskamp p\u00e5 Bryggen.<\/p>\n<p>\u2013 En bl\u00f8r fra kutt over venstre \u00f8ye, opplyste operasjonsleder i politiet, Frode Kolltveit.<\/p>\n<p><b>Gjerningspersonen skal ha forsvunnet fra stedet. <\/b><\/p>\n<p>\u2013 Per n\u00e5 er dette en ukjent person. Patrulje er i kontakt med forn\u00e6rmede, en mann i 20-\u00e5rene. Det fremst\u00e5r som blind vold.<\/p>\n<p>Skal ha sl\u00e5tt til vektere<\/p>\n<p>Klokken 0300 skal en mann i 20-\u00e5rene ha sl\u00e5tt etter vektere p\u00e5 et utested i sentrum. <\/p>\n<p>Han fremsto overstadig beruset og til bry for ansatte og gjester.<\/p>\n<p>\u2013 Politiet overtok vedkommende etter kort tid. Lite samarbeidsvillig, opplyste Kolltveit.<\/p>\n<p>Han ble satt i fyllearresten, men blir verken anmeldt av vektere eller politiet.<\/p>\n<p>Mistet f\u00f8rerkortet<\/p>\n<p>En mann i 30-\u00e5rene bl\u00e5ste over tillatt verdi p\u00e5 alkometeret etter \u00e5 ha kj\u00f8rt rundt i sentrum i 02-tiden. <\/p>\n<p>Mannen mistet f\u00f8rerkortet, og politiet har opprettet sak. <\/p>\n","protected":false},"excerpt":{"rendered":"I 03-tiden natt til s\u00f8ndag fikk politiet melding om en sl\u00e5sskamp p\u00e5 Bryggen. \u2013 En bl\u00f8r fra kutt&hellip;\n","protected":false},"author":2,"featured_media":123239,"comment_status":"","ping_status":"","sticky":false,"template":"","format":"standard","meta":{"footnotes":""},"categories":[5],"tags":[36,20,21,24,25,15,19,22,23,17,18,13,30,28,29,14,16,254,285,1510,26,27,493],"class_list":{"0":"post-123238","1":"post","2":"type-post","3":"status-publish","4":"format-standard","5":"has-post-thumbnail","7":"category-overskrifter","8":"tag-art","9":"tag-breaking-news","10":"tag-breakingnews","11":"tag-featured-news","12":"tag-featurednews","13":"tag-headlines","14":"tag-hovedoppslag","15":"tag-latest-news","16":"tag-latestnews","17":"tag-main-news","18":"tag-mainnews","19":"tag-news","20":"tag-no","21":"tag-norge","22":"tag-norway","23":"tag-nyheter","24":"tag-overskrifter","25":"tag-politi","26":"tag-sentrum","27":"tag-story","28":"tag-top-stories","29":"tag-topstories","30":"tag-vold"},"share_on_mastodon":{"url":"https:\/\/pubeurope.com\/@no\/115796308324277346","error":""},"_links":{"self":[{"href":"https:\/\/www.europesays.com\/no\/wp-json\/wp\/v2\/posts\/123238","targetHints":{"allow":["GET"]}}],"collection":[{"href":"https:\/\/www.europesays.com\/no\/wp-json\/wp\/v2\/posts"}],"about":[{"href":"https:\/\/www.europesays.com\/no\/wp-json\/wp\/v2\/types\/post"}],"author":[{"embeddable":true,"href":"https:\/\/www.europesays.com\/no\/wp-json\/wp\/v2\/users\/2"}],"replies":[{"embeddable":true,"href":"https:\/\/www.europesays.com\/no\/wp-json\/wp\/v2\/comments?post=123238"}],"version-history":[{"count":0,"href":"https:\/\/www.europesays.com\/no\/wp-json\/wp\/v2\/posts\/123238\/revisions"}],"wp:featuredmedia":[{"embeddable":true,"href":"https:\/\/www.europesays.com\/no\/wp-json\/wp\/v2\/media\/123239"}],"wp:attachment":[{"href":"https:\/\/www.europesays.com\/no\/wp-json\/wp\/v2\/media?parent=123238"}],"wp:term":[{"taxonomy":"category","embeddable":true,"href":"https:\/\/www.europesays.com\/no\/wp-json\/wp\/v2\/categories?post=123238"},{"taxonomy":"post_tag","embeddable":true,"href":"https:\/\/www.europesays.com\/no\/wp-json\/wp\/v2\/tags?post=123238"}],"curies":[{"name":"wp","href":"https:\/\/api.w.org\/{rel}","templated":true}]}}