{"id":123242,"date":"2025-12-28T08:50:08","date_gmt":"2025-12-28T08:50:08","guid":{"rendered":"https:\/\/www.europesays.com\/no\/123242\/"},"modified":"2025-12-28T08:50:08","modified_gmt":"2025-12-28T08:50:08","slug":"det-var-rart-nrk-sport-sportsnyheter-resultater-og-sendeplan","status":"publish","type":"post","link":"https:\/\/www.europesays.com\/no\/123242\/","title":{"rendered":"\u2013 Det var rart \u2013 NRK Sport \u2013 Sportsnyheter, resultater og sendeplan"},"content":{"rendered":"<p><strong>\u2013 Kanskje han tisset p\u00e5 seg?<\/strong><\/p>\n<p>Emil Iversen smiler og ler n\u00e5r NRK viser ham en video fra verdenscupen i Davos f\u00f8r jul.<\/p>\n<p>Videoen viser Johannes H\u00f8sflot Kl\u00e6bo i den bratteste motbakken i sprintprologen. 29-\u00e5ringen fyker opp bakken i full fart.<\/p>\n<p><strong>Det spesielle er at han etterlater seg en linje i sn\u00f8en. Den er ikke helt rak, men det er heller ikke langt unna.<\/strong><\/p>\n<p>Det er et m\u00f8nster man ikke tenker p\u00e5 at en skil\u00f8per som sk\u00f8yter etterlater seg.<\/p>\n<p>Det internasjonale ski- og sn\u00f8brettforbundet (FIS) la ut videoen p\u00e5 <a href=\"http:\/\/www.instagram.com\/p\/DSSYGWdjGQD\/?hl=nb\" ec-id=\"http:\/\/www.instagram.com\/p\/DSSYGWdjGQD\/\" ec-name=\"Instagram\" rel=\"nofollow noopener\" target=\"_blank\">Instagram<\/a>. Klippet er sett, delt og kommentert p\u00e5 h\u00f8ygir i jula.<\/p>\n<ul>\n<li><strong>S\u00f8ndag er det ny sprint, n\u00e5r det er \u00e5pningsetappe i Tour de Ski. H\u00f8r det p\u00e5 NRK Sport fra kl. 11.35.<\/strong><\/li>\n<\/ul>\n<p><img decoding=\"async\"   src=\"data:image\/gif;base64,R0lGODlhAQABAIAAAAAAAP\/\/\/yH5BAEAAAAALAAAAAABAAEAAAIBRAA7\" loading=\"eager\" alt=\"\" title=\"Foto: GIAN EHRENZELLER \/ AP \/ NTB\"\/><\/p>\n<p class=\"\">P\u00c5 BAKKETOPPEN: Johannes H\u00f8sflot Kl\u00e6bo like etter \u00e5 ha n\u00e5dd toppen av bakken som Instagram-videoen til FIS er fra.<\/p>\n<p>Foto: GIAN EHRENZELLER \/ AP \/ NTB<\/p>\n<p>\u2013 Bare s\u00e5nn det er<\/p>\n<p>\u2013 Ja, dette har jeg f\u00e5tt med meg, sier Harald \u00d8stberg Amundsen n\u00e5r han ser videoen.<\/p>\n<p>\u2013 Blir det et s\u00e5nt m\u00f8nster n\u00e5r du g\u00e5r ogs\u00e5?<\/p>\n<p>\u2013 Godt sp\u00f8rsm\u00e5l. Jeg er usikker. Jeg h\u00e5per jeg i hvert fall er noe i n\u00e6rheten, sier Amundsen og fortsetter:<\/p>\n<p>\u2013 Det er en veldig fin utfordring til folk som sitter p\u00e5 hytta p\u00e5 fjellet, \u00e5 pr\u00f8ve \u00e5 lage den streken i noen ordentlig bratte bakker i dobbeltdans. S\u00e5 kan man se hvordan sporene blir. Det er fascinerende.<\/p>\n<p><img decoding=\"async\"   src=\"data:image\/gif;base64,R0lGODlhAQABAIAAAAAAAP\/\/\/yH5BAEAAAAALAAAAAABAAEAAAIBRAA7\" loading=\"eager\" alt=\"Harald \u00d8stberg Amundsen\" title=\"Foto: Geir Olsen \/ NTB\"\/><\/p>\n<p class=\"\">KOMMER MED UTFORDRING: Harald \u00d8stberg Amundsen h\u00e5per at hyttefolket pr\u00f8ver p\u00e5 gjenskape sporene til Kl\u00e6bo.<\/p>\n<p>Foto: Geir Olsen \/ NTB<\/p>\n<p>Men hva er det egentlig som gj\u00f8r at en linje b\u00f8lger seg oppover bakken bak ryggen p\u00e5 skifenomenet fra Trondheim?<\/p>\n<p>NRK ber hovedpersonen forklare hva han ser.<\/p>\n<p><strong>\u2013 Det er meg som dobler opp bakken. Det er ikke noe annet enn det, sier Kl\u00e6bo.<\/strong><\/p>\n<p>\u2013 Er det tilfeldig at akkurat du lager den streken?<\/p>\n<p>\u2013 Det vet jeg ikke. Jeg har ikke sett s\u00e5 n\u00f8ye p\u00e5 hva andre gj\u00f8r, men det er tydeligvis s\u00e5nn jeg g\u00e5r p\u00e5 ski, s\u00e5 det er bare s\u00e5nn det er, sier Kl\u00e6bo.<\/p>\n<p>\u2013 Rett fram er det korteste<\/p>\n<p>Han gj\u00f8r seg imidlertid ikke mer vrang enn at han skj\u00f8nner hvor vi vil.<\/p>\n<p>Det linja viser, er at beinet han ikke bruker til \u00e5 skyve med, peker rett framover. Alts\u00e5 i fartsretningen.<\/p>\n<p><strong>\u2013 Man pr\u00f8ver bare \u00e5 komme seg fortest mulig fram, og da vil man g\u00e5 korteste vei, og rett fram er det korteste, sier Kl\u00e6bo til NRK.<br \/>\n<\/strong><\/p>\n<p><img decoding=\"async\"   src=\"data:image\/gif;base64,R0lGODlhAQABAIAAAAAAAP\/\/\/yH5BAEAAAAALAAAAAABAAEAAAIBRAA7\" loading=\"eager\" alt=\" Johannes H\u00f8sflot Kl\u00e6bo\" title=\"Foto: Geir Olsen \/ NTB\"\/><\/p>\n<p>Foto: Geir Olsen \/ NTB<\/p>\n<p>\u2013 Det handler om \u00e5 f\u00e5 skia rett fram, s\u00e5 det er et godt tips til de hjemme, istemmer Harald \u00d8stberg Amundsen.<\/p>\n<p>\u2013 Er det fasit p\u00e5 hvordan man skal g\u00e5 i sk\u00f8yting?<\/p>\n<p>\u2013 I hvert fall sprintmessig. Jeg tror det blir litt tungt \u00e5 g\u00e5 s\u00e5nn i distanse, men i sprint er fasit hvordan Kl\u00e6bo g\u00e5r, ja, fastsl\u00e5r Amundsen.<\/p>\n<p>Iversen m\u00e5 fram med lupe<\/p>\n<p>I motsetning til Amundsen, hadde ikke Iversen sett videoen f\u00f8r NRK viste ham den.<\/p>\n<p>\u2013 Det var rart. Kanskje det er noe nytt Kl\u00e6bo-teknisk, det der, som vi m\u00e5 begynne \u00e5 se p\u00e5 med lupe. Nye Kl\u00e6bo-klyv med strek under skia, sier Iversen, med henvisning til at Kl\u00e6bo tidlig i sin karriere ble kjent for \u00e5 ha funnet opp \u00abKl\u00e6bo-klyvet\u00bb.<\/p>\n<p><strong>\u2013 Det er mye rart med Johannes. Det er vanskelig \u00e5 henge med p\u00e5 alt. Han er litt framme i skoa teknisk. Jeg m\u00e5 komme meg tilbake p\u00e5 rommet og f\u00e5 sett mer p\u00e5 det, sier Iversen.<\/strong><\/p>\n<p>Kl\u00e6bo selv avviser imidlertid at han har begynt med noe nytt.<\/p>\n<p>\u2013 Hadde du sjekket hva jeg gjorde for ti \u00e5r siden ogs\u00e5, s\u00e5 er det ikke s\u00e5 langt unna \u00e5 v\u00e6re det samme, hevder han.<\/p>\n<p><img decoding=\"async\"   src=\"data:image\/gif;base64,R0lGODlhAQABAIAAAAAAAP\/\/\/yH5BAEAAAAALAAAAAABAAEAAAIBRAA7\" loading=\"eager\" alt=\"En person med m\u00f8rk jakke og ryggsekk g\u00e5r ved en r\u00f8d sikkerhetsport i sn\u00f8en. Vedkommende holder en ski stav og viser en h\u00e5ndgest. Omgivelsene er preget av sn\u00f8dekte omr\u00e5der, typisk for et skianlegg. Sn\u00f8en dekker bakken, og det er en ski-trase i bakgrunnen. (Bildebeskrivelsen er laget av en KI-tjeneste)\" title=\"Foto: Geir Olsen \/ NTB\"\/><\/p>\n<p class=\"\">TOMMEL OPP FRA IVERSEN: Emil Iversen er imponert av Kl\u00e6bos rette strek. Tommelen opp p\u00e5 bildet er riktignok fra Gran\u00e5sen i starten av desember, da han kom p\u00e5 pallen i 20 km med skibytte.<\/p>\n<p>Foto: Geir Olsen \/ NTB<\/p>\n<p>\u2013 Ingenting er tilfeldig<\/p>\n<p>Emil Iversen er likevel klinkende klar p\u00e5 at det neppe er tilfeldig at det nettopp er Kl\u00e6bo som lager spor i fartsretningen.<\/p>\n<p><strong>\u2013 Ingenting er tilfeldig med Johannes. Det ser du jo. H\u00e5ret, tennene, smilet, kl\u00e6rne, brillene. Jeg tror ingenting er tilfeldig n\u00e5r det gjelder han.<\/strong><\/p>\n<p>Allerede s\u00f8ndag blir det mulig \u00e5 se om Amundsen og Iversen klarer \u00e5 kopiere Kl\u00e6bo, n\u00e5r Tour de Ski innledes med sprint i fristil i Toblach.<\/p>\n<p>Bakken opp mot toppen av stadionbygget er som skapt for \u00e5 lage spor i sn\u00f8en.<\/p>\n<p>Publisert<\/p>\n<p>28.12.2025, kl. 09.26<\/p>\n<p><script async src=\"\/\/www.instagram.com\/embed.js\"><\/script><\/p>\n","protected":false},"excerpt":{"rendered":"\u2013 Kanskje han tisset p\u00e5 seg? Emil Iversen smiler og ler n\u00e5r NRK viser ham en video fra&hellip;\n","protected":false},"author":2,"featured_media":123243,"comment_status":"","ping_status":"","sticky":false,"template":"","format":"standard","meta":{"footnotes":""},"categories":[59],"tags":[30,28,29,83,82],"class_list":{"0":"post-123242","1":"post","2":"type-post","3":"status-publish","4":"format-standard","5":"has-post-thumbnail","7":"category-sport","8":"tag-no","9":"tag-norge","10":"tag-norway","11":"tag-sport","12":"tag-sports"},"share_on_mastodon":{"url":"https:\/\/pubeurope.com\/@no\/115796339783117154","error":""},"_links":{"self":[{"href":"https:\/\/www.europesays.com\/no\/wp-json\/wp\/v2\/posts\/123242","targetHints":{"allow":["GET"]}}],"collection":[{"href":"https:\/\/www.europesays.com\/no\/wp-json\/wp\/v2\/posts"}],"about":[{"href":"https:\/\/www.europesays.com\/no\/wp-json\/wp\/v2\/types\/post"}],"author":[{"embeddable":true,"href":"https:\/\/www.europesays.com\/no\/wp-json\/wp\/v2\/users\/2"}],"replies":[{"embeddable":true,"href":"https:\/\/www.europesays.com\/no\/wp-json\/wp\/v2\/comments?post=123242"}],"version-history":[{"count":0,"href":"https:\/\/www.europesays.com\/no\/wp-json\/wp\/v2\/posts\/123242\/revisions"}],"wp:featuredmedia":[{"embeddable":true,"href":"https:\/\/www.europesays.com\/no\/wp-json\/wp\/v2\/media\/123243"}],"wp:attachment":[{"href":"https:\/\/www.europesays.com\/no\/wp-json\/wp\/v2\/media?parent=123242"}],"wp:term":[{"taxonomy":"category","embeddable":true,"href":"https:\/\/www.europesays.com\/no\/wp-json\/wp\/v2\/categories?post=123242"},{"taxonomy":"post_tag","embeddable":true,"href":"https:\/\/www.europesays.com\/no\/wp-json\/wp\/v2\/tags?post=123242"}],"curies":[{"name":"wp","href":"https:\/\/api.w.org\/{rel}","templated":true}]}}