{"id":123246,"date":"2025-12-28T09:01:11","date_gmt":"2025-12-28T09:01:11","guid":{"rendered":"https:\/\/www.europesays.com\/no\/123246\/"},"modified":"2025-12-28T09:01:11","modified_gmt":"2025-12-28T09:01:11","slug":"tre-personer-i-sverige-dode-under-ekstremvaer","status":"publish","type":"post","link":"https:\/\/www.europesays.com\/no\/123246\/","title":{"rendered":"Tre personer i Sverige d\u00f8de under ekstremv\u00e6r"},"content":{"rendered":"\n<p class=\"_lead_o9xde_2 _lead_xtcu6_50 layout-component text-serif-m layout-normal text-serif-l layout-component layout-wide layout-padded _wide_17hqh_1 layout-padded\">En mann i 60-\u00e5rene har omkommet etter at han fikk et tre over seg i Hofors i Sverige. D\u00f8dstallet i Sverige under ekstremv\u00e6ret Johannes stiger dermed til tre.<\/p>\n<ul class=\"_gallery_1qa3s_23\" tabindex=\"0\">\n<li class=\"_item_1qa3s_37\" data-index=\"0\"><img fetchpriority=\"high\" decoding=\"async\" class=\"_image_foru8_23 _introGallery_foru8_43\" data-fullscreen- width=\"6192\" height=\"4128\" itemprop=\"image\" loading=\"eager\"  src=\"https:\/\/www.europesays.com\/no\/wp-content\/uploads\/2025\/12\/82fb1105-3d9a-44df-bfa3-b6b12117cd18\"  style=\"object-position:50% 50%;aspect-ratio:var(--gallery-aspect-ratio, 16 \/ 9)\"\/>Mye sn\u00f8 og vind lager problemer i Sverige.  Foto: Pontus Lundahl \/ TT \/ NTB<\/li>\n<li class=\"_item_1qa3s_37\" data-index=\"1\"><img decoding=\"async\" class=\"_image_foru8_23 _introGallery_foru8_43\" data-fullscreen- width=\"6048\" height=\"4032\" itemprop=\"image\" loading=\"lazy\"  src=\"https:\/\/www.europesays.com\/no\/wp-content\/uploads\/2025\/12\/525704ea-b745-490a-8e20-1ede4084e2cd\"  style=\"object-position:50% 50%;aspect-ratio:var(--gallery-aspect-ratio, 16 \/ 9)\"\/>Mye sn\u00f8 og vind lager problemer i Sverige.  Foto: Pontus Lundahl \/ TT \/ NTB<\/li>\n<li class=\"_item_1qa3s_37\" data-index=\"2\"><img decoding=\"async\" class=\"_image_foru8_23 _introGallery_foru8_43\" data-fullscreen- width=\"3522\" height=\"2640\" itemprop=\"image\" loading=\"lazy\"  src=\"https:\/\/www.europesays.com\/no\/wp-content\/uploads\/2025\/12\/ed471a79-1e21-4c9a-a4c0-f0034fe0ea4b\"  style=\"object-position:50% 50%;aspect-ratio:var(--gallery-aspect-ratio, 16 \/ 9)\"\/>Flere tr\u00e6r har blitt bl\u00e5st over ende under ekstremv\u00e6ret Johannes, illustrert her fra Delsbo i Sverige l\u00f8rdag.  Foto: Tomas Bengtsson \/ TT \/ AP \/ NTB<\/li>\n<\/ul>\n<p>Mye sn\u00f8 og vind lager problemer i Sverige.  Foto: Pontus Lundahl \/ TT \/ NTB<\/p>\n<ul aria-hidden=\"true\" class=\"_images_ntbth_112\">\n<li><a class=\"_link_ntbth_117\" href=\"https:\/\/www.vg.no\/forfatter\/ntb\" style=\"z-index:1\" title=\"NTB\" rel=\"nofollow noopener\" target=\"_blank\"><img alt=\"Bilde av NTB\" class=\"_image_ntbth_93\" fetchpriority=\"low\" loading=\"lazy\" decoding=\"async\" itemprop=\"image\"  src=\"https:\/\/www.europesays.com\/no\/wp-content\/uploads\/2025\/12\/1766912471_257_c33980b0-5d07-4027-84a1-813f90a7c8d6\"  width=\"480\"\/><\/a><\/li>\n<\/ul>\n<p> Oppdatert s\u00f8ndag 28. desember kl. 09:39     <\/p>\n<p class=\"_paragraph_o9xde_4 _paragraph_xtcu6_10 layout-component text-serif-m layout-normal text-serif-m layout-padded\">Politiet skal etterforske ulykken, som er anmeldt som en arbeidsulykke.<\/p>\n<p class=\"_paragraph_o9xde_4 _paragraph_xtcu6_10 layout-component text-serif-m layout-normal text-serif-m layout-padded\">Mannen jobbet i skogen da treet bl\u00e5ste ned l\u00f8rdag kveld.<\/p>\n<p class=\"_paragraph_o9xde_4 _paragraph_xtcu6_10 layout-component text-serif-m layout-normal text-serif-m layout-padded\">En annen person d\u00f8de ogs\u00e5 av skadene etter \u00e5 ha blitt klemt fast under et tre utenfor byen Sandviken. Senere p\u00e5 kvelden d\u00f8de ogs\u00e5 en mann mens han ryddet falne tr\u00e6r i H\u00e4rn\u00f6sand i Nord-<a href=\"https:\/\/www.vg.no\/tag\/sverige?utm_source=vg-article&amp;utm_medium=auto-tagger&amp;utm_campaign=aJwa5M\" class=\"_link_o9xde_39\" rel=\"nofollow noopener\" target=\"_blank\">Sverige<\/a>.<\/p>\n<p class=\"_paragraph_o9xde_4 _paragraph_xtcu6_10 layout-component text-serif-m layout-normal text-serif-m layout-padded\"> Over 40.000 husstander mistet str\u00f8mmen i Sverige, mens finske <a href=\"https:\/\/yle.fi\/a\/7-10090580\" class=\"_link_o9xde_39\" rel=\"nofollow noopener\" target=\"_blank\">Yle<\/a> oppgir at over 100.000 husstander har mistet str\u00f8mmen i Finland. Mobilnettet har ogs\u00e5 falt ut i J\u00e4mtland.<\/p>\n","protected":false},"excerpt":{"rendered":"En mann i 60-\u00e5rene har omkommet etter at han fikk et tre over seg i Hofors i Sverige.&hellip;\n","protected":false},"author":2,"featured_media":123247,"comment_status":"","ping_status":"","sticky":false,"template":"","format":"standard","meta":{"footnotes":""},"categories":[12],"tags":[20,21,7933,24,25,15,22,23,13,30,28,29,14,16,1359,26,27,42,43,44,45],"class_list":{"0":"post-123246","1":"post","2":"type-post","3":"status-publish","4":"format-standard","5":"has-post-thumbnail","7":"category-verden","8":"tag-breaking-news","9":"tag-breakingnews","10":"tag-ekstremvaer","11":"tag-featured-news","12":"tag-featurednews","13":"tag-headlines","14":"tag-latest-news","15":"tag-latestnews","16":"tag-news","17":"tag-no","18":"tag-norge","19":"tag-norway","20":"tag-nyheter","21":"tag-overskrifter","22":"tag-sverige","23":"tag-top-stories","24":"tag-topstories","25":"tag-verden","26":"tag-world","27":"tag-world-news","28":"tag-worldnews"},"share_on_mastodon":{"url":"https:\/\/pubeurope.com\/@no\/115796383362151087","error":""},"_links":{"self":[{"href":"https:\/\/www.europesays.com\/no\/wp-json\/wp\/v2\/posts\/123246","targetHints":{"allow":["GET"]}}],"collection":[{"href":"https:\/\/www.europesays.com\/no\/wp-json\/wp\/v2\/posts"}],"about":[{"href":"https:\/\/www.europesays.com\/no\/wp-json\/wp\/v2\/types\/post"}],"author":[{"embeddable":true,"href":"https:\/\/www.europesays.com\/no\/wp-json\/wp\/v2\/users\/2"}],"replies":[{"embeddable":true,"href":"https:\/\/www.europesays.com\/no\/wp-json\/wp\/v2\/comments?post=123246"}],"version-history":[{"count":0,"href":"https:\/\/www.europesays.com\/no\/wp-json\/wp\/v2\/posts\/123246\/revisions"}],"wp:featuredmedia":[{"embeddable":true,"href":"https:\/\/www.europesays.com\/no\/wp-json\/wp\/v2\/media\/123247"}],"wp:attachment":[{"href":"https:\/\/www.europesays.com\/no\/wp-json\/wp\/v2\/media?parent=123246"}],"wp:term":[{"taxonomy":"category","embeddable":true,"href":"https:\/\/www.europesays.com\/no\/wp-json\/wp\/v2\/categories?post=123246"},{"taxonomy":"post_tag","embeddable":true,"href":"https:\/\/www.europesays.com\/no\/wp-json\/wp\/v2\/tags?post=123246"}],"curies":[{"name":"wp","href":"https:\/\/api.w.org\/{rel}","templated":true}]}}