{"id":123248,"date":"2025-12-28T09:08:12","date_gmt":"2025-12-28T09:08:12","guid":{"rendered":"https:\/\/www.europesays.com\/no\/123248\/"},"modified":"2025-12-28T09:08:12","modified_gmt":"2025-12-28T09:08:12","slug":"billingstad-politiet-jaktet-tyv-som-skal-ha-flyktet-fra-innbrudd-store-verdier","status":"publish","type":"post","link":"https:\/\/www.europesays.com\/no\/123248\/","title":{"rendered":"Billingstad, Politiet | Jaktet tyv som skal ha flyktet fra innbrudd: \u2013 Store verdier"},"content":{"rendered":"\n<p>\u2013 Politiet er p\u00e5 Billingstadsletta etter at en vekter h\u00f8rte at et vindu ble knust i et n\u00e6ringsbygg som driver med salg av tobakksprodukter, melder operasjonsleder Gabriel Langfeldt i politiet klokken 05.24.<\/p>\n<p>   <img decoding=\"async\" width=\"5712\" height=\"4284\" fetchpriority=\"low\"  loading=\"lazy\"  src=\"https:\/\/www.europesays.com\/no\/wp-content\/uploads\/2025\/12\/IMG_9575.JPG\" alt=\"\" class=\"brick-c-cFOWSL\" style=\"--brick-image-ratio: 5712 \/ 4284;\"\/><\/p>\n<p>      Her tok tyvene seg inn, trolig ved hjelp av et brannslukkingsapparat.<br \/>\n      Foto: MORTEN \u00d8VERBYE\n    <\/p>\n<p>Da politiet kom frem til stedet tok de en person p\u00e5 fersken som lempet varer fra bygget ut i en ventende bil.<\/p>\n<p>\u2013 Vedkommende ble tatt kontroll p\u00e5. En person l\u00f8p til skogs, og vi s\u00f8ker fortsatt etter denne personen. Vi er til stede med flere enheter samt drone, kommenterer Langfeldt.<\/p>\n<p>    Vil du se neste video?<\/p>\n<p>    <a href=\"https:\/\/www.budstikka.no\/sjekk-hva-som-dukket-opp-i-fjorden\/v\/5-55-2170083\" class=\"recommend-poster\" data-adp-clicklabel=\"video-recommend\" data-adp-clickvalue=\"poster\" rel=\"nofollow noopener\" target=\"_blank\"><\/p>\n<p>Sjekk hva som dukket opp i fjorden0:34<\/p>\n<p>    <\/a><\/p>\n<p>Drone, hund, patruljer i omr\u00e5det<\/p>\n<p>Varerommet p\u00e5 den ventende bilen var full av tobakksprodukter. Det skal v\u00e6re snakk om store verdier.<\/p>\n<p>Den p\u00e5grepne, en svensk mann i 50-\u00e5rene, er kj\u00f8rt til arresten.<\/p>\n<p>   <img decoding=\"async\" width=\"3840\" height=\"2880\" fetchpriority=\"low\"  loading=\"lazy\"  src=\"https:\/\/www.europesays.com\/no\/wp-content\/uploads\/2025\/12\/billingstadsletta+innbrudd+pikselert_2.jpg\" alt=\"\" class=\"brick-c-cFOWSL\" style=\"--brick-image-ratio: 3840 \/ 2880;\"\/><\/p>\n<p>      Innbrudd p\u00e5 Billingstadsletta. En ble tatt, en flyktet.<br \/>\n      Foto: MORTEN \u00d8VERBYE\n    <\/p>\n<p>Klokken 06.30 hadde politiet flere enheter, drone og hundepatrulje i omr\u00e5det.<\/p>\n<p>\u2013 Vi gir oss ikke, vi vil ha tak i denne tyven. Vi jobber og med parallelle spor og etterretning opp mot den personen vi har p\u00e5grepet, sier Langfeldt.<\/p>\n<p>De s\u00f8kte da i skogholtet nord for Billingstadsletta, opp mot \u00c5sl\u00f8kka.<\/p>\n<p>Knuste d\u00f8rer<\/p>\n<p>S\u00f8ndag morgen var det flere patruljer til stede p\u00e5 Billingstadsletta.<\/p>\n<p>\u2013 De har tatt seg inn gjennom to glassd\u00f8rer og en jernd\u00f8r, f\u00f8r de har fraktet med seg tobakksvarer ut, forteller innsatsleder \u00d8yvind Erstad i politiet.<\/p>\n<p>Utenfor lokalene ligger det kartonger og sigarer str\u00f8dd rundt en varebil. En s\u00f8ppelvogn er trolig brukt til \u00e5 frakte varene ut. Lasterommet p\u00e5 bilen ble fylt opp av tyvegods f\u00f8r tyvene ble stoppet.<\/p>\n<p>   <img decoding=\"async\" width=\"4032\" height=\"3024\" fetchpriority=\"low\"  loading=\"lazy\"  src=\"https:\/\/www.europesays.com\/no\/wp-content\/uploads\/2025\/12\/IMG_9606_1.JPG\" alt=\"\" class=\"brick-c-cFOWSL\" style=\"--brick-image-ratio: 4032 \/ 3024;\"\/><\/p>\n<p>      Det skal v\u00e6re snakk om varer for hundretusenvis av kroner som ble fors\u00f8kt stj\u00e5let.<br \/>\n      Foto: MORTEN \u00d8VERBYE\n    <\/p>\n<p>\u2013 Vi fikk melding fra vekterselskapet om at de hadde g\u00e5tt en alarm og de hadde sett folk inne i lokalet. Vi kom ganske raskt til stedet og fikk kontroll p\u00e5 en person, sier Erstad.<\/p>\n<p>Politiet har f\u00e5tt hjelp av en hundepatrulje fra S\u00f8r\u00f8st politidistrikt som bidrar i jakten p\u00e5 den siste mistenkte. Signalementet l\u00f8d p\u00e5 mann i m\u00f8rke kl\u00e6r, f\u00f8rst observert med finlandshette p\u00e5 hodet.<\/p>\n<p>   <img decoding=\"async\" width=\"5712\" height=\"4284\" fetchpriority=\"low\"  loading=\"lazy\"  src=\"https:\/\/www.europesays.com\/no\/wp-content\/uploads\/2025\/12\/IMG_9561.JPG\" alt=\"\" class=\"brick-c-cFOWSL\" style=\"--brick-image-ratio: 5712 \/ 4284;\"\/><\/p>\n<p>      Innbrudd Billingstadsletta<br \/>\n      Foto: MORTEN \u00d8VERBYE\n    <\/p>\n<p>  Avsluttet s\u00f8k<\/p>\n<p>I 09.30-tiden er s\u00f8ket avsluttet fra politiets side.<\/p>\n<p>&#8211; Etter et grundig og langvarig s\u00f8k, har vi avsluttet. Det blir n\u00e5 opp til etterforskningen \u00e5 avdekke hvem den siste personen er, sier operasjonsleder Vidar Pedersen til Budstikka.<\/p>\n<p>If\u00f8lge Pedersen har politiet sikret videooverv\u00e5kning fra omr\u00e5det.<\/p>\n<p>&#8211; Alt tyvegods er overlevert til den rettmessige eieren p\u00e5 stedet. Det blir ogs\u00e5 sikret, slik at vi unng\u00e5r ny hendelser, sier Pedersen.<\/p>\n<p>&#8211; F\u00f8ler dere dere n\u00e5 sikre p\u00e5 at det er kun disse to som er involvert? <\/p>\n<p>&#8211; Vi er ikke sikre p\u00e5 eksakt antall som var involvert. De kan ha hatt hjelp av andre.<\/p>\n","protected":false},"excerpt":{"rendered":"\u2013 Politiet er p\u00e5 Billingstadsletta etter at en vekter h\u00f8rte at et vindu ble knust i et n\u00e6ringsbygg&hellip;\n","protected":false},"author":2,"featured_media":123249,"comment_status":"","ping_status":"","sticky":false,"template":"","format":"standard","meta":{"footnotes":""},"categories":[12],"tags":[36,9299,20,21,24,25,15,22,23,13,30,28,29,14,16,468,1510,26,27,941,42,43,44,45],"class_list":{"0":"post-123248","1":"post","2":"type-post","3":"status-publish","4":"format-standard","5":"has-post-thumbnail","7":"category-verden","8":"tag-art","9":"tag-billingstad","10":"tag-breaking-news","11":"tag-breakingnews","12":"tag-featured-news","13":"tag-featurednews","14":"tag-headlines","15":"tag-latest-news","16":"tag-latestnews","17":"tag-news","18":"tag-no","19":"tag-norge","20":"tag-norway","21":"tag-nyheter","22":"tag-overskrifter","23":"tag-politiet","24":"tag-story","25":"tag-top-stories","26":"tag-topstories","27":"tag-ulykker-og-hendelser","28":"tag-verden","29":"tag-world","30":"tag-world-news","31":"tag-worldnews"},"share_on_mastodon":{"url":"https:\/\/pubeurope.com\/@no\/115796410739012909","error":""},"_links":{"self":[{"href":"https:\/\/www.europesays.com\/no\/wp-json\/wp\/v2\/posts\/123248","targetHints":{"allow":["GET"]}}],"collection":[{"href":"https:\/\/www.europesays.com\/no\/wp-json\/wp\/v2\/posts"}],"about":[{"href":"https:\/\/www.europesays.com\/no\/wp-json\/wp\/v2\/types\/post"}],"author":[{"embeddable":true,"href":"https:\/\/www.europesays.com\/no\/wp-json\/wp\/v2\/users\/2"}],"replies":[{"embeddable":true,"href":"https:\/\/www.europesays.com\/no\/wp-json\/wp\/v2\/comments?post=123248"}],"version-history":[{"count":0,"href":"https:\/\/www.europesays.com\/no\/wp-json\/wp\/v2\/posts\/123248\/revisions"}],"wp:featuredmedia":[{"embeddable":true,"href":"https:\/\/www.europesays.com\/no\/wp-json\/wp\/v2\/media\/123249"}],"wp:attachment":[{"href":"https:\/\/www.europesays.com\/no\/wp-json\/wp\/v2\/media?parent=123248"}],"wp:term":[{"taxonomy":"category","embeddable":true,"href":"https:\/\/www.europesays.com\/no\/wp-json\/wp\/v2\/categories?post=123248"},{"taxonomy":"post_tag","embeddable":true,"href":"https:\/\/www.europesays.com\/no\/wp-json\/wp\/v2\/tags?post=123248"}],"curies":[{"name":"wp","href":"https:\/\/api.w.org\/{rel}","templated":true}]}}