{"id":123250,"date":"2025-12-28T09:11:11","date_gmt":"2025-12-28T09:11:11","guid":{"rendered":"https:\/\/www.europesays.com\/no\/123250\/"},"modified":"2025-12-28T09:11:11","modified_gmt":"2025-12-28T09:11:11","slug":"kjenner-du-igjen-skilegenden-slik-har-du-aldri-sett-ham","status":"publish","type":"post","link":"https:\/\/www.europesays.com\/no\/123250\/","title":{"rendered":"Kjenner du igjen skilegenden? Slik har du aldri sett ham"},"content":{"rendered":"<p>Edwards ble i 1988 den f\u00f8rste briten siden 1928 som deltok i et olympisk hopprenn. Gjennom hele karrieren trykket publikum den karismatiske skiprofilen til sitt hjerte.<\/p>\n<p>N\u00e5 f\u00e5r Edwards applaus for helt andre ting enn svevkurver og evne til \u00e5 sette nedslag.<\/p>\n<p>Den siste tiden har nemlig 62-\u00e5ringen vist seg fram som skuespiller i hjemlandet. I julen spiller han karakteren \u00abProfessor Crackpot\u00bb i oppsetningen av \u00abSkj\u00f8nnheten og udyret\u00bb p\u00e5 Watersmeet Theatre i Rickmansworth.<\/p>\n<p>        <img class=\"image__img lazyload\" itemprop=\"image\" title=\"Foto: Thomas Krych \/ AP \/ NTB\" alt=\"Michael Edwards har blitt skuespiller. Foto: Thomas Krych \/ AP \/ NTB\" width=\"675\" height=\"379\" bad-src=\"https:\/\/www.europesays.com\/no\/wp-content\/uploads\/2025\/12\/18416218.webp\" fetchpriority=\"auto\" \/><\/p>\n<p>      Michael Edwards har blitt skuespiller.<br \/>\n         Foto: Thomas Krych \/ AP \/ NTB<\/p>\n<p>\u00abEddie, som aldri har v\u00e6rt fremmed for utfordringer, debuterte i pantomimeforestillingen Askepott og gleder seg veldig til \u00e5 komme tilbake p\u00e5 scenen igjen denne julen\u00bb, skriver teateret.<\/p>\n<p>Omfavnet av fansen<\/p>\n<p>Edwards har etter hoppkarrieren gjort alt fra \u00e5 spille inn sanger til \u00e5 holde foredrag. Han har ogs\u00e5 deltatt i en lang rekke TV-programmer. I en alder av 62 \u00e5r fortsetter han alts\u00e5 \u00e5 underholde publikum.<\/p>\n<p>        <img class=\"image__img lazyload\" itemprop=\"image\" title=\"Foto: Katsumi Kasahara \/ AP \/ NTB\" alt=\"Michael Edwards ble en kulthelt. Foto: Katsumi Kasahara \/ AP \/ NTB\" width=\"675\" height=\"473\" bad-src=\"https:\/\/www.europesays.com\/no\/wp-content\/uploads\/2025\/12\/18416221.webp\" fetchpriority=\"auto\" \/><\/p>\n<p>      Michael Edwards ble en kulthelt.<br \/>\n         Foto: Katsumi Kasahara \/ AP \/ NTB<\/p>\n<p>Under Calgary-OL i 1988 ble \u00abEddie The Eagle\u00bb et verdensfenomen. Selv om idrettsprestasjonene var elendige, ble innsatsen i bakken en stor snakkis. Han endte sist b\u00e5de i normalbakkerennet og i storbakken.<\/p>\n<p>Etter den v\u00e5gale hoppingen til Edwards i 1988-OL, innf\u00f8rte Den internasjonale olympiske komit\u00e9 (IOC) nye regler. Det satte en stopper for den glade amat\u00f8ren under de p\u00e5f\u00f8lgende vinterlekene i Albertville (1992), Lillehammer (1994) og Nagano (1998).<\/p>\n<p>Hopperen med underbittet og de tykke brilleglassene som dogget s\u00e5 han knapt s\u00e5, ble like fullt omfavnet av fansen. Briten ble sendt verden rundt i privatfly og dukket ogs\u00e5 opp som gjest hos Johnny Carson i \u00abThe Tonight Show\u00bb sammen med Burt Reynolds.<\/p>\n<p>Pengene str\u00f8mmet periodevis inn, selv om titlene uteble.<\/p>\n<p>Skilsmisse<\/p>\n<p>En skilsmisse i 2014 t\u00e6ret samtidig hardt p\u00e5 showmannens \u00f8konomi.<\/p>\n<p>\u2013 Pengene ble satt i et fond, men dem som passet p\u00e5 det hele satte ikke av nok penger til skatteinnbetaling og det endte med konkurs, sa Edwards i et intervju fire \u00e5r senere.<\/p>\n<p>        <img class=\"image__img lazyload\" itemprop=\"image\" title=\"Foto: Thomas Krych \/ AP \/ NTB\" alt=\"Michael Edwards i \u00abBeauty and the Beast\u00bb. Foto: Thomas Krych \/ AP \/ NTB\" width=\"978\" height=\"551\" bad-src=\"https:\/\/www.europesays.com\/no\/wp-content\/uploads\/2025\/12\/18416219.webp\" fetchpriority=\"auto\" \/><\/p>\n<p>      Michael Edwards i \u00abBeauty and the Beast\u00bb.<br \/>\n         Foto: Thomas Krych \/ AP \/ NTB<\/p>\n<p>Han framsnakket sjelden egne prestasjoner, men ber\u00f8mmelsen forsto han til en viss grad.<\/p>\n<p>\u2013 Det var vel fordi jeg var hoppsportens David mot de andre Goliat-nasjonene. Det er en farlig sport, og siden jeg ikke var spesielt flink, tror jeg mennesker kunne relatere seg mer til meg enn Matti Nyk\u00e4nen, som bare fl\u00f8y i vei, sa Edwards i det samme intervjuet i 2018. <\/p>\n<p>        <img class=\"image__img lazyload\" itemprop=\"image\" title=\"Foto: Frank Augstein \/ AP \/ NTB\" alt=\"Michael Edwards slik han huskes fra hoppbakken. Foto: Frank Augstein \/ AP \/ NTB\" width=\"978\" height=\"551\" bad-src=\"https:\/\/www.europesays.com\/no\/wp-content\/uploads\/2025\/12\/18416220.webp\" fetchpriority=\"auto\" \/><\/p>\n<p>      Michael Edwards slik han huskes fra hoppbakken.<br \/>\n         Foto: Frank Augstein \/ AP \/ NTB<\/p>\n<p>Kinofilmen \u00abEddie The Eagle\u00bb fra 2016 med Taron Egerton og Hugh Jackman i hovedrollene introduserte i tillegg hoppikonet for en helt ny verden av fans.<\/p>\n<p>N\u00e5 er alts\u00e5 Edwards selv blitt skuespiller.<\/p>\n<p>(\u00a9NTB)<\/p>\n","protected":false},"excerpt":{"rendered":"Edwards ble i 1988 den f\u00f8rste briten siden 1928 som deltok i et olympisk hopprenn. Gjennom hele karrieren&hellip;\n","protected":false},"author":2,"featured_media":123251,"comment_status":"","ping_status":"","sticky":false,"template":"","format":"standard","meta":{"footnotes":""},"categories":[59],"tags":[30,28,29,83,82],"class_list":{"0":"post-123250","1":"post","2":"type-post","3":"status-publish","4":"format-standard","5":"has-post-thumbnail","7":"category-sport","8":"tag-no","9":"tag-norge","10":"tag-norway","11":"tag-sport","12":"tag-sports"},"share_on_mastodon":{"url":"https:\/\/pubeurope.com\/@no\/115796422339770619","error":""},"_links":{"self":[{"href":"https:\/\/www.europesays.com\/no\/wp-json\/wp\/v2\/posts\/123250","targetHints":{"allow":["GET"]}}],"collection":[{"href":"https:\/\/www.europesays.com\/no\/wp-json\/wp\/v2\/posts"}],"about":[{"href":"https:\/\/www.europesays.com\/no\/wp-json\/wp\/v2\/types\/post"}],"author":[{"embeddable":true,"href":"https:\/\/www.europesays.com\/no\/wp-json\/wp\/v2\/users\/2"}],"replies":[{"embeddable":true,"href":"https:\/\/www.europesays.com\/no\/wp-json\/wp\/v2\/comments?post=123250"}],"version-history":[{"count":0,"href":"https:\/\/www.europesays.com\/no\/wp-json\/wp\/v2\/posts\/123250\/revisions"}],"wp:featuredmedia":[{"embeddable":true,"href":"https:\/\/www.europesays.com\/no\/wp-json\/wp\/v2\/media\/123251"}],"wp:attachment":[{"href":"https:\/\/www.europesays.com\/no\/wp-json\/wp\/v2\/media?parent=123250"}],"wp:term":[{"taxonomy":"category","embeddable":true,"href":"https:\/\/www.europesays.com\/no\/wp-json\/wp\/v2\/categories?post=123250"},{"taxonomy":"post_tag","embeddable":true,"href":"https:\/\/www.europesays.com\/no\/wp-json\/wp\/v2\/tags?post=123250"}],"curies":[{"name":"wp","href":"https:\/\/api.w.org\/{rel}","templated":true}]}}