{"id":123252,"date":"2025-12-28T09:15:19","date_gmt":"2025-12-28T09:15:19","guid":{"rendered":"https:\/\/www.europesays.com\/no\/123252\/"},"modified":"2025-12-28T09:15:19","modified_gmt":"2025-12-28T09:15:19","slug":"vaepnet-gruppe-noytralisert-dagen-for-valget","status":"publish","type":"post","link":"https:\/\/www.europesays.com\/no\/123252\/","title":{"rendered":"V\u00e6pnet gruppe \u00abn\u00f8ytralisert\u00bb dagen f\u00f8r valget"},"content":{"rendered":"\n<p class=\"_lead_o9xde_2 _lead_xtcu6_50 layout-component text-serif-m layout-normal text-serif-l layout-component layout-wide layout-padded _wide_17hqh_1 layout-padded\">Dagen f\u00f8r presidentvalget i det vestafrikanske landet Guinea er en v\u00e6pnet gruppe som truet nasjonal sikkerhet blitt \u00abn\u00f8ytralisert\u00bb, if\u00f8lge sikkerhetsstyrkene.<\/p>\n<ul class=\"_gallery_1qa3s_23\" tabindex=\"0\">\n<li class=\"_item_1qa3s_37\" data-index=\"0\"><img fetchpriority=\"high\" decoding=\"async\" class=\"_image_foru8_23 _introGallery_foru8_43\" data-fullscreen- width=\"8640\" height=\"5760\" itemprop=\"image\" loading=\"eager\"  src=\"https:\/\/www.europesays.com\/no\/wp-content\/uploads\/2025\/12\/85d2cb0b-9293-4d86-84fd-ee9dfa7ebb2d\"  style=\"object-position:50% 50%;aspect-ratio:var(--gallery-aspect-ratio, 16 \/ 9)\"\/>Soldater utenfor et valglokale der juntaleder Mamady Doumbouya skulle avgi sin stemme i en grunnlovsavstemning tidligere i \u00e5r.  Foto: Misper Apawu \/ AP \/ NTB<\/li>\n<li class=\"_item_1qa3s_37\" data-index=\"1\"><img decoding=\"async\" class=\"_image_foru8_23 _introGallery_foru8_43\" data-fullscreen- width=\"5000\" height=\"3333\" itemprop=\"image\" loading=\"lazy\"  src=\"https:\/\/www.europesays.com\/no\/wp-content\/uploads\/2025\/12\/59460479-285c-48a4-9cc6-c4318b16cc7f\"  style=\"object-position:50% 50%;aspect-ratio:var(--gallery-aspect-ratio, 16 \/ 9)\"\/>Mamady Doumbouya leder milit\u00e6rjuntaen i Guinea. Her er han fotografert under en milit\u00e6rparade i Mali i 2022.  Foto: AP \/ NTB<\/li>\n<\/ul>\n<p>Soldater utenfor et valglokale der juntaleder Mamady Doumbouya skulle avgi sin stemme i en grunnlovsavstemning tidligere i \u00e5r.  Foto: Misper Apawu \/ AP \/ NTB<\/p>\n<ul aria-hidden=\"true\" class=\"_images_ntbth_112\">\n<li><a class=\"_link_ntbth_117\" href=\"https:\/\/www.vg.no\/forfatter\/ntb\" style=\"z-index:1\" title=\"NTB\" rel=\"nofollow noopener\" target=\"_blank\"><img alt=\"Bilde av NTB\" class=\"_image_ntbth_93\" fetchpriority=\"low\" loading=\"lazy\" decoding=\"async\" itemprop=\"image\"  src=\"https:\/\/www.europesays.com\/no\/wp-content\/uploads\/2025\/12\/1766913319_138_c33980b0-5d07-4027-84a1-813f90a7c8d6\"  width=\"480\"\/><\/a><\/li>\n<\/ul>\n<p> Oppdatert s\u00f8ndag 28. desember kl. 06:17     <\/p>\n<p class=\"_paragraph_o9xde_4 _paragraph_xtcu6_10 layout-component text-serif-m layout-normal text-serif-m layout-padded\">Dette skal ha skjedd i hovedstaden Conakry l\u00f8rdag.<\/p>\n<p class=\"_paragraph_o9xde_4 _paragraph_xtcu6_10 layout-component text-serif-m layout-normal text-serif-m layout-padded\">Presidentvalget holdes s\u00f8ndag med ni kandidater, inkludert juntalederen, general Mamady Doumbouya.<\/p>\n<p class=\"_paragraph_o9xde_4 _paragraph_xtcu6_10 layout-component text-serif-m layout-normal text-serif-m layout-padded\">\u00abBasert p\u00e5 p\u00e5litelig etterretning, gjennomf\u00f8rte sikkerhetstjenestene en m\u00e5lrettet operasjon i et omr\u00e5de i utkanten av Conakry hvor en v\u00e6pnet gruppe var til stede\u00bb, heter det i en uttalelse fra en felles enhet sammensatt av politi, soldater og tollvesen.<\/p>\n<p class=\"_paragraph_o9xde_4 _paragraph_xtcu6_10 layout-component text-serif-m layout-normal text-serif-m layout-padded\">\u2013 Denne operasjonen gjorde det mulig \u00e5 fullstendig n\u00f8ytralisere gruppen og arrestere de involverte personene etter flere skuddvekslinger, heter det i uttalelsen.<\/p>\n<p>Kulehull og blodrester<\/p>\n<p class=\"_paragraph_o9xde_4 _paragraph_xtcu6_10 layout-component text-serif-m layout-normal text-serif-m layout-padded\">Sikkerhetsstyrkene har ikke gitt ytterligere informasjon, og de nevner heller ikke valget.<\/p>\n<p class=\"_paragraph_o9xde_4 _paragraph_xtcu6_10 layout-component text-serif-m layout-normal text-serif-m layout-padded\">Innbyggere forteller til nyhetsbyr\u00e5et AFP at det ble avfyrt skudd fredag kveld og tidlig l\u00f8rdag i Sonfonia, et omr\u00e5de som ligger rundt 15 kilometer fra sentrum av Conakry.<\/p>\n<p class=\"_paragraph_o9xde_4 _paragraph_xtcu6_10 layout-component text-serif-m layout-normal text-serif-m layout-padded\">De forteller at skytingen fant sted n\u00e6r en mosk\u00e9 som fortsatt var under bygging og et hus, og det var kulehull i veggene p\u00e5 de to bygningene, samt blodspor i omr\u00e5det.<\/p>\n<p>H\u00f8y fattigdom<\/p>\n<p class=\"_paragraph_o9xde_4 _paragraph_xtcu6_10 layout-component text-serif-m layout-normal text-serif-m layout-padded\">Siden uavhengigheten i 1958 har <a href=\"https:\/\/www.vg.no\/tag\/guinea?utm_source=vg-article&amp;utm_medium=auto-tagger&amp;utm_campaign=Pd9ale\" class=\"_link_o9xde_39\" rel=\"nofollow noopener\" target=\"_blank\">Guinea<\/a> hatt en kompleks historie med milit\u00e6rt og autorit\u00e6rt styre. Guinea er rikt p\u00e5 mineraler, men mer enn halvparten av innbyggerne lever under fattigdomsgrensen, if\u00f8lge tall for 2024 fra Verdensbanken.<\/p>\n<p class=\"_paragraph_o9xde_4 _paragraph_xtcu6_10 layout-component text-serif-m layout-normal text-serif-m layout-padded\">S\u00f8ndagens valg skal etter planen avrunde en fire\u00e5rig overgangsperiode som har vart siden milit\u00e6ret grep makten i september 2021.<\/p>\n","protected":false},"excerpt":{"rendered":"Dagen f\u00f8r presidentvalget i det vestafrikanske landet Guinea er en v\u00e6pnet gruppe som truet nasjonal sikkerhet blitt \u00abn\u00f8ytralisert\u00bb,&hellip;\n","protected":false},"author":2,"featured_media":123253,"comment_status":"","ping_status":"","sticky":false,"template":"","format":"standard","meta":{"footnotes":""},"categories":[12],"tags":[20,21,24,25,14594,15,22,23,13,30,28,29,14,16,26,27,518,42,43,44,45],"class_list":{"0":"post-123252","1":"post","2":"type-post","3":"status-publish","4":"format-standard","5":"has-post-thumbnail","7":"category-verden","8":"tag-breaking-news","9":"tag-breakingnews","10":"tag-featured-news","11":"tag-featurednews","12":"tag-guinea","13":"tag-headlines","14":"tag-latest-news","15":"tag-latestnews","16":"tag-news","17":"tag-no","18":"tag-norge","19":"tag-norway","20":"tag-nyheter","21":"tag-overskrifter","22":"tag-top-stories","23":"tag-topstories","24":"tag-valg","25":"tag-verden","26":"tag-world","27":"tag-world-news","28":"tag-worldnews"},"share_on_mastodon":{"url":"https:\/\/pubeurope.com\/@no\/115796438331948105","error":""},"_links":{"self":[{"href":"https:\/\/www.europesays.com\/no\/wp-json\/wp\/v2\/posts\/123252","targetHints":{"allow":["GET"]}}],"collection":[{"href":"https:\/\/www.europesays.com\/no\/wp-json\/wp\/v2\/posts"}],"about":[{"href":"https:\/\/www.europesays.com\/no\/wp-json\/wp\/v2\/types\/post"}],"author":[{"embeddable":true,"href":"https:\/\/www.europesays.com\/no\/wp-json\/wp\/v2\/users\/2"}],"replies":[{"embeddable":true,"href":"https:\/\/www.europesays.com\/no\/wp-json\/wp\/v2\/comments?post=123252"}],"version-history":[{"count":0,"href":"https:\/\/www.europesays.com\/no\/wp-json\/wp\/v2\/posts\/123252\/revisions"}],"wp:featuredmedia":[{"embeddable":true,"href":"https:\/\/www.europesays.com\/no\/wp-json\/wp\/v2\/media\/123253"}],"wp:attachment":[{"href":"https:\/\/www.europesays.com\/no\/wp-json\/wp\/v2\/media?parent=123252"}],"wp:term":[{"taxonomy":"category","embeddable":true,"href":"https:\/\/www.europesays.com\/no\/wp-json\/wp\/v2\/categories?post=123252"},{"taxonomy":"post_tag","embeddable":true,"href":"https:\/\/www.europesays.com\/no\/wp-json\/wp\/v2\/tags?post=123252"}],"curies":[{"name":"wp","href":"https:\/\/api.w.org\/{rel}","templated":true}]}}