{"id":123256,"date":"2025-12-28T09:22:47","date_gmt":"2025-12-28T09:22:47","guid":{"rendered":"https:\/\/www.europesays.com\/no\/123256\/"},"modified":"2025-12-28T09:22:47","modified_gmt":"2025-12-28T09:22:47","slug":"stillehavsnasjon-tar-imot-deporterte-fra-usa-i-bytte-mot-okonomisk-stotte","status":"publish","type":"post","link":"https:\/\/www.europesays.com\/no\/123256\/","title":{"rendered":"Stillehavsnasjon tar imot deporterte fra USA i bytte mot \u00f8konomisk st\u00f8tte"},"content":{"rendered":"<p><strong>Den lille stillehavsnasjonen Palau har inng\u00e5tt en avtale med USA om \u00e5 ta imot opptil 75 deporterte i bytte mot 7,5 millioner dollar i bistand. Landet, som har rundt 18.000 innbyggere, oppgir arbeidskraftmangel som en av hoved\u00e5rsakene til avtalen. Det melder <a href=\"https:\/\/www.foxnews.com\/politics\/tiny-pacific-nation-take-up-75-deportees-trump-administration-accelerates-mass-removals\" rel=\"nofollow noopener\" target=\"_blank\">Fox News.<\/a><\/strong><\/p>\n<p>Avtalen gj\u00f8r det mulig for \u00abtredjelandsborgere\u00bb som aldri har blitt siktet for en forbrytelse, \u00e5 bo og arbeide i Palau. Den er formaliserte gjennom en s\u00e5kalt memorandum of understanding mellom de to landene.<\/p>\n<p>\u2013 Palau og USA signerer en avtale som lar opptil 75 tredjelandsborgere, som aldri er blitt siktet for en forbrytelse, bo og jobbe i Palau og bidra til \u00e5 dekke lokale arbeidskraftbehov, sier president Surangel Whipps Jr.s kontor i en uttalelse.<\/p>\n<p>U.S. Embassy i Koror uttrykker takknemlighet for samarbeidet og understreker at h\u00e5ndheving av amerikanske immigrasjonslover er en prioritet for Trump-administrasjonen. \u2013 USA setter stor pris p\u00e5 Palaus samarbeid med \u00e5 h\u00e5ndheve amerikanske immigrasjonslover, som fortsatt er en topp prioritet for Trump-administrasjonen. I den forbindelse tildeler USA 7,5 millioner dollar for \u00e5 m\u00f8te behovene til relevante offentlige tjenester i Palau, sier ambassaden.<\/p>\n<p>I tillegg til \u00e5 ta imot deporterte vil USA gi seks millioner dollar for \u00e5 st\u00f8tte Palaus pensjonssystem for offentlig ansatte og to millioner dollar til nye tiltak innen politiet.<\/p>\n<p>Palau, som tidligere har v\u00e6rt brukt som filmlokasjon for realityserien \u00abSurvivor\u00bb, er avhengig av utenlandsk bistand og har lenge mottatt st\u00f8tte fra USA, if\u00f8lge New York Post.<\/p>\n<p>Avtalen markerer en fortsettelse av Trump-administrasjonens strategi for \u00e5 fremme selvdeportasjon og styrke h\u00e5ndheving av immigrasjonslover, samtidig som den gir Palau mulighet til \u00e5 dekke arbeidskraftbehov i landet.<\/p>\n","protected":false},"excerpt":{"rendered":"Den lille stillehavsnasjonen Palau har inng\u00e5tt en avtale med USA om \u00e5 ta imot opptil 75 deporterte i&hellip;\n","protected":false},"author":2,"featured_media":123257,"comment_status":"","ping_status":"","sticky":false,"template":"","format":"standard","meta":{"footnotes":""},"categories":[12],"tags":[20,21,13630,55,24,25,15,1403,22,23,13,30,28,29,14,16,14595,9691,26,27,42,43,44,45],"class_list":{"0":"post-123256","1":"post","2":"type-post","3":"status-publish","4":"format-standard","5":"has-post-thumbnail","7":"category-verden","8":"tag-breaking-news","9":"tag-breakingnews","10":"tag-deportasjon","11":"tag-donald-trump","12":"tag-featured-news","13":"tag-featurednews","14":"tag-headlines","15":"tag-ice","16":"tag-latest-news","17":"tag-latestnews","18":"tag-news","19":"tag-no","20":"tag-norge","21":"tag-norway","22":"tag-nyheter","23":"tag-overskrifter","24":"tag-palau","25":"tag-stillehavet","26":"tag-top-stories","27":"tag-topstories","28":"tag-verden","29":"tag-world","30":"tag-world-news","31":"tag-worldnews"},"share_on_mastodon":{"url":"https:\/\/pubeurope.com\/@no\/115796469582258368","error":""},"_links":{"self":[{"href":"https:\/\/www.europesays.com\/no\/wp-json\/wp\/v2\/posts\/123256","targetHints":{"allow":["GET"]}}],"collection":[{"href":"https:\/\/www.europesays.com\/no\/wp-json\/wp\/v2\/posts"}],"about":[{"href":"https:\/\/www.europesays.com\/no\/wp-json\/wp\/v2\/types\/post"}],"author":[{"embeddable":true,"href":"https:\/\/www.europesays.com\/no\/wp-json\/wp\/v2\/users\/2"}],"replies":[{"embeddable":true,"href":"https:\/\/www.europesays.com\/no\/wp-json\/wp\/v2\/comments?post=123256"}],"version-history":[{"count":0,"href":"https:\/\/www.europesays.com\/no\/wp-json\/wp\/v2\/posts\/123256\/revisions"}],"wp:featuredmedia":[{"embeddable":true,"href":"https:\/\/www.europesays.com\/no\/wp-json\/wp\/v2\/media\/123257"}],"wp:attachment":[{"href":"https:\/\/www.europesays.com\/no\/wp-json\/wp\/v2\/media?parent=123256"}],"wp:term":[{"taxonomy":"category","embeddable":true,"href":"https:\/\/www.europesays.com\/no\/wp-json\/wp\/v2\/categories?post=123256"},{"taxonomy":"post_tag","embeddable":true,"href":"https:\/\/www.europesays.com\/no\/wp-json\/wp\/v2\/tags?post=123256"}],"curies":[{"name":"wp","href":"https:\/\/api.w.org\/{rel}","templated":true}]}}