{"id":123258,"date":"2025-12-28T09:25:12","date_gmt":"2025-12-28T09:25:12","guid":{"rendered":"https:\/\/www.europesays.com\/no\/123258\/"},"modified":"2025-12-28T09:25:12","modified_gmt":"2025-12-28T09:25:12","slug":"ida-marie-hagen-far-tv-jobb","status":"publish","type":"post","link":"https:\/\/www.europesays.com\/no\/123258\/","title":{"rendered":"Ida Marie Hagen f\u00e5r TV-jobb"},"content":{"rendered":"\n<p class=\"_lead_o9xde_2 _lead_xtcu6_50 layout-component text-serif-m layout-normal text-serif-l layout-component layout-wide layout-padded _wide_17hqh_1 layout-padded\">Kombinertl\u00f8per Ida Marie Hagen (25) er tvunget p\u00e5 sidelinjen under vinter-OL. Hun skal bruke lekene til \u00e5 jobbe som ekspert.<\/p>\n<p><img alt=\"Ida Marie Hagen blir kombinertekspert i OL.&#10;Foto: Terje Bendiksby \/ NTB Foto: Terje Bendiksby \/ NTB\" class=\"_image_qp4xg_65 layout-component layout-wide\" data-fullscreen- data-track-element-type=\"Article image fullscreen\" data-track-name=\"ImageFullscreen\" fetchpriority=\"high\" decoding=\"sync\" loading=\"eager\" height=\"5354\" itemprop=\"image\"  src=\"https:\/\/www.europesays.com\/no\/wp-content\/uploads\/2025\/12\/e4c3327c-20d1-4675-980a-453157ab8d25\"  style=\"object-position:0% 0%\" width=\"8032\"\/>Ida Marie Hagen blir kombinertekspert i OL.<br \/>\nFoto: Terje Bendiksby \/ NTB Foto: Terje Bendiksby \/ NTB<\/p>\n<ul aria-hidden=\"true\" class=\"_images_ntbth_112\">\n<li><a class=\"_link_ntbth_117\" href=\"https:\/\/www.vg.no\/forfatter\/ntb\" style=\"z-index:1\" title=\"NTB\" rel=\"nofollow noopener\" target=\"_blank\"><img alt=\"Bilde av NTB\" class=\"_image_ntbth_93\" fetchpriority=\"low\" loading=\"lazy\" decoding=\"async\" itemprop=\"image\"  src=\"https:\/\/www.europesays.com\/no\/wp-content\/uploads\/2025\/12\/1766913912_138_c33980b0-5d07-4027-84a1-813f90a7c8d6\"  width=\"480\"\/><\/a><\/li>\n<\/ul>\n<p> Oppdatert s\u00f8ndag 28. desember kl. 09:57     <\/p>\n<p class=\"_paragraph_o9xde_4 _paragraph_xtcu6_10 layout-component text-serif-m layout-normal text-serif-m layout-padded\">\u2013 Det blir i hvert fall kult \u00e5 v\u00e6re der og se p\u00e5 gutta og v\u00e6re en del av det, sier Hagen til NTB.<\/p>\n<p class=\"_paragraph_o9xde_4 _paragraph_xtcu6_10 layout-component text-serif-m layout-normal text-serif-m layout-padded\">Kombinert for kvinner er ikke en del av OL-programmet. Under lekene skal hun v\u00e6re ekspert for HBO Max sammen med kommentator Jan Christian Bj\u00f8rn. HBO Max har rettighetene til lekene sammen med NRK.<\/p>\n<p class=\"_paragraph_o9xde_4 _paragraph_xtcu6_10 layout-component text-serif-m layout-normal text-serif-m layout-padded\">\u2013 Jeg har v\u00e6rt med p\u00e5 NRK noen ganger og i Viaplays vinterstudio. Det er vel det n\u00e6rmeste jeg kommer, forteller 25-\u00e5ringen om TV-erfaringen.<\/p>\n<p class=\"_paragraph_o9xde_4 _paragraph_xtcu6_10 layout-component text-serif-m layout-normal text-serif-m layout-padded\">Hun har ogs\u00e5 TV-erfaring fra da hun ble utsatt for skjult kamera og ble av <a href=\"https:\/\/tv.nrk.no\/serie\/skjult-vm-kamera\/sesong\/1\/episode\/MSPO54208225\" class=\"_link_o9xde_39\" rel=\"nofollow noopener\" target=\"_blank\">NRK<\/a> lurt inn i en debatt med blant andre Danby Choi.<\/p>\n<p class=\"_paragraph_o9xde_4 _paragraph_xtcu6_10 layout-component text-serif-m layout-normal text-serif-m layout-padded\">Jarl Magnus Riiber har lagt opp og f\u00e5tt en rolle for kombinertlandslaget. Han er glad for sjansen Hagen har f\u00e5tt.<\/p>\n<p class=\"_paragraph_o9xde_4 _paragraph_xtcu6_10 layout-component text-serif-m layout-normal text-serif-m layout-padded\">\u2013 Det blir kult \u00e5 ha Ida som ekspert. Hun har et godt trent \u00f8ye. Jeg h\u00e5per hun slakter oss, det f\u00e5r hun bare gj\u00f8re hvis det m\u00e5 til, smiler Riiber.<\/p>\n<p class=\"_paragraph_o9xde_4 _paragraph_xtcu6_10 layout-component text-serif-m layout-normal text-serif-m layout-padded\">OL starter 6. februar og avsluttes 22. februar.<\/p>\n","protected":false},"excerpt":{"rendered":"Kombinertl\u00f8per Ida Marie Hagen (25) er tvunget p\u00e5 sidelinjen under vinter-OL. Hun skal bruke lekene til \u00e5 jobbe&hellip;\n","protected":false},"author":2,"featured_media":123259,"comment_status":"","ping_status":"","sticky":false,"template":"","format":"standard","meta":{"footnotes":""},"categories":[59],"tags":[30,28,29,83,82],"class_list":{"0":"post-123258","1":"post","2":"type-post","3":"status-publish","4":"format-standard","5":"has-post-thumbnail","7":"category-sport","8":"tag-no","9":"tag-norge","10":"tag-norway","11":"tag-sport","12":"tag-sports"},"share_on_mastodon":{"url":"https:\/\/pubeurope.com\/@no\/115796477862877277","error":""},"_links":{"self":[{"href":"https:\/\/www.europesays.com\/no\/wp-json\/wp\/v2\/posts\/123258","targetHints":{"allow":["GET"]}}],"collection":[{"href":"https:\/\/www.europesays.com\/no\/wp-json\/wp\/v2\/posts"}],"about":[{"href":"https:\/\/www.europesays.com\/no\/wp-json\/wp\/v2\/types\/post"}],"author":[{"embeddable":true,"href":"https:\/\/www.europesays.com\/no\/wp-json\/wp\/v2\/users\/2"}],"replies":[{"embeddable":true,"href":"https:\/\/www.europesays.com\/no\/wp-json\/wp\/v2\/comments?post=123258"}],"version-history":[{"count":0,"href":"https:\/\/www.europesays.com\/no\/wp-json\/wp\/v2\/posts\/123258\/revisions"}],"wp:featuredmedia":[{"embeddable":true,"href":"https:\/\/www.europesays.com\/no\/wp-json\/wp\/v2\/media\/123259"}],"wp:attachment":[{"href":"https:\/\/www.europesays.com\/no\/wp-json\/wp\/v2\/media?parent=123258"}],"wp:term":[{"taxonomy":"category","embeddable":true,"href":"https:\/\/www.europesays.com\/no\/wp-json\/wp\/v2\/categories?post=123258"},{"taxonomy":"post_tag","embeddable":true,"href":"https:\/\/www.europesays.com\/no\/wp-json\/wp\/v2\/tags?post=123258"}],"curies":[{"name":"wp","href":"https:\/\/api.w.org\/{rel}","templated":true}]}}