{"id":123260,"date":"2025-12-28T09:26:16","date_gmt":"2025-12-28T09:26:16","guid":{"rendered":"https:\/\/www.europesays.com\/no\/123260\/"},"modified":"2025-12-28T09:26:16","modified_gmt":"2025-12-28T09:26:16","slug":"jeg-var-i-sjokk","status":"publish","type":"post","link":"https:\/\/www.europesays.com\/no\/123260\/","title":{"rendered":"\u2013 Jeg var i sjokk"},"content":{"rendered":"\n<p class=\"_lead_o9xde_2 _lead_xtcu6_50 layout-component text-serif-m layout-normal text-serif-l layout-component layout-wide layout-padded _wide_17hqh_1 layout-padded\">Serieskaper Emilie Beck (34) fikk en uventet reaksjon da beskjeden om \u00abFlukten fra Bolivia\u00bb kom. <\/p>\n<p><img alt=\"Serieskaper Emilie Beck intervjues av VG under en pressedag for TV 2-serien \u00abFlukten fra Bolivia\u00bb.  Foto: Benjamin Brekken \/ VG\" class=\"_image_qp4xg_65 layout-component layout-wide\" data-fullscreen- data-track-element-type=\"Article image fullscreen\" data-track-name=\"ImageFullscreen\" fetchpriority=\"high\" decoding=\"sync\" loading=\"eager\" height=\"974\" itemprop=\"image\"  src=\"https:\/\/www.europesays.com\/no\/wp-content\/uploads\/2025\/12\/d52b761a-6996-4acd-b16e-f750d3cd0516\"  style=\"object-position:0% 0%\" width=\"1188\"\/>Serieskaper Emilie Beck intervjues av VG under en pressedag for TV 2-serien \u00abFlukten fra Bolivia\u00bb.  Foto: Benjamin Brekken \/ VG<\/p>\n<ul aria-hidden=\"true\" class=\"_images_ntbth_112\">\n<li><a class=\"_link_ntbth_117\" href=\"https:\/\/www.vg.no\/forfatter\/thor-benjamin-brekken\" style=\"z-index:1\" title=\"Benjamin Brekken\" rel=\"nofollow noopener\" target=\"_blank\"><img alt=\"Bilde av Benjamin Brekken\" class=\"_image_ntbth_93\" fetchpriority=\"low\" loading=\"lazy\" decoding=\"async\" itemprop=\"image\"  src=\"https:\/\/www.europesays.com\/no\/wp-content\/uploads\/2025\/12\/1766913974_624_a7e2b135-ec04-4aac-b1df-254547b32ff3\"  width=\"480\"\/><\/a><\/li>\n<\/ul>\n<p>Amerikalinjen, Oslo Oppdatert s\u00f8ndag 28. desember kl. 10:07     <\/p>\n<p class=\"_paragraph_o9xde_4 _paragraph_xtcu6_10 layout-component text-serif-m layout-normal text-serif-m layout-padded\">\u2013 Jeg hadde sett for meg at jeg skulle gr\u00e5te og hyle, men jeg ble helt rolig. Jeg var i sjokk. Jeg tok et glass vin alene p\u00e5 hotellrommet.<\/p>\n<p class=\"_paragraph_o9xde_4 _paragraph_xtcu6_10 layout-component text-serif-m layout-normal text-serif-m layout-padded\">Emilie Beck forteller VG om \u00f8yeblikket da hun fikk beskjed om at dr\u00f8mmeprosjektet hennes kunne realiseres, da hun fikk vite at <a href=\"https:\/\/www.vg.no\/tag\/tv-2?utm_source=vg-article&amp;utm_medium=auto-tagger&amp;utm_campaign=pB69ej\" class=\"_link_o9xde_39\" rel=\"nofollow noopener\" target=\"_blank\">TV 2<\/a> ville at \u00abFlukten fra Bolivia\u00bb skulle lages. <\/p>\n<p class=\"_paragraph_o9xde_4 _paragraph_xtcu6_10 layout-component text-serif-m layout-normal text-serif-m layout-padded\">\u2013 Vi fikk gr\u00f8nt lys i mai i fjor. Jeg ringte produsenten mens vi var p\u00e5 befaring i Cape Town, og hun sa: \u00abN\u00e5 blir det serie\u00bb. <\/p>\n<p>   \u2013 Tung tid<\/p>\n<p class=\"_paragraph_o9xde_4 _paragraph_xtcu6_10 layout-component text-serif-m layout-normal text-serif-m layout-padded\">Beck hadde brukt ni \u00e5r p\u00e5 \u00e5 f\u00e5 historien bak \u00abFlukten fra Bolivia\u00bb opp og st\u00e5. Flere ganger trodde hun prosjektet var i boks \u2013 men gang p\u00e5 gang stoppet alt opp. Omsider l\u00f8snet det. <\/p>\n<p class=\"_paragraph_o9xde_4 _paragraph_xtcu6_10 layout-component text-serif-m layout-normal text-serif-m layout-padded\">\u2013 Jeg trodde det kom til \u00e5 bli serie ganske mange ganger. Men det er en tung tid for TV- og filmbransjen, s\u00e5 vi stoppet opp et par ganger og m\u00e5tte finne andre l\u00f8sninger, sier Beck.<\/p>\n<p><img alt=\"Emilie K. Beck med \u00abFlukten fra Bolivia\u00bb-skuespillerne Ingvild Lien, Emil Gukild, Ella \u00d8verbye, Lisa Hovden og Josephine Tetlie.  Foto: TV 2 \/ NTB\" class=\"_image_qp4xg_65 layout-component layout-normal\" data-fullscreen- data-track-element-type=\"Article image fullscreen\" data-track-name=\"ImageFullscreen\" decoding=\"async\" loading=\"lazy\" height=\"2535\" itemprop=\"image\"  src=\"https:\/\/www.europesays.com\/no\/wp-content\/uploads\/2025\/12\/73665cbe-8c99-4a6e-a984-f233dd99939b\"  style=\"object-position:0% 0%\" width=\"3800\"\/>Emilie K. Beck med \u00abFlukten fra Bolivia\u00bb-skuespillerne Ingvild Lien, Emil Gukild, Ella \u00d8verbye, Lisa Hovden og Josephine Tetlie.  Foto: TV 2 \/ NTB<\/p>\n<p class=\"_paragraph_o9xde_4 _paragraph_xtcu6_10 layout-component text-serif-m layout-normal text-serif-m layout-padded\">34-\u00e5ringen har dykket dypt ned i den <a href=\"https:\/\/www.vg.no\/nyheter\/i\/JklEj\/bolivia-saken-i-retten-i-norge-bruk-alt-du-kan-sex-penger-alt\" data-track-element-type=\"Link\" data-track-id=\"link:JklEj\" class=\"_link_o9xde_39\" rel=\"nofollow noopener\" target=\"_blank\">mye omtalte Bolivia-saken<\/a> om tre unge norske kvinner som ble tatt med 22 kilo kokain i bagasjen og havnet i et boliviansk fengsel.<\/p>\n<p class=\"_paragraph_o9xde_4 _paragraph_xtcu6_10 layout-component text-serif-m layout-normal text-serif-m layout-padded\">Men hvem hun har snakket med helt konkret, vil hun ikke r\u00f8pe.<\/p>\n<p class=\"_paragraph_o9xde_4 _paragraph_xtcu6_10 layout-component text-serif-m layout-normal text-serif-m layout-padded\">\u2013 Jeg har valgt \u00e5 holde researchen tett til brystet. Jeg har snakket med mange involverte, b\u00e5de p\u00e5r\u00f8rende og folk som har v\u00e6rt direkte involvert i det. Av respekt for dem kommer jeg ikke til \u00e5 si noe mer. Men jeg har brukt \u00e5revis p\u00e5 dette og lest masse saksdokumenter.<\/p>\n<p><img alt=\"Hovedrolleinnehaver Ella \u00d8verbye i \u00abFlukten fra Bolivia\u00bb.  Foto: Lillian Julsvik \/ TV 2\" class=\"_image_qp4xg_65 layout-component layout-normal\" data-fullscreen- data-track-element-type=\"Article image fullscreen\" data-track-name=\"ImageFullscreen\" decoding=\"async\" loading=\"lazy\" height=\"4480\" itemprop=\"image\"  src=\"https:\/\/www.europesays.com\/no\/wp-content\/uploads\/2025\/12\/2f67e7e7-3fa2-4655-bf6c-c86970528c05\"  style=\"object-position:0% 0%\" width=\"6720\"\/>Hovedrolleinnehaver Ella \u00d8verbye i \u00abFlukten fra Bolivia\u00bb.  Foto: Lillian Julsvik \/ TV 2Ingen fasit<\/p>\n<p class=\"_paragraph_o9xde_4 _paragraph_xtcu6_10 layout-component text-serif-m layout-normal text-serif-m layout-padded\">Beck understreker at serien er inspirert av virkelige hendelser, men ikke et fors\u00f8k p\u00e5 \u00e5 presentere \u00e9n fasit.<\/p>\n<p class=\"_paragraph_o9xde_4 _paragraph_xtcu6_10 layout-component text-serif-m layout-normal text-serif-m layout-padded\">\u2013 Jeg er dokumentarist og opptatt av at ting skal portretteres riktig. Fengselsuniverset og rettssaken er s\u00e5 n\u00e6rt virkeligheten som du kan f\u00e5 det, sier hun.<\/p>\n<p class=\"_paragraph_o9xde_4 _paragraph_xtcu6_10 layout-component text-serif-m layout-normal text-serif-m layout-padded\">\u2013 Men det er en fiksjonsserie. Noe er inspirert av virkelighet, noe har vi m\u00e5ttet legge til for at det skal bli en spenningsserie, forklarer Beck. <\/p>\n<p><img alt=\"Jakob Oftebro i \u00abFlukten fra Bolivia\u00bb.  Foto: Charlie Sperring \/ TV 2\" class=\"_image_qp4xg_65 layout-component layout-normal\" data-fullscreen- data-track-element-type=\"Article image fullscreen\" data-track-name=\"ImageFullscreen\" decoding=\"async\" loading=\"lazy\" height=\"4192\" itemprop=\"image\"  src=\"https:\/\/www.europesays.com\/no\/wp-content\/uploads\/2025\/12\/099c8754-bd4f-4f59-9c95-02742ff59dfc\"  style=\"object-position:0% 0%\" width=\"6707\"\/>Jakob Oftebro i \u00abFlukten fra Bolivia\u00bb.  Foto: Charlie Sperring \/ TV 2<\/p>\n<p class=\"_paragraph_o9xde_4 _paragraph_xtcu6_10 layout-component text-serif-m layout-normal text-serif-m layout-padded\">Hva som er ekte, og hva som er dramatisert, \u00f8nsker hun ikke \u00e5 avsl\u00f8re.<\/p>\n<p class=\"_paragraph_o9xde_4 _paragraph_xtcu6_10 layout-component text-serif-m layout-normal text-serif-m layout-padded\">\u2013 Folk f\u00e5r lete selv. Det finnes mye ute om saken allerede. Og hva som egentlig skjedde, er det bare jentene selv som vet, sier hun. <\/p>\n<p class=\"_paragraph_o9xde_4 _paragraph_xtcu6_10 layout-component text-serif-m layout-normal text-serif-m layout-padded\"><strong class=\"_strong_o9xde_25\">Se Emilie Becks \u00abhemmelige\u00bb reklamefortid: <\/strong><\/p>\n<p class=\"_paragraph_o9xde_4 _paragraph_xtcu6_10 layout-component text-serif-m layout-normal text-serif-m layout-padded\">For Beck handler serien om mye mer enn kokain, overskrifter og spekulasjoner. Serieskaperen sier hun var fascinert av hvem jentene bak overskriftene var, og hvordan vennskapet deres endte med at de ikke snakker sammen i dag.<\/p>\n<p class=\"_paragraph_o9xde_4 _paragraph_xtcu6_10 layout-component text-serif-m layout-normal text-serif-m layout-padded\">\u2013 M\u00e5let er at man ikke sitter igjen med \u00e5 tenke \u00abdumme jenter\u00bb, men \u00abwow \u2013 dette var heftig\u00bb. Jeg har dyp respekt for det de har v\u00e6rt gjennom.<\/p>\n<p class=\"_paragraph_o9xde_4 _paragraph_xtcu6_10 layout-component text-serif-m layout-normal text-serif-m layout-padded\"><strong class=\"_strong_o9xde_25\">Se flere saker fra film- og serieverdenen:<\/strong><\/p>\n","protected":false},"excerpt":{"rendered":"Serieskaper Emilie Beck (34) fikk en uventet reaksjon da beskjeden om \u00abFlukten fra Bolivia\u00bb kom. Serieskaper Emilie Beck&hellip;\n","protected":false},"author":2,"featured_media":123261,"comment_status":"","ping_status":"","sticky":false,"template":"","format":"standard","meta":{"footnotes":""},"categories":[58],"tags":[1787,71,30,28,29,375,208,376,72],"class_list":{"0":"post-123260","1":"post","2":"type-post","3":"status-publish","4":"format-standard","5":"has-post-thumbnail","7":"category-underholdning","8":"tag-emil-gukild","9":"tag-entertainment","10":"tag-no","11":"tag-norge","12":"tag-norway","13":"tag-serier","14":"tag-tv-2","15":"tag-tv-serier","16":"tag-underholdning"},"share_on_mastodon":{"url":"https:\/\/pubeurope.com\/@no\/115796481512337334","error":""},"_links":{"self":[{"href":"https:\/\/www.europesays.com\/no\/wp-json\/wp\/v2\/posts\/123260","targetHints":{"allow":["GET"]}}],"collection":[{"href":"https:\/\/www.europesays.com\/no\/wp-json\/wp\/v2\/posts"}],"about":[{"href":"https:\/\/www.europesays.com\/no\/wp-json\/wp\/v2\/types\/post"}],"author":[{"embeddable":true,"href":"https:\/\/www.europesays.com\/no\/wp-json\/wp\/v2\/users\/2"}],"replies":[{"embeddable":true,"href":"https:\/\/www.europesays.com\/no\/wp-json\/wp\/v2\/comments?post=123260"}],"version-history":[{"count":0,"href":"https:\/\/www.europesays.com\/no\/wp-json\/wp\/v2\/posts\/123260\/revisions"}],"wp:featuredmedia":[{"embeddable":true,"href":"https:\/\/www.europesays.com\/no\/wp-json\/wp\/v2\/media\/123261"}],"wp:attachment":[{"href":"https:\/\/www.europesays.com\/no\/wp-json\/wp\/v2\/media?parent=123260"}],"wp:term":[{"taxonomy":"category","embeddable":true,"href":"https:\/\/www.europesays.com\/no\/wp-json\/wp\/v2\/categories?post=123260"},{"taxonomy":"post_tag","embeddable":true,"href":"https:\/\/www.europesays.com\/no\/wp-json\/wp\/v2\/tags?post=123260"}],"curies":[{"name":"wp","href":"https:\/\/api.w.org\/{rel}","templated":true}]}}