{"id":123264,"date":"2025-12-28T09:41:14","date_gmt":"2025-12-28T09:41:14","guid":{"rendered":"https:\/\/www.europesays.com\/no\/123264\/"},"modified":"2025-12-28T09:41:14","modified_gmt":"2025-12-28T09:41:14","slug":"tour-de-ski-program-program-for-tour-de-ski-2025-2026","status":"publish","type":"post","link":"https:\/\/www.europesays.com\/no\/123264\/","title":{"rendered":"Tour de Ski, Program | Program for Tour de ski 2025\/2026"},"content":{"rendered":"\n<p>TOBLACH\/VAL DI FIEMME (Nettavisen): Det er klart for en ny utgave av Tour de Ski, og Norge stiller som vanlig med sterke kort i b\u00e5de herre- og kvinneklassen.<\/p>\n<p>For andre \u00e5ret p\u00e5 rad arrangeres touren kun i Italia, der det hele starter i Toblach s\u00f8ndag 28. desember, f\u00f8r avslutningen g\u00e5r som vanlig opp monsterbakken i Val di Fiemme s\u00f8ndag 4. januar.<\/p>\n<p>Det er totalt seks etapper i denne utgaven av Tour de ski, og Nettavisen er p\u00e5 plass i Nord-Italia for \u00e5 f\u00f8lge samtlige etapper.<\/p>\n<p>Tour de Ski vises p\u00e5 Viasport 1 og str\u00f8mmetjenesten Viaplay. I tillegg sender NRK Radio touren direkte.<\/p>\n<p>Under f\u00f8lger programmet for hele touren:<\/p>\n<p>S\u00f8ndag 28. desember<\/p>\n<p><b>Toblach 1. etappe<\/b><br \/>11.45: Sprint, prolog fristil (Viasport 1\/Viaplay)<br \/>14.15: Sprint, finaler fristil (Viasport 1\/Viaplay)<\/p>\n<p>Mandag 29. desember<\/p>\n<p><b>Toblach 2. etappe<\/b><br \/>11.45: 10km klassisk, menn (Viasport1\/Viaplay)<br \/>14.45: 10km klassisk, kvinner (Viasport1\/Viaplay)<\/p>\n<p>Tirsdag 30. desember<\/p>\n<p>Fridag<\/p>\n<p>Onsdag 31. desember<\/p>\n<p><b>Toblach 3. etappe<\/b><br \/>11.30: 5km heat fellesstart fristil, menn (Viasport1\/Viaplay)<br \/>14.30: 5km heat fellesstart fristil, kvinner (Viasport1\/Viaplay)<\/p>\n<p>Torsdag 1. januar<\/p>\n<p><b>Toblach 4. etappe<\/b><br \/>10.30: 20km jaktstart klassisk, menn (Viasport1\/Viaplay)<br \/>12.30: 20km jaktstart klassisk, kvinner (Viasport1\/Viaplay)<\/p>\n<p>   <img decoding=\"async\" width=\"1799\" height=\"898\" fetchpriority=\"low\"  loading=\"lazy\"  src=\"https:\/\/www.europesays.com\/no\/wp-content\/uploads\/2025\/12\/Tour+de+ski+kart+toblach+val+di+fiemme.JPG\" alt=\"\" class=\"brick-c-cFOWSL\" style=\"--brick-image-ratio: 1799 \/ 898;\"\/><\/p>\n<p>      TO STOPPESTEDER: Tour de Ski arrangeres kun i Toblach og Val di Fiemme i Nord-Italia denne sesongen.<br \/>\n      Foto: Nettavisen\n    <\/p>\n<p>  Fredag 2. januar<\/p>\n<p>Fridag (reisedag)<\/p>\n<p>L\u00f8rdag 3. januar<\/p>\n<p><b>Val di Fiemme 5. etappe<\/b><br \/>12.15: Sprint prolog, klassisk (Viasport1\/Viaplay)<br \/>14.45: Sprint finaler, klassisk (Viasport1\/Viaplay)<\/p>\n<p>S\u00f8ndag 4. januar<\/p>\n<p><b>Val di Fiemme 6. etappe<\/b><br \/>11.30: 10km fellesstart fristil, menn (Viasport1\/Viaplay)<br \/>15.30: 10km fellesstart fristil, kvinner (Viasport1\/Viaplay)<\/p>\n<p>   <img decoding=\"async\" width=\"4983\" height=\"1914\" fetchpriority=\"low\"  loading=\"lazy\"  src=\"https:\/\/www.europesays.com\/no\/wp-content\/uploads\/2025\/12\/TourdeSki.jpg\" alt=\"\" class=\"brick-c-cFOWSL\" style=\"--brick-image-ratio: 4983 \/ 1914;\"\/><\/p>\n<p>  Den norske troppen i Tour de ski:<\/p>\n<p><b>Kvinner:<\/b> Heidi Weng, Kristine Stav\u00e5s Skistad, Mathilde Myhrvold, Julie Bjervig Drivenes, Kristin Austgulen Fosn\u00e6s, Karoline Simpson-Larsen, Astrid \u00d8yre Slind, Eva Ingebrigtsen, Ingrid Bergene Aabrekk, Nora Sanness.<\/p>\n<p><b>Menn:<\/b> Johannes H\u00f8sflot Kl\u00e6bo, Emil Iversen, Harald \u00d8stberg Amundsen, Lars Heggen, Ansgar Evensen, Simen Hegstad Kr\u00fcger, Andreas Fjorden Ree, Mattis Stenshagen, Erik Valnes, Oskar Opstad Vike.<\/p>\n","protected":false},"excerpt":{"rendered":"TOBLACH\/VAL DI FIEMME (Nettavisen): Det er klart for en ny utgave av Tour de Ski, og Norge stiller&hellip;\n","protected":false},"author":2,"featured_media":123265,"comment_status":"","ping_status":"","sticky":false,"template":"","format":"standard","meta":{"footnotes":""},"categories":[59],"tags":[30,28,29,83,82],"class_list":{"0":"post-123264","1":"post","2":"type-post","3":"status-publish","4":"format-standard","5":"has-post-thumbnail","7":"category-sport","8":"tag-no","9":"tag-norge","10":"tag-norway","11":"tag-sport","12":"tag-sports"},"share_on_mastodon":{"url":"https:\/\/pubeurope.com\/@no\/115796540523702848","error":""},"_links":{"self":[{"href":"https:\/\/www.europesays.com\/no\/wp-json\/wp\/v2\/posts\/123264","targetHints":{"allow":["GET"]}}],"collection":[{"href":"https:\/\/www.europesays.com\/no\/wp-json\/wp\/v2\/posts"}],"about":[{"href":"https:\/\/www.europesays.com\/no\/wp-json\/wp\/v2\/types\/post"}],"author":[{"embeddable":true,"href":"https:\/\/www.europesays.com\/no\/wp-json\/wp\/v2\/users\/2"}],"replies":[{"embeddable":true,"href":"https:\/\/www.europesays.com\/no\/wp-json\/wp\/v2\/comments?post=123264"}],"version-history":[{"count":0,"href":"https:\/\/www.europesays.com\/no\/wp-json\/wp\/v2\/posts\/123264\/revisions"}],"wp:featuredmedia":[{"embeddable":true,"href":"https:\/\/www.europesays.com\/no\/wp-json\/wp\/v2\/media\/123265"}],"wp:attachment":[{"href":"https:\/\/www.europesays.com\/no\/wp-json\/wp\/v2\/media?parent=123264"}],"wp:term":[{"taxonomy":"category","embeddable":true,"href":"https:\/\/www.europesays.com\/no\/wp-json\/wp\/v2\/categories?post=123264"},{"taxonomy":"post_tag","embeddable":true,"href":"https:\/\/www.europesays.com\/no\/wp-json\/wp\/v2\/tags?post=123264"}],"curies":[{"name":"wp","href":"https:\/\/api.w.org\/{rel}","templated":true}]}}