{"id":123270,"date":"2025-12-28T09:52:11","date_gmt":"2025-12-28T09:52:11","guid":{"rendered":"https:\/\/www.europesays.com\/no\/123270\/"},"modified":"2025-12-28T09:52:11","modified_gmt":"2025-12-28T09:52:11","slug":"eu-geopolitikk-norsk-ekspert-2026-blir-et-skjebnear-for-europa","status":"publish","type":"post","link":"https:\/\/www.europesays.com\/no\/123270\/","title":{"rendered":"EU, Geopolitikk | Norsk ekspert: 2026 blir et skjebne\u00e5r for Europa"},"content":{"rendered":"\n<p>\u2013 Neste \u00e5r blir helt avgj\u00f8rende for EU. Europa g\u00e5r et skjebne\u00e5r i m\u00f8te hvor evnen til \u00e5 st\u00e5 sammen i forsvaret av eget demokrati og sikkerhet vil bli satt p\u00e5 pr\u00f8ve, sier Riekeles.<\/p>\n<p>NTB m\u00f8ter nordmannen p\u00e5 en kaf\u00e9 i Brussel for \u00e5 snakke om hva som er i vente for EU, Norges viktigste partner.<\/p>\n<p>Riekeles har bodd i Brussel i 15 \u00e5r, hatt toppjobber i EU-kommisjonen og er i dag nestsjef for European Policy Centre (EPC), en innflytelsesrik tankesmie i Brussel.<\/p>\n<p>2025 har v\u00e6rt s\u00e6rdeles tungt med krigen i Ukraina, \u00f8kt russisk aggresjon, handelskrig og tapet av USA som alliert. Samtidig bl\u00e5ser vinden fra ytre h\u00f8yre stadig friskere.<\/p>\n<p>Og det blir ikke noe bedre i 2026, advarer Riekeles.<\/p>\n<p><b>Les ogs\u00e5: <a class=\"simple-relation related-teaser article--c-eRUmMG article--c-eRUmMG-fZoQSp-design-nettavisen article--c-eRUmMG-gwthdJ-cv\" href=\"https:\/\/www.nettavisen.no\/avslorer-religios-putin-stottespillers-tabu-vaner\/s\/5-95-2797863\" rel=\"nofollow noopener\" target=\"_blank\">Avsl\u00f8rer religi\u00f8s Putin-st\u00f8ttespillers tabu-vaner<\/a><\/b><\/p>\n<p>Permakrise<\/p>\n<p>For Europa er i det han kaller en permakrise, det vil si at nye kriser og tunge beslutninger bare ruller p\u00e5, fortere og fortere.<\/p>\n<p>\u2013 Hva blir de st\u00f8rste utfordringene?<\/p>\n<p>\u2013 Jeg tror alle Europas langsiktige m\u00e5l er under press. Dramatisk press. Det gjelder sikkerhet, velstand, \u00f8konomi og b\u00e6rekraft \u2013 i en verdensorden som er stokket om, der hele det internasjonale rammeverket som m\u00f8ysommelig er bygget opp etter annen verdenskrig, brytes ned, sier Riekeles.<\/p>\n<p>For EU handler det n\u00e5 om \u00e5 ta ansvar for Ukraina og egen sikkerhet. Og \u00e5 st\u00e5 imot maktbruk fra USA og Kina og unng\u00e5 \u00e5 havne i skvis mellom de to \u00f8konomiske supermaktene, mener analytikeren.<\/p>\n<p>\u2013 De siste m\u00e5nedene har det g\u00e5tt opp for europeiske hovedsteder at Kina og USAs stormaktspolitikk handler om at \u00abmakt gir rett\u00bb. Og at de akter \u00e5 bruke den makten. Dette er et voldsomt press som man som liberale, demokratiske samfunn st\u00e5r overfor, sier han.<\/p>\n<p><b>Les ogs\u00e5: <a class=\"simple-relation related-teaser article--c-eRUmMG article--c-eRUmMG-fZoQSp-design-nettavisen article--c-eRUmMG-gwthdJ-cv\" href=\"https:\/\/www.nettavisen.no\/splittelse-i-russland-putin-river-kontrakten-i-to\/s\/5-95-2796659\" rel=\"nofollow noopener\" target=\"_blank\">Splittelse i Russland: \u2013 Putin river kontrakten i to<\/a><\/b><\/p>\n<p>Dobbelt bevegelse fra USA<\/p>\n<p>Nylig kom Donald Trump med USAs nye sikkerhetsstrategi. Der rasles det med sablene overfor Europa.<\/p>\n<p>\u2013 Dypest sett handler strategien om en dobbelt bevegelse i forholdet til Europa: \u00c5 trekke seg ut milit\u00e6rt, samtidig som vi ser mer politisk innblanding, mener Riekeles.<\/p>\n<p>   <img decoding=\"async\" width=\"8640\" height=\"5760\" fetchpriority=\"low\"  loading=\"lazy\"  src=\"https:\/\/www.europesays.com\/no\/wp-content\/uploads\/2025\/12\/NTB_5oiOCWk6C3w.jpg\" alt=\"A woman walks past holiday trees for sale outside the European Commission headquarters in Brussels, Tuesday, Dec. 9, 2025. (AP Photo\/Virginia Mayo)\" class=\"brick-c-cFOWSL\" style=\"--brick-image-ratio: 8640 \/ 5760;\"\/><\/p>\n<p>      BRUSSEL: 2026 blir et avgj\u00f8rende \u00e5r for EU \u2013 som m\u00e5 sette seg i respekt i en ny verdensorden, mener analytiker.<br \/>\n      Foto: Virginia Mayo (AP \/NTB)\n    <\/p>\n<p>Han peker p\u00e5 at sterke krefter i den amerikanske Maga-bevegelsen vil oppl\u00f8se EU. De gir n\u00e6ring til indre splid gjennom \u00e5 st\u00f8tte ytre h\u00f8yre-partier og illiberale krefter i Europa. Det er akkurat det samme som Russlands Vladimir Putin gj\u00f8r.<\/p>\n<p>\u2013 Det handler om \u00e5 bryte ned Europa. Et EU som kan st\u00e5 for egne interesser og verdier og ta egne valg.<\/p>\n<p>\u2013 Hvorfor det?<\/p>\n<p>\u2013 For USA er det mer bekvemt \u00e5 ha et Europa som f\u00f8lger amerikanske interesser og regler, sier Riekeles, som peker p\u00e5 at USA lenge har \u00f8nsket et Europa som kj\u00f8per amerikansk i stedet for \u00e5 utvikle og produsere selv.<\/p>\n<p>\u2013 Og til sjuende og sist handler det helt grunnleggende om \u00e5 angripe det liberale, regelbaserte demokratiet, som EU er den fremste forsvareren av, sier Riekeles.<\/p>\n<p><b>Les ogs\u00e5: <a class=\"simple-relation related-teaser article--c-eRUmMG article--c-eRUmMG-fZoQSp-design-nettavisen article--c-eRUmMG-gwthdJ-cv\" href=\"https:\/\/www.nettavisen.no\/lavrov-europeiske-styrker-i-ukraina-legitime-mal-for-russland\/s\/5-95-2798725\" rel=\"nofollow noopener\" target=\"_blank\">Lavrov: Europeiske styrker i Ukraina legitime m\u00e5l for Russland<\/a><\/b><\/p>\n<p>Farlig tanke<\/p>\n<p>Men b\u00e5de i Norge og i EU omtales USA fortsatt som den viktigste allierte. Det b\u00f8r vi slutte med, mener Riekeles.<\/p>\n<p>\u2013 Den farligste tanken vi kan ha n\u00e5 i Europa \u2013 og i Norge \u2013 er \u00e5 tro at amerikanerne alltid kommer til \u00e5 v\u00e6re der, ved v\u00e5r side. Man b\u00f8r ikke framskynde skilsmissen, men man m\u00e5 v\u00e6re seg bevisst at amerikanerne allerede har skilt lag p\u00e5 grunnleggende verdier, sier Riekeles.<\/p>\n<p>\u2013 Det Trump har gjort, er \u00e5 dolke det grunnleggende prinsippet i ryggen om at vi alltid vil holde sammen i tykt og tynt, sl\u00e5r han fast.<\/p>\n<p>            Dette blir EUs st\u00f8rste utfordringer i 2026<\/p>\n<p>EU-analytiker Georg Riekeles mener EU st\u00e5r overfor fire hovedutfordringer til neste \u00e5r:<\/p>\n<p>* Ukraina: Europa m\u00e5 st\u00f8tte Ukraina ikke bare politisk og \u00f8konomisk, men ogs\u00e5 milit\u00e6rt.<\/p>\n<p>* Forsvar og opprustning: Bare ved \u00e5 ta ansvar for eget forsvar i Nato og EU kan Europa fri seg fra amerikansk press.<\/p>\n<p>* \u00d8konomisk sikkerhet: EU m\u00e5 sikre kritisk industri og infrastruktur mot kinesisk og amerikansk maktbruk.<\/p>\n<p>* Strategiske investeringer: Europa m\u00e5 f\u00e5 opp investeringsniv\u00e5et i egen b\u00e6rekraft og kritiske verdikjeder og teknologi.<\/p>\n<p>Riekeles mener at EUs m\u00e5te \u00e5 h\u00e5ndtere Trump p\u00e5 til n\u00e5 har v\u00e6rt feilsl\u00e5tt. Sommerens forhandlinger om Trump-tollen er et eksempel.<\/p>\n<p>\u2013 EU-kommisjonen og Ursula von der Leyen har v\u00e6rt svake i h\u00e5ndteringen av Trump. De har lest situasjonen feil. Man tror at det er ved \u00e5 holde hodet lavt, smiske og smigre, at man oppn\u00e5r mest fra Trump. Men situasjonen er den motsatte, sier Riekeles, som ikke er det spor overrasket over at Trump har karakterisert europeiske ledere som \u00absvake\u00bb.<\/p>\n<p>\u2013 De benyttet ikke sjansen til \u00e5 pushe USA i handelsforhandlingene, noe man er n\u00f8dt til i dagens verdensorden. Hadde USA, Kina og andre sett et Europa som sto opp for seg selv, hadde utfallet blitt et annet, og man ville blitt tatt seri\u00f8st.<\/p>\n<p>    Vil du se neste video?<\/p>\n<p>    <a href=\"https:\/\/www.nettavisen.no\/nyheter\/stripper-pa-string-showbar-i-oslo-avslorer-slik-far-jeg-mest-tips-i-trusa\/v\/5-95-2772941\" class=\"recommend-poster\" data-adp-clicklabel=\"video-recommend\" data-adp-clickvalue=\"poster\" rel=\"nofollow noopener\" target=\"_blank\"><br \/>\n      <img decoding=\"async\" width=\"200\" height=\"200\" loading=\"lazy\" src=\"https:\/\/www.europesays.com\/no\/wp-content\/uploads\/2025\/12\/Stripper+til+cue.jpg\" alt=\"\" class=\"brick-c-cFOWSL\" style=\"--brick-image-ratio: 200 \/ 200;\"\/><\/p>\n<p>Stripper avsl\u00f8rer: \u2013 Slik f\u00e5r jeg mest tips i trusa1:46<\/p>\n<p>    <\/a><\/p>\n<p>        Russlands president Vladimir Putin holdt ikke tilbake p\u00e5 kritikken mot Europa, under et m\u00f8te med det russiske forsvarsdepartementet 17. desember.<br \/>\n        M\u00e5 bli t\u00f8ffere<\/p>\n<p>For EU er det bare ett \u00e5 gj\u00f8re:<\/p>\n<p>\u2013 EU m\u00e5 bli t\u00f8ffere og sette seg i respekt, sier Riekeles.<\/p>\n<p>Og man kan begynne med \u00e5 t\u00f8rre \u00e5 h\u00e5ndheve EUs digitale regelverk.<\/p>\n<p>\u2013 EU har ikke villet provosere USA og gjennomf\u00f8re tek-reglene fordi Trump og tek-oligarkene har felles interesser. S\u00e5 man har lagt seg flat, istedenfor bare \u00e5 si at dette er v\u00e5rt regelverk. At plattformer som skal operere i EU, m\u00e5 f\u00f8lge reglene, sier han.<\/p>\n","protected":false},"excerpt":{"rendered":"\u2013 Neste \u00e5r blir helt avgj\u00f8rende for EU. Europa g\u00e5r et skjebne\u00e5r i m\u00f8te hvor evnen til \u00e5&hellip;\n","protected":false},"author":2,"featured_media":123271,"comment_status":"","ping_status":"","sticky":false,"template":"","format":"standard","meta":{"footnotes":""},"categories":[12],"tags":[20,21,24,25,15,22,23,13,30,28,29,14,16,26,27,42,43,44,45],"class_list":{"0":"post-123270","1":"post","2":"type-post","3":"status-publish","4":"format-standard","5":"has-post-thumbnail","7":"category-verden","8":"tag-breaking-news","9":"tag-breakingnews","10":"tag-featured-news","11":"tag-featurednews","12":"tag-headlines","13":"tag-latest-news","14":"tag-latestnews","15":"tag-news","16":"tag-no","17":"tag-norge","18":"tag-norway","19":"tag-nyheter","20":"tag-overskrifter","21":"tag-top-stories","22":"tag-topstories","23":"tag-verden","24":"tag-world","25":"tag-world-news","26":"tag-worldnews"},"share_on_mastodon":{"url":"https:\/\/pubeurope.com\/@no\/115796583763264680","error":""},"_links":{"self":[{"href":"https:\/\/www.europesays.com\/no\/wp-json\/wp\/v2\/posts\/123270","targetHints":{"allow":["GET"]}}],"collection":[{"href":"https:\/\/www.europesays.com\/no\/wp-json\/wp\/v2\/posts"}],"about":[{"href":"https:\/\/www.europesays.com\/no\/wp-json\/wp\/v2\/types\/post"}],"author":[{"embeddable":true,"href":"https:\/\/www.europesays.com\/no\/wp-json\/wp\/v2\/users\/2"}],"replies":[{"embeddable":true,"href":"https:\/\/www.europesays.com\/no\/wp-json\/wp\/v2\/comments?post=123270"}],"version-history":[{"count":0,"href":"https:\/\/www.europesays.com\/no\/wp-json\/wp\/v2\/posts\/123270\/revisions"}],"wp:featuredmedia":[{"embeddable":true,"href":"https:\/\/www.europesays.com\/no\/wp-json\/wp\/v2\/media\/123271"}],"wp:attachment":[{"href":"https:\/\/www.europesays.com\/no\/wp-json\/wp\/v2\/media?parent=123270"}],"wp:term":[{"taxonomy":"category","embeddable":true,"href":"https:\/\/www.europesays.com\/no\/wp-json\/wp\/v2\/categories?post=123270"},{"taxonomy":"post_tag","embeddable":true,"href":"https:\/\/www.europesays.com\/no\/wp-json\/wp\/v2\/tags?post=123270"}],"curies":[{"name":"wp","href":"https:\/\/api.w.org\/{rel}","templated":true}]}}