{"id":123272,"date":"2025-12-28T09:53:07","date_gmt":"2025-12-28T09:53:07","guid":{"rendered":"https:\/\/www.europesays.com\/no\/123272\/"},"modified":"2025-12-28T09:53:07","modified_gmt":"2025-12-28T09:53:07","slug":"politiet-mistenker-drap-nrk-innlandet-lokale-nyheter-tv-og-radio","status":"publish","type":"post","link":"https:\/\/www.europesays.com\/no\/123272\/","title":{"rendered":"Politiet mistenker drap \u2013 NRK Innlandet \u2013 Lokale nyheter, TV og radio"},"content":{"rendered":"<p>Politiet har iverksatt etterforskning etter at en kvinne ble funnet d\u00f8d i sin bolig l\u00f8rdag kveld.<\/p>\n<p>Politiet hadde f\u00e5tt en bekymringsmelding om at det ikke oppn\u00e5dd kontakt med kvinnen. Politiet dro deretter til kvinnens bopel hvor de fant henne d\u00f8d, skriver politiet i Innlandet i en pressemelding.<\/p>\n<p>If\u00f8lge politiet var det omstendigheter p\u00e5 \u00e5stedet gjorde at politiet iverksatte etterforskning.<\/p>\n<p>\u2013 Politiet etterforsker saken ut i fra flere ulike hypoteser, en av hypotesene er at dette er et drap.<\/p>\n<p>En person er siktet i saken.<\/p>\n<p>\u2013 Per n\u00e5 har ikke politiet opplysninger om hvor vedkommende befinner seg og politiet jobber n\u00e5 med \u00e5 f\u00e5 kontroll p\u00e5 personen.<\/p>\n<p>If\u00f8lge politiet er det en relasjon mellom den siktede og den avd\u00f8de kvinnen.<\/p>\n<p>\u2013 Politiet gj\u00f8r n\u00e5 kriminaltekniske unders\u00f8kelser og har bistand fra Kripos og det gjennomf\u00f8res blant annet flere avh\u00f8r av mulige vitner. Etterforskningen er fremdeles i en tidlig fase og politiet jobber n\u00e5 med \u00e5 f\u00e5 en oversikt over det som har skjedd, skriver politiet i pressemeldingen.<\/p>\n","protected":false},"excerpt":{"rendered":"Politiet har iverksatt etterforskning etter at en kvinne ble funnet d\u00f8d i sin bolig l\u00f8rdag kveld. Politiet hadde&hellip;\n","protected":false},"author":2,"featured_media":123273,"comment_status":"","ping_status":"","sticky":false,"template":"","format":"standard","meta":{"footnotes":""},"categories":[10],"tags":[20,21,24,25,15,22,23,13,30,28,29,14,16,26,27],"class_list":{"0":"post-123272","1":"post","2":"type-post","3":"status-publish","4":"format-standard","5":"has-post-thumbnail","7":"category-norge","8":"tag-breaking-news","9":"tag-breakingnews","10":"tag-featured-news","11":"tag-featurednews","12":"tag-headlines","13":"tag-latest-news","14":"tag-latestnews","15":"tag-news","16":"tag-no","17":"tag-norge","18":"tag-norway","19":"tag-nyheter","20":"tag-overskrifter","21":"tag-top-stories","22":"tag-topstories"},"share_on_mastodon":{"url":"https:\/\/pubeurope.com\/@no\/115796588302235070","error":""},"_links":{"self":[{"href":"https:\/\/www.europesays.com\/no\/wp-json\/wp\/v2\/posts\/123272","targetHints":{"allow":["GET"]}}],"collection":[{"href":"https:\/\/www.europesays.com\/no\/wp-json\/wp\/v2\/posts"}],"about":[{"href":"https:\/\/www.europesays.com\/no\/wp-json\/wp\/v2\/types\/post"}],"author":[{"embeddable":true,"href":"https:\/\/www.europesays.com\/no\/wp-json\/wp\/v2\/users\/2"}],"replies":[{"embeddable":true,"href":"https:\/\/www.europesays.com\/no\/wp-json\/wp\/v2\/comments?post=123272"}],"version-history":[{"count":0,"href":"https:\/\/www.europesays.com\/no\/wp-json\/wp\/v2\/posts\/123272\/revisions"}],"wp:featuredmedia":[{"embeddable":true,"href":"https:\/\/www.europesays.com\/no\/wp-json\/wp\/v2\/media\/123273"}],"wp:attachment":[{"href":"https:\/\/www.europesays.com\/no\/wp-json\/wp\/v2\/media?parent=123272"}],"wp:term":[{"taxonomy":"category","embeddable":true,"href":"https:\/\/www.europesays.com\/no\/wp-json\/wp\/v2\/categories?post=123272"},{"taxonomy":"post_tag","embeddable":true,"href":"https:\/\/www.europesays.com\/no\/wp-json\/wp\/v2\/tags?post=123272"}],"curies":[{"name":"wp","href":"https:\/\/api.w.org\/{rel}","templated":true}]}}