{"id":123274,"date":"2025-12-28T09:54:24","date_gmt":"2025-12-28T09:54:24","guid":{"rendered":"https:\/\/www.europesays.com\/no\/123274\/"},"modified":"2025-12-28T09:54:24","modified_gmt":"2025-12-28T09:54:24","slug":"broomaret-2025-mats-moter-mercedes-designsjef-en-dag-jeg-vil-huske-lenge","status":"publish","type":"post","link":"https:\/\/www.europesays.com\/no\/123274\/","title":{"rendered":"Broom\u00e5ret 2025\u00a0&#8211;\u00a0Mats m\u00f8ter Mercedes-designsjef: &#8211; En dag jeg vil huske lenge"},"content":{"rendered":"<p>        Saken oppsummert<\/p>\n<ul lang=\"nb-NO\">\n<li>Mats Brustad feirer 10 \u00e5r med Broom og deler sine h\u00f8ydepunkter fra 2025.<\/li>\n<li>Han bes\u00f8kte Mercedes-AMG i Tyskland og m\u00f8tte sjefsdesigner Gorden Wagener.<\/li>\n<li>Wagener, som snart g\u00e5r av, har designet ikoniske Mercedes-modeller som AMG GT.<\/li>\n<\/ul>\n<p class=\"italic ai-disclaimer\" data-lab-italic=\"italic\">Oppsummeringen er laget med kunstig intelligens (KI) fra OpenAI. Innholdet er kvalitetssikret av TV 2s journalister. <a target=\"_blank\" href=\"https:\/\/hjelp.tv2.no\/info\/artikkel\/slik-jobber-vi-med-ki-i-tv-2\" title=\"Les om hvordan vi jobber med KI\" rel=\"nofollow noopener\">Les om hvordan vi jobber med KI<\/a><\/p>\n<p class=\"italic m-italic\" data-lab-italic=\"italic\">2025 er snart i m\u00e5l \u2013 og vi i Broom benytter som vanlig anledningen til \u00e5 oppsummere og mimre litt.<\/p>\n<p class=\"italic m-italic\" data-lab-italic=\"italic\">N\u00e5 skal du f\u00e5 lese hva de ulike medlemmene i Broom-redaksjonen husker aller best fra \u00e5ret som har g\u00e5tt.<\/p>\n<p class=\"italic m-italic\" data-lab-italic=\"italic\">I dag er det Mats Brustad sin tur. Her er hans h\u00f8ydepunkter fra \u00e5ret som har g\u00e5tt.<\/p>\n<p>        <img class=\"image__img lazyload\" itemprop=\"image\" title=\"Foto: Broom\" alt=\"LEGENDE: Det er ikke s\u00e5 mange \u00e5r siden jeg satt klistret til skjermen for \u00e5 se Autofil og Broom p\u00e5 TV. Her m\u00f8tes faktisk to legender: Jan Erik Larssen og nye Toyota Land Cruiser \u2013 under opptak av Brooms podcast 0-100. Foto: Broom\" width=\"675\" height=\"453\" bad-src=\"https:\/\/www.europesays.com\/no\/wp-content\/uploads\/2025\/12\/18407550.webp\" fetchpriority=\"auto\" \/><\/p>\n<p>      LEGENDE: Det er ikke s\u00e5 mange \u00e5r siden jeg satt klistret til skjermen for \u00e5 se Autofil og Broom p\u00e5 TV. Her m\u00f8tes faktisk to legender: Jan Erik Larssen og nye Toyota Land Cruiser \u2013 under opptak av Brooms podcast 0-100.<br \/>\n         Foto: Broom<\/p>\n<p>10 \u00e5rs-jubileum<\/p>\n<p>Jeg husker fortsatt som det var i g\u00e5r: Jeg satt hjemme i saccosekken, med varm toast og sjokomelk \u2013 klar for \u00e5 se Autofil p\u00e5 NRK med Jan Erik Larssen.<\/p>\n<p>        <img class=\"image__img lazyload\" itemprop=\"image\" title=\"Foto: Privat\" alt=\"STARTET TIDLIG: Det var som 7-\u00e5ring med min f\u00f8rste ATV, motorinteressen virkelig eskalerte. Foto: Privat\" width=\"338\" height=\"251\" bad-src=\"https:\/\/www.europesays.com\/no\/wp-content\/uploads\/2025\/12\/18407652.webp\" fetchpriority=\"auto\" \/><\/p>\n<p>      STARTET TIDLIG: Det var som 7-\u00e5ring med min f\u00f8rste ATV, motorinteressen virkelig eskalerte.<br \/>\n         Foto: Privat<\/p>\n<p>Noen \u00e5r senere er saccosekk byttet ut med sofa. Autofil har blitt til Broom.<\/p>\n<p>\u00abTenk \u00e5 kunne ha en s\u00e5nn jobb\u00bb, tenkte jeg innimellom all latteren til Larssen.<\/p>\n<p>2025 har v\u00e6rt et ekstra spesielt \u00e5r for meg. Jeg har f\u00e5tt lov til \u00e5 jobbe med lidenskapen, og dr\u00f8mmen i Broom, i 10 \u00e5r.<\/p>\n<p>De fem f\u00f8rste \u00e5rene var riktignok frilans-jobbing ved siden av studier. I 2020 fikk jeg tilbud om fast jobb og jeg m\u00e5 fortsatt klype meg litt i armen.<\/p>\n<p>Blant mange h\u00f8ydepunkter jeg er takknemlig for i 2025, er det spesielt ett intervju og \u00e9n tur som har brent seg litt ekstra fast.<\/p>\n<p>Det er rett og slett en dag jeg kommer til \u00e5 huske resten av livet.<\/p>\n<p><a href=\"https:\/\/www.tv2.no\/broom\/forste-test-noe-av-det-sproeste-jeg-har-kjort\/17467251\/\" target=\"_blank\" rel=\"nofollow noopener\">Test Tesla Cybertruck:\u00a0\u2013 Noe av det spr\u00f8este jeg har kj\u00f8rt<\/a><\/p>\n<p>        <img class=\"image__img lazyload\" itemprop=\"image\" title=\"Foto: Broom\" alt=\"\u00c5RETS SPR\u00d8ESTE: Det er ingen tvil om at Tesla Cybertruck er \u00e5rets spr\u00f8este biltest \u2013 som har engasjert ekstremt mange. Foto: Broom\" width=\"675\" height=\"439\" bad-src=\"https:\/\/www.europesays.com\/no\/wp-content\/uploads\/2025\/12\/18407668.webp\" fetchpriority=\"auto\" \/><\/p>\n<p>      \u00c5RETS SPR\u00d8ESTE: Det er ingen tvil om at Tesla Cybertruck er \u00e5rets spr\u00f8este biltest \u2013 som har engasjert ekstremt mange.<br \/>\n         Foto: Broom<\/p>\n<p>G\u00e5sehud-opplevelse<\/p>\n<p>Vi skal fly til Tyskland og Stuttgart. N\u00e6rmere bestemt Affalterbach, som er hjemstedet til Mercedes-AMG.<\/p>\n<p>        <img class=\"image__img lazyload\" itemprop=\"image\" title=\"Foto: Broom\" alt=\"FABRIKKBES\u00d8K: Det spares ikke p\u00e5 kruttet n\u00e5r AMG inviterer til verdenspremiere av ny modell. Utenfor bygningene st\u00e5r noen av de mest ikoniske bilene utstilt. Foto: Broom\" width=\"338\" height=\"257\" bad-src=\"https:\/\/www.europesays.com\/no\/wp-content\/uploads\/2025\/12\/18407573.webp\" fetchpriority=\"auto\" \/><\/p>\n<p>      FABRIKKBES\u00d8K: Det spares ikke p\u00e5 kruttet n\u00e5r AMG inviterer til verdenspremiere av ny modell. Utenfor bygningene st\u00e5r noen av de mest ikoniske bilene utstilt.<br \/>\n         Foto: Broom<\/p>\n<p>Jeg skal gladelig innr\u00f8mme at hjertet mitt banker litt ekstra for de fire tyske: Audi, BMW, Mercedes og Porsche. De har gitt meg ulike g\u00e5sehud-opplevelser s\u00e5 lenge jeg kan huske.<\/p>\n<p>I dag er det alts\u00e5 Mercedes som har invitert til verdenspremiere p\u00e5 en helt ny AMG-modell, inkludert omvisning p\u00e5 fabrikken.<\/p>\n<p class=\"bold m-bold\" data-lab-font_weight=\"bold\">Og ikke bare det: For f\u00f8rste gang skal jeg f\u00e5 m\u00f8te mannen bak en rekke ikoniske modeller fra Mercedes. Vi snakker om \u00e9n av de mest kjente bildesignerne i verden i nyere tid: Gorden Wagener.<\/p>\n<p>Han har designet alt fra Mercedes SLS AMG, SLR McLaren og AMG ONE til A-Klasse, GLC og S-Klasse.<\/p>\n<p>Eller sagt med andre ord: Sjefdesigneren hatt en finger med i spillet p\u00e5 de fleste Mercedes-modellene de siste ti\u00e5rene.<\/p>\n<p><a href=\"https:\/\/www.tv2.no\/broom\/business-class-pa-sas-blir-nesten-en-vits-i-forhold\/14267394\/\" target=\"_blank\" rel=\"nofollow noopener\">Test S-Klasse:\u00a0Business class p\u00e5 SAS blir nesten en vits i forhold<\/a><\/p>\n<p>        <img class=\"image__img lazyload\" itemprop=\"image\" title=\"Foto: Mercedes\" alt=\"LEGENDE: Det er nettopp det mange omtaler Gorden Wagener som \u2013 etter nesten 30 \u00e5r i Mercedes. Foto: Mercedes\" width=\"675\" height=\"405\" bad-src=\"https:\/\/www.europesays.com\/no\/wp-content\/uploads\/2025\/12\/18408814.webp\" fetchpriority=\"auto\" \/><\/p>\n<p>      LEGENDE: Det er nettopp det mange omtaler Gorden Wagener som \u2013 etter nesten 30 \u00e5r i Mercedes.<br \/>\n         Foto: Mercedes<\/p>\n<p>N\u00e5 er eventyret slutt<\/p>\n<p>Etter nesten 30 \u00e5r er det n\u00e5 klart at Wagener takker for seg som \u00f8verste sjef for design hos Mercedes.<\/p>\n<p data-lab-font_weight=\"\">57-\u00e5ringen startet karrieren i Mercedes allerede i 1997. At selveste SLR McLaren var \u00e9n av de f\u00f8rste bilene han tegnet, sier litt om karrieren.<\/p>\n<p class=\"bold m-bold\" data-lab-font_weight=\"bold\">I 2008 ble han sjefsdesigner hos Mercedes som 40-\u00e5ring. Det blir han frem til 31. januar 2026. Da er eventyret over for mannen som har designet noen av de vakreste og r\u00e5este bilene Mercedes har laget.<\/p>\n<p>Min personlige favoritt fra hans \u00abverk\u00bb? AMG GT R.<\/p>\n<p><a href=\"https:\/\/www.tv2.no\/broom\/bekreftet-skal-utvikle-helt-ny-bensinmotor\/17539050\/\" target=\"_blank\" rel=\"nofollow noopener\">Bekreftet: Mercedes utvikler ny V8-motor<\/a><\/p>\n<p>        <img class=\"image__img lazyload\" itemprop=\"image\" title=\"Foto: Mercedes\" alt=\"B\u00d8LLE: AMG GT R ble avduket i 2017. Mange mener fortsatt dette er noe av det villeste Mercedes har lansert p\u00e5 mange, mange \u00e5r. Under panseret bor AMGs h\u00e5ndbygde 4-liters V8-motor p\u00e5 585 hestekrefter. Foto: Mercedes\" width=\"675\" height=\"426\" bad-src=\"https:\/\/www.europesays.com\/no\/wp-content\/uploads\/2025\/12\/18407706.webp\" fetchpriority=\"auto\" \/><\/p>\n<p>      B\u00d8LLE: AMG GT R ble avduket i 2017. Mange mener fortsatt dette er noe av det villeste Mercedes har lansert p\u00e5 mange, mange \u00e5r. Under panseret bor AMGs h\u00e5ndbygde 4-liters V8-motor p\u00e5 585 hestekrefter.<br \/>\n         Foto: Mercedes<\/p>\n<p>Et spesielt m\u00f8te<\/p>\n<p>Det er under lanseringen av hysteriske AMG GT XX, jeg f\u00e5r lov til \u00e5 m\u00f8te designsjefen.<\/p>\n<p>Og jeg skal innr\u00f8mme \u00e9n ting: Gorden Wagener er akkurat som jeg s\u00e5 for meg en designsjef. Uformell, leken og nesten overraskende \u00e6rlig og rett frem i svarene sine. Sistnevnte er ikke hverdagskost n\u00e5r du m\u00f8ter en tysk toppsjef.<\/p>\n<p class=\"italic m-italic\" data-lab-italic=\"italic\">\u2013 Hvilken Mercedes-modell, som du har designet, mener du er den vakreste av alle?<\/p>\n<p>\u2013 Det er AMG GT.<\/p>\n<p class=\"italic m-italic\" data-lab-italic=\"italic\">\u2013 Hvilken generasjon?<\/p>\n<p>        <img class=\"image__img lazyload\" itemprop=\"image\" title=\"Foto: Mercedes\" alt=\"OMDISKUTERT: Gorden Wagener st\u00e5r ogs\u00e5 bak designet p\u00e5 EQ-modellene, som mildt sagt ikke har truffet helt blink... N\u00e5 g\u00e5r Mercedes vekk fra dette designspr\u00e5ket. Foto: Mercedes\" width=\"338\" height=\"224\" bad-src=\"https:\/\/www.europesays.com\/no\/wp-content\/uploads\/2025\/12\/18407699.webp\" fetchpriority=\"auto\" \/><\/p>\n<p>      OMDISKUTERT: Gorden Wagener st\u00e5r ogs\u00e5 bak designet p\u00e5 EQ-modellene, som mildt sagt ikke har truffet helt blink&#8230; N\u00e5 g\u00e5r Mercedes vekk fra dette designspr\u00e5ket.<br \/>\n         Foto: Mercedes<\/p>\n<p>\u2013 F\u00f8rste generasjon. Jeg syns den er helt fantastisk. Spesielt AMG GT C \u2013 med den ekstra brede fronten, forteller Wagener.<\/p>\n<p>Vi er jaggu meg enig! Og det som gj\u00f8r m\u00f8tet ekstra spesielt, er at vi sitter p\u00e5 en benk rett utenfor fabrikken. Ved siden av oss st\u00e5r nettopp en AMG GT utstilt.<\/p>\n<p class=\"bold m-bold\" data-lab-font_weight=\"bold\">Og her sitter jeg, en kar fra Eidskog, oppvokst med kj\u00f8ttkaker og potetmos, og snakker med mannen som har designet hele bilen&#8230;<\/p>\n<p>Hele intervjuet med toppsjefen f\u00e5r du lese her p\u00e5 Broom litt senere. Det er bare \u00e5 glede seg!<\/p>\n<p><a href=\"https:\/\/www.tv2.no\/broom\/akkurat-avduket-denne-sprenger-grensene\/17862072\/\" target=\"_blank\" rel=\"nofollow noopener\">Les mer fra turen: Ny AMG-modell avduket \u2013 over 1300 hk!<\/a><\/p>\n<p>        <img class=\"image__img lazyload\" itemprop=\"image\" title=\"Foto: Broom\" alt=\"KAFFEPRAT: Det er ikke ofte man f\u00e5r muligheten til \u00e5 m\u00f8te mannen som har tegnet en historisk modellrekke for Mercedes over en kopp kaffe. Wagener har designet alt fra A-Klasse til AMG ONE. Foto: Broom\" width=\"675\" height=\"432\" bad-src=\"https:\/\/www.europesays.com\/no\/wp-content\/uploads\/2025\/12\/18407548.webp\" fetchpriority=\"auto\" \/><\/p>\n<p>      KAFFEPRAT: Det er ikke ofte man f\u00e5r muligheten til \u00e5 m\u00f8te mannen som har tegnet en historisk modellrekke for Mercedes over en kopp kaffe. Wagener har designet alt fra A-Klasse til AMG ONE.<br \/>\n         Foto: Broom<\/p>\n<p>Plutselig ringer Fredrik Solvang<\/p>\n<p>Fra et absurd opplegg i Tyskland, m\u00e5 jeg tilbake til jordn\u00e6re Lillestr\u00f8m og hjemmekontoret mitt.<\/p>\n<p>Vi er i midten av oktober og det er like f\u00f8r Oslo Motor Show braker l\u00f8s. Det er uten tvil \u00e5rets bilh\u00f8ydepunkt.<\/p>\n<p>Plutselig i et Teams-m\u00f8te ringer et ukjent nummer. Jeg rekker ikke \u00e5 ta den, s\u00e5 f\u00e5r jeg en SMS.<\/p>\n<p class=\"italic m-italic\" data-lab-italic=\"italic\">\u00abHei Mats! Jeg har h\u00f8rt podcasten deres om elbil vs. bensinbil. Tema for Debatten i kveld er bil og avgifter&#8230; Mvh Fredrik Solvang\u00bb<\/p>\n<p>        <img class=\"image__img lazyload\" itemprop=\"image\" title=\"Foto: Broom\" alt=\"BROOM-LYTTER: Debattens Fredrik Solvang inviterte Broom til studio etter \u00e5 ha h\u00f8rt en episode av 0-100. Kanskje f\u00e5r vi en ny biljournalist n\u00e5 som han er ferdig i Debatten? Foto: Broom\" width=\"338\" height=\"352\" bad-src=\"https:\/\/www.europesays.com\/no\/wp-content\/uploads\/2025\/12\/18407546.webp\" fetchpriority=\"auto\" \/><\/p>\n<p>      BROOM-LYTTER: Debattens Fredrik Solvang inviterte Broom til studio etter \u00e5 ha h\u00f8rt en episode av 0-100. Kanskje f\u00e5r vi en ny biljournalist n\u00e5 som han er ferdig i Debatten?<br \/>\n         Foto: Broom<\/p>\n<p>Jeg blir f\u00f8rst og fremst b\u00e5de overrasket og glad for at selveste Solvang h\u00f8rer p\u00e5 B<a href=\"https:\/\/open.spotify.com\/episode\/4yMp9MF6PPUKIB1UWsGCHM?si=18d940e891ea4098\" target=\"_blank\" rel=\"nofollow noopener\">rooms podcast 0-100.<\/a> Og jeg er ikke treg med \u00e5 ringe han opp igjen.<\/p>\n<p class=\"bold m-bold\" data-lab-font_weight=\"bold\">Alt sammen ender med at jeg skal delta i Debatten samme kveld. Brooms rolle er \u00e5 fortelle at bil ogs\u00e5 handler om lidenskap og f\u00f8lelser. I tillegg skulle jeg si noen ord om hvorfor det finnes enkelte som hater elbil.<\/p>\n<p>F\u00f8r jeg vet ord av det st\u00e5r jeg direkte i Debatten og snakker om det jeg brenner for. Bil og lidenskap.<\/p>\n<p>Hvem hadde trodd det for 15 \u00e5r siden, da jeg satt hjemme med varm toast og sjokomelk og s\u00e5 p\u00e5 Broom p\u00e5 TV 2? Ikke jeg. Aldri i verden.<\/p>\n<p><a href=\"https:\/\/www.tv2.no\/broom\/endelig-testet-den-morsomste-elbilen-vi-har-kjort\/16234592\/\" target=\"_blank\" rel=\"nofollow noopener\">Test: Den morsomste elbilen vi har kj\u00f8rt<\/a><\/p>\n<p class=\"bold m-bold\" data-lab-font_weight=\"bold\">Elbil vs. bensin. Dette er episoden som fikk Solvang til \u00e5 ta kontakt.\u00a0<\/p>\n<p class=\"italic m-italic\" data-lab-font_weight=\"\" data-lab-italic=\"italic\">(Saken fortsetter..)<\/p>\n<p>        <img class=\"image__img lazyload\" itemprop=\"image\" title=\"Foto: Broom\" alt=\"LYKKEPILLE: Ett av \u00e5rets bensin-h\u00f8ydepunkter er oppdaterte Audi RS 3, med den legendariske rekkefemmotoren. N\u00e5 kan vi faktisk avsl\u00f8re en nyhet til deg. RS 3 blir med videre og skal fortsatt selges i 2026. Foto: Broom\" width=\"675\" height=\"460\" bad-src=\"https:\/\/www.europesays.com\/no\/wp-content\/uploads\/2025\/12\/18407738.webp\" fetchpriority=\"auto\" \/><\/p>\n<p>      LYKKEPILLE: Ett av \u00e5rets bensin-h\u00f8ydepunkter er oppdaterte Audi RS 3, med den legendariske rekkefemmotoren. N\u00e5 kan vi faktisk avsl\u00f8re en nyhet til deg. RS 3 blir med videre og skal fortsatt selges i 2026.<br \/>\n         Foto: Broom<\/p>\n<p>Takk til deg<\/p>\n<p>2025 har v\u00e6rt nok et \u00e5r med MANGE spennende biler. Det er fantastisk. Men for min del er m\u00f8tet med alle menneskene, bileierne og Broom-leserne kanskje det st\u00f8rste h\u00f8ydepunktet.<\/p>\n<p>Det er i m\u00f8tet med deg, og alle v\u00e5re lidenskapelige Broom-lesere, de virkelig gode historiene kommer frem.<\/p>\n<p>S\u00e5 tusen takk deg som leser Broom, ser p\u00e5 videoseriene v\u00e5re eller lytter til podcasten 0-100.<\/p>\n<p>Jeg skal love at vi skal gi full gass ogs\u00e5 i 2026. Og det blir garantert innhold for en hver smak, enten det er el-, bensin- eller dieselmotor som varmer sjelen din mest.<\/p>\n<p>Tusen takk for f\u00f8lget i 2025, riktig god jul og godt nytt \u00e5r!<\/p>\n<p><a href=\"https:\/\/www.tv2.no\/broom\/topp-3-disse-bilene-imponerte-mest-i-2024\/17307430\/\" target=\"_blank\" rel=\"nofollow noopener\">Topp 3: Disse bilene imponerte mest<\/a><\/p>\n<p>        <img class=\"image__img lazyload\" itemprop=\"image\" title=\"Foto: Edward Knai\" alt=\"GOD JUL: \u00c5 f\u00e5 v\u00e6re en del av dette Broom-teamet har v\u00e6rt litt av en reise. N\u00e5 g\u00e5r vi inn for landing i 2025, her fra Oslo Motor Show. Foto: Edward Knai\" width=\"675\" height=\"453\" bad-src=\"https:\/\/www.europesays.com\/no\/wp-content\/uploads\/2025\/12\/18407576.webp\" fetchpriority=\"auto\" \/><\/p>\n<p>      GOD JUL: \u00c5 f\u00e5 v\u00e6re en del av dette Broom-teamet har v\u00e6rt litt av en reise. N\u00e5 g\u00e5r vi inn for landing i 2025, her fra Oslo Motor Show.<br \/>\n         Foto: Edward Knai<\/p>\n<p class=\"bold m-bold\" data-lab-font_weight=\"bold\"> Et annet h\u00f8ydepunkt: Se Brooms intervju med Christian Von Koenigsegg:<\/p>\n","protected":false},"excerpt":{"rendered":"Saken oppsummert Mats Brustad feirer 10 \u00e5r med Broom og deler sine h\u00f8ydepunkter fra 2025. Han bes\u00f8kte Mercedes-AMG&hellip;\n","protected":false},"author":2,"featured_media":123275,"comment_status":"","ping_status":"","sticky":false,"template":"","format":"standard","meta":{"footnotes":""},"categories":[5],"tags":[20,21,24,25,15,19,22,23,17,18,13,30,28,29,14,16,26,27],"class_list":{"0":"post-123274","1":"post","2":"type-post","3":"status-publish","4":"format-standard","5":"has-post-thumbnail","7":"category-overskrifter","8":"tag-breaking-news","9":"tag-breakingnews","10":"tag-featured-news","11":"tag-featurednews","12":"tag-headlines","13":"tag-hovedoppslag","14":"tag-latest-news","15":"tag-latestnews","16":"tag-main-news","17":"tag-mainnews","18":"tag-news","19":"tag-no","20":"tag-norge","21":"tag-norway","22":"tag-nyheter","23":"tag-overskrifter","24":"tag-top-stories","25":"tag-topstories"},"share_on_mastodon":{"url":"https:\/\/pubeurope.com\/@no\/115796591429692821","error":""},"_links":{"self":[{"href":"https:\/\/www.europesays.com\/no\/wp-json\/wp\/v2\/posts\/123274","targetHints":{"allow":["GET"]}}],"collection":[{"href":"https:\/\/www.europesays.com\/no\/wp-json\/wp\/v2\/posts"}],"about":[{"href":"https:\/\/www.europesays.com\/no\/wp-json\/wp\/v2\/types\/post"}],"author":[{"embeddable":true,"href":"https:\/\/www.europesays.com\/no\/wp-json\/wp\/v2\/users\/2"}],"replies":[{"embeddable":true,"href":"https:\/\/www.europesays.com\/no\/wp-json\/wp\/v2\/comments?post=123274"}],"version-history":[{"count":0,"href":"https:\/\/www.europesays.com\/no\/wp-json\/wp\/v2\/posts\/123274\/revisions"}],"wp:featuredmedia":[{"embeddable":true,"href":"https:\/\/www.europesays.com\/no\/wp-json\/wp\/v2\/media\/123275"}],"wp:attachment":[{"href":"https:\/\/www.europesays.com\/no\/wp-json\/wp\/v2\/media?parent=123274"}],"wp:term":[{"taxonomy":"category","embeddable":true,"href":"https:\/\/www.europesays.com\/no\/wp-json\/wp\/v2\/categories?post=123274"},{"taxonomy":"post_tag","embeddable":true,"href":"https:\/\/www.europesays.com\/no\/wp-json\/wp\/v2\/tags?post=123274"}],"curies":[{"name":"wp","href":"https:\/\/api.w.org\/{rel}","templated":true}]}}