{"id":123285,"date":"2025-12-28T10:08:08","date_gmt":"2025-12-28T10:08:08","guid":{"rendered":"https:\/\/www.europesays.com\/no\/123285\/"},"modified":"2025-12-28T10:08:08","modified_gmt":"2025-12-28T10:08:08","slug":"livssyn-eller-bare-syn-pa-livet-langlesing-fra-nrk-trondelag","status":"publish","type":"post","link":"https:\/\/www.europesays.com\/no\/123285\/","title":{"rendered":"Livssyn eller bare syn p\u00e5 livet? \u2013 Langlesing fra NRK Tr\u00f8ndelag"},"content":{"rendered":"<p>Grorud stasjon, en v\u00e5t og kald mandagsettermiddag i desember:<\/p>\n<p>\u2013 Jeg veit det fort kan bli litt kleint med seremonier og ritualer, sier Steffen Tretvoll Althand til de ti fremm\u00f8tte.<\/p>\n<p>Lederen i Norsk vegansamfunn, NVS, st\u00e5r p\u00e5 perrongen med en rosebukett i h\u00e5nda.<\/p>\n<p>Hvis du lukker \u00f8ya og sp\u00f8r fordommene dine om de kan hjelpe deg med \u00e5 mane frem et bilde av hvordan en veganer ser ut, f\u00e5r du muligens noe som inkluderer dreads, bare f\u00f8tter, nesering og rause mengder hamp tilbake.<\/p>\n<p>Men Steffen har kort, gr\u00e5tt h\u00e5r, skjorte og slips, og et utprega mildt fjes.<\/p>\n<p>\u2013 Selvf\u00f8lgelig m\u00e5tte jeg bli leder, s\u00e5nn som jeg ser ut, gliser han.<\/p>\n<p>    <img class=\"dhtb__img--YLLyL\" alt=\"En gruppe mennesker i en m\u00f8rk skog\" loading=\"lazy\" fetchpriority=\"auto\" style=\"--_horizontal-object-position: max(100%, min(0px, calc(0.50 * 100% - 0.50 * 100vw + 50vw))) max(100%, min(0px, calc(0.50 * 100% - 0.50 * 100vh + 50vh))); --_vertical-object-position: max(100%, min(0px, calc(0.63 * 100% - 0.63 * 100vw + 50vw))) max(100%, min(0px, calc(0.30 * 100% - 0.30 * 100vh + 50vh)));\" \/><\/p>\n<p>For ti \u00e5r siden var Tretvoll jeger med en egen jaktbutikk. En festsamtale med ei vegetarianervenninne endra m\u00e5ten han s\u00e5 verden p\u00e5, og n\u00e5 gj\u00f8r den forhenv\u00e6rende kj\u00f8ttelskeren og n\u00e5v\u00e6rende seremoniskeptikeren seg klar til \u00e5 lede sine medveganere gjennom Alnaparken for \u00e5 avholde en roseseremoni.<\/p>\n<p>Hvorfor g\u00e5r en gjeng veganere gjennom Alnaparken for \u00e5 gjennomf\u00f8re en roseseremoni, lurer du kanskje?<\/p>\n<p><strong>Fordi det ligger et slakteri p\u00e5 den andre sida av parken.<\/strong><\/p>\n<p>    <img class=\"dhtb__img--YLLyL\" alt=\"en gruppe mennesker som g\u00e5r i skogen om natten \" loading=\"lazy\" fetchpriority=\"auto\" style=\"--_horizontal-object-position: max(100%, min(0px, calc(0.50 * 100% - 0.50 * 100vw + 50vw))) max(100%, min(0px, calc(0.50 * 100% - 0.50 * 100vh + 50vh))); --_vertical-object-position: max(100%, min(0px, calc(0.59 * 100% - 0.59 * 100vw + 50vw))) max(100%, min(0px, calc(0.48 * 100% - 0.48 * 100vh + 50vh)));\" \/><\/p>\n<p>Det motsatte av kristendom?<\/p>\n<p>For et dr\u00f8yt \u00e5r siden fikk NVS beskjeden fra staten: de fikk avslag p\u00e5 sin s\u00f8knad om \u00e5 f\u00e5 bli registrert som livssynssamfunn.<\/p>\n<p>Hadde de f\u00e5tt den innvilga ville det medf\u00f8rt flere goder, f\u00f8rst og fremst en anselig slump med penger.<\/p>\n<p>Et registrert livssynssamfunn f\u00e5r:<\/p>\n<ul>\n<li><strong>\u00d8konomisk st\u00f8tte: <\/strong>Registrering er en n\u00f8dvendig forutsetning for \u00e5 kunne s\u00f8ke om tilskudd til livssynsut\u00f8velse fra staten. St\u00f8tten, som skal underst\u00f8tte samfunnene, beregnes per medlem (satsen var 1 554 kroner per medlem i 2025). For organisasjoner gir dette midler til \u00e5 ut\u00f8ve livssynet sitt og etablere et fullverdig tilbud for medlemmene.<\/li>\n<li><strong>Vigselsrett med sivilrettslig virkning:<\/strong> Registreringen er avgj\u00f8rende for \u00e5 kunne f\u00e5 godkjent vigslere som kan utf\u00f8re juridisk bindende ekteskap i henhold til ekteskapsloven.<\/li>\n<li><strong>Offisielt seremonitilbud:<\/strong> Registrerte samfunn kan offisielt tilby og organisere seremonier for livets overganger, inkludert navnefest, konfirmasjon og gravferd.<\/li>\n<li><strong>Tilgang til institusjoner:<\/strong> Samfunnet f\u00e5r mulighet til \u00e5 betjene sine medlemmer i institusjoner som fengsler og helseinstitusjoner. For medlemmer betyr dette at bes\u00f8k fra samfunnets representanter (for eksempel i fengsel) g\u00e5r utenom den vanlige bes\u00f8kskvoten.<\/li>\n<li><strong>Andre juridiske rettigheter:<\/strong> Inkluderer anledning for samfunnets forstandere til \u00e5 f\u00e5 fritak fra verneplikt, samt mulighet til \u00e5 f\u00e5 tillatelse til \u00e5 etablere egen gravplass<\/li>\n<\/ul>\n<p>Vegansamfunnet saks\u00f8kte staten, men tapte. En avgj\u00f8relse de har anka til lagmannsretten.<\/p>\n<p>For \u00e5 gj\u00f8re det hele litt mer komplisert \u2013 staten er enig i at veganisme er et livssyn etter diskrimineringsloven. Det betyr at staten aksepterer veganisme som en moralsk overbevisning som er beskytta mot usaklig forskjellsbehandling, for eksempel i arbeidslivet.<\/p>\n<p>Men de synes fortsatt ikke at NVS fortsatt oppfyller kravene til \u00e5 bli registrert som livssyn etter trossamfunnloven.<\/p>\n<p><strong>S\u00e5 hva er et livssyn, da?<\/strong><\/p>\n<p>Da jeg gikk p\u00e5 barneskolen p\u00e5 starten av nittitallet, var livssynsundervisning et alternativ til kristendomsundervisning. Jeg oppfatta det som noe de mest kristendomskritiske foreldrene, og de var ikke veldig mange, valgte for barna sine. En slags fritime light, der de sm\u00e5prata om hvordan man skulle oppf\u00f8re seg, og spilte sl\u00e5ball (unnskyld til livssynsl\u00e6rerne p\u00e5 Rosten skole hvis det her ikke stemmer, dette er en ti\u00e5rings analyse).<\/p>\n<p>Kai Erik Westergaard burde ha peiling. Han er religionsviter, og kommunikasjonsr\u00e5dgiver i Samarbeidsr\u00e5det for tros- og livssynssamfunn.<\/p>\n<p>Jeg presenterer den barnlige oppfatninga mi av livssyn som det motsatte av religion, p\u00e5 et vis.<\/p>\n<p>\u2013 Det er mange som tenker s\u00e5nn. Men livssyn kan v\u00e6re ogs\u00e5 en bredere kategori enn religion. I venndiagrammet livssyn finner du alle religioner p\u00e5 innsida av livssynssirkelen i dette tilfellet. Innenfor det samme diagrammet finner vi ogs\u00e5 ikke-religi\u00f8se livssyn, sier Westergaard.<\/p>\n<p>    <img class=\"dhtb__img--YLLyL\" alt=\"Diagram, boblediagram (Bildebeskrivelsen er laget av en KI-tjeneste)\" loading=\"lazy\" fetchpriority=\"auto\" style=\"--_horizontal-object-position: max(100%, min(0px, calc(0.50 * 100% - 0.50 * 100vw + 50vw))) max(100%, min(0px, calc(0.50 * 100% - 0.50 * 100vh + 50vh))); --_vertical-object-position: max(100%, min(0px, calc(0.50 * 100% - 0.50 * 100vw + 50vw))) max(100%, min(0px, calc(0.50 * 100% - 0.50 * 100vh + 50vh)));\" \/><\/p>\n<p>Illustrasjon: Tuva Tagseth \/ NRK<\/p>\n<p> Illustrasjon: Tuva Tagseth \/ NRK<\/p>\n<p>\u2013 S\u00e5 et livssyn er summen av holdningene dine, hvordan du oppfatter verden og synes den b\u00f8r v\u00e6re?<\/p>\n<p>\u2013 Ja, p\u00e5 \u00e9n m\u00e5te \u2013 men begrepet brukes p\u00e5 ulike m\u00e5ter, b\u00e5de folkelig og faglig. Og s\u00e5 kan en sp\u00f8rre seg hvordan bruken er juridisk, tidligere var livssynssamfunn brukt mest i kontrast til trossamfunn, men denne definisjonen er i stor grad fortsatt i st\u00f8peskjea.<\/p>\n<p><strong>Nettopp. Og det er denne st\u00f8peskjea vi m\u00e5 se litt n\u00e6rmere p\u00e5.<\/strong><\/p>\n<p>746\u20134<\/p>\n<p>St\u00f8rrelsen p\u00e5 livssynssirkelen i Westergaards venndiagram gjenspeiles ikke i listene over hvem som f\u00e5r statstilskudd.<\/p>\n<p><strong>746 trossamfunn f\u00e5r penger, men bare fire livssyn.<\/strong><\/p>\n<p>De fire utvalgte er Human-Etisk Forbund, Humanistene, Holistisk forbund, og Ateistene. Og de tre sistnevnte m\u00e5tte krangle for \u00e5 f\u00e5 st\u00f8tte.<\/p>\n<p>Norsk vegansamfunn st\u00e5r n\u00e5 midt oppi en s\u00e5nn krangel.<\/p>\n<p>Jon Vegard Ven\u00e5s er styremedlem og kasserer i Norsk vegansamfunn. I tillegg til \u00e5 ha doktorgrad i matematikk og \u00e5 forske p\u00e5 fornybar energi.<\/p>\n<p>    <img class=\"dhtb__img--YLLyL\" alt=\"Portrett av Jon Vegard Ven\u00e5s\" loading=\"lazy\" fetchpriority=\"auto\" style=\"--_horizontal-object-position: max(100%, min(0px, calc(0.50 * 100% - 0.50 * 100vw + 50vw))) max(100%, min(0px, calc(0.39 * 100% - 0.39 * 100vh + 50vh))); --_vertical-object-position: max(100%, min(0px, calc(0.55 * 100% - 0.55 * 100vw + 50vw))) max(100%, min(0px, calc(0.40 * 100% - 0.40 * 100vh + 50vh)));\" \/><\/p>\n<p>Akkurat n\u00e5 sitter han i den nedpakka leiligheten sin p\u00e5 M\u00f8llenberg i Trondheim \u2013 snart g\u00e5r flyttelasset til Lillestr\u00f8m \u2013 og forteller om tapet i tingretten et halvt \u00e5r tidligere.<\/p>\n<p>\u2013 Staten sier at veganisme bare handler om forholdet mellom mennesker og dyr, og at det blir for snevert.<\/p>\n<p><strong>For snevert til \u00e5 f\u00e5 statsst\u00f8tte, alts\u00e5. Og her m\u00e5 vi en tur innom jussen.<\/strong><\/p>\n<p>Trossamfunnloven sier at et tros- og livssynssamfunn er en sammenslutning for felles ut\u00f8velse av tro eller livssyn. Og s\u00e5 sier den ikke noe mer om hva et livssyn faktisk er for noe.<\/p>\n<p>Det gj\u00f8r derimot lovens forarbeider, alts\u00e5 alle de dokumentene som ble laga p\u00e5 veien til loven. Der finner du gjerne informasjon om lovens form\u00e5l, begrunnelse og hvordan den skal tolkes.<\/p>\n<p>Det var disse forarbeidene regjeringsadvokaten viste til, med hell. For dommeren i tingretten landa p\u00e5 at Norsk vegansamfunn ikke b\u00f8r f\u00e5 livssynsst\u00f8tte fra staten.<\/p>\n<p>\u2013 Det er ikke noe feil med loven, den sier bare at vi skal ha et tros- og livssynsmangfold. Feilen ligger i hvordan loven praktiseres, sier Ven\u00e5s.<\/p>\n<p>    <img class=\"dhtb__img--YLLyL\" alt=\"Jon Vegard Ven\u00e5s i sofaen\" loading=\"lazy\" fetchpriority=\"auto\" style=\"--_horizontal-object-position: max(100%, min(0px, calc(0.50 * 100% - 0.50 * 100vw + 50vw))) max(100%, min(0px, calc(0.50 * 100% - 0.50 * 100vh + 50vh))); --_vertical-object-position: max(100%, min(0px, calc(0.52 * 100% - 0.52 * 100vw + 50vw))) max(100%, min(0px, calc(0.50 * 100% - 0.50 * 100vh + 50vh)));\" \/><\/p>\n<p>Mennesker er ogs\u00e5 dyr<\/p>\n<p>En veganer pr\u00f8ver s\u00e5 langt det lar seg gj\u00f8re \u00e5 unng\u00e5 \u00e5 utnytte andre sansende, bevisste skapninger. Popul\u00e6rt kalt dyr.<\/p>\n<p>Det betyr at vedkommende ikke spiser dyr, eller produkter som kommer fra dyr. Men det betyr for eksempel ogs\u00e5 at vedkommende ikke kler seg i skinn eller ull, at de ikke bes\u00f8ker dyrehager, og at de ikke bruker sminke som er testa p\u00e5 dyr.<\/p>\n<p>Mennesker er ogs\u00e5 dyr. Den \u00e5penbare konsekvensen av dette er at veganere i tillegg dermed b\u00f8r avst\u00e5 fra slaveri og kannibalisme, men det stopper ikke der.<\/p>\n<p><strong>\u2013 Vi tar ogs\u00e5 avstand fra all form for diskriminering av mennesker, du kan se p\u00e5 det vi driver med som en utvida form for humanisme, forklarer Ven\u00e5s.<\/strong><\/p>\n<p>Norsk vegansamfunns livssynserkl\u00e6ring<\/p>\n<p><strong>S\u00e5nn definerer NVS hva de st\u00e5r for:<\/strong><\/p>\n<p>Veganismens grunnverdier baseres p\u00e5 ikkevold og anerkjennelsen av at alle dyr, mennesker inkludert, har en iboende verdi uavhengig av nytteverdien for andre. Veganismens virkelighetsforst\u00e5else og etikk er forankret i sunn fornuft, kritisk tenkning, og barmhjertighet for alle medskapninger.<\/p>\n<p>Mennesket har en enorm makt over andre dyr, og planeten som helhet. Dette gir oss et unikt moralsk ansvar for \u00e5 ikke for\u00e5rsake un\u00f8dig lidelse og \u00f8deleggelse. Kjernen i v\u00e5rt livssyn kommer til uttrykk gjennom f\u00f8lgende definisjon av veganisme:<\/p>\n<p>Veganisme er en filosofi og en levem\u00e5te som s\u00f8ker \u00e5 ekskludere, s\u00e5 langt som praktisk mulig, alle former for utnyttelse av og urett mot dyr for mat, kl\u00e6r eller andre form\u00e5l.<\/p>\n<p>Det f\u00f8lger at vi ogs\u00e5 tar avstand fra all form for diskriminering av mennesker. Dette inkluderer diskriminering p\u00e5 bakgrunn av kj\u00f8nn, etnisitet, seksuell legning eller alder.<\/p>\n<p>Vi anser den vitenskapelige metoden som den beste m\u00e5ten \u00e5 forst\u00e5 den fysiske verden rundt oss. Livssynet tar ikke stilling til om det finnes en virkelighet utover den vi kan beskrive vitenskapelig.<\/p>\n<p>Grunnet mennesker og dyrs avhengighet av natur og milj\u00f8 er det essensielt \u00e5 unng\u00e5 handlinger som er un\u00f8dvendig destruktive for planeten vi bor p\u00e5 for n\u00e5levende og fremtidige generasjoners beste. Vi anerkjenner egenverdien av et rikt artsmangfold og \u00f8kosystemer i naturlig balanse.<\/p>\n<p>Vi understreker at v\u00e5rt livssyn ikke har dogmatiske skrifter. Vi anerkjenner at den enkelte selv m\u00e5 avgj\u00f8re hva som er praktisk mulig for dem for \u00e5 etterleve veganismens grunnverdier.<\/p>\n<p><strong>Denne livssynserkl\u00e6ringen danner grunnlaget for v\u00e5re verdier i Norsk vegansamfunn (NVS) og ble vedtatt av medlemmene p\u00e5 \u00e5rsm\u00f8tet 11.12.2021.<\/strong><\/p>\n<p>Hovedargumentene til staten kan oppsummeres som f\u00f8lger:<\/p>\n<ul>\n<li>Veganisme er for snevert og dekker en begrenset del av tilv\u00e6relsen<\/li>\n<li>NVS\u2019 aktiviteter underbygger ikke et helhetlig livssyn<\/li>\n<li>Hvis overbevisninger som gjelder en begrensa del av tilv\u00e6relsen f\u00e5r bli registrert, vil det uthule tros- og livssynsst\u00f8tten.<\/li>\n<\/ul>\n<p>Det siste argumentet handler alts\u00e5 om at hvis vegansamfunnet f\u00e5r st\u00f8tte m\u00e5 mange flere f\u00e5 st\u00f8tte. Og det er ikke bare veganerne som kjemper mot staten om penger og anerkjennelse.<\/p>\n<p>Frihet til \u00e5 endre vedtekter<\/p>\n<p>Oslo tingrett, en v\u00e5t og kald mandagsformiddag i desember:<\/p>\n<p>P\u00e5 den ene siden av rommet sitter staten, representert ved regjeringsadvokatene. P\u00e5 den andre sitter Helge Lur\u00e5s fra Frihetsforbundet (FFO), sammen med jurist Hasse Bergstr\u00f8m.<\/p>\n<p>    <img class=\"dhtb__img--YLLyL\" alt=\"Bergstr\u00f8m og Lur\u00e5s i retten\" loading=\"lazy\" fetchpriority=\"auto\" style=\"--_horizontal-object-position: max(100%, min(0px, calc(0.50 * 100% - 0.50 * 100vw + 50vw))) max(100%, min(0px, calc(0.50 * 100% - 0.50 * 100vh + 50vh))); --_vertical-object-position: max(100%, min(0px, calc(0.50 * 100% - 0.50 * 100vw + 50vw))) max(100%, min(0px, calc(0.50 * 100% - 0.50 * 100vh + 50vh)));\" \/><\/p>\n<p>Sistnevnte er, i tillegg til \u00e5 v\u00e6re advokat, styremedlem i Ateistene. For et par \u00e5r siden f\u00f8rte han en tilsvarende sak, i samme tingrett, for sitt eget livssyn, og kom seirende ut. N\u00e5 skal han pr\u00f8ve \u00e5 gj\u00f8re det samme for FFO.<\/p>\n<p>TIl venstre for meg p\u00e5 tilskuerbenken sitter to medlemmer av FFO. Til h\u00f8yre sitter Jon Vegard Ven\u00e5s fra NVS og et par stykker h\u00f8yt oppe i Human-Etisk Forbund. Store deler av den norske livssynseliten samla i ett rom, med andre ord.<\/p>\n<p>FFO definerer seg som et humanistisk livssynssamfunn med ateistisk grunnsyn, og argumenterer \u2013 som NVS \u2013 for at staten tolker loven for snevert.<\/p>\n<p>Frihetsforbundets livssyn<\/p>\n<p><strong>S\u00e5nn definerer frihetsforbundet hva de st\u00e5r for:<\/strong><\/p>\n<p>Vi har et humanistisk livssyn.<\/p>\n<p>Humanismen setter mennesket i sentrum og vektlegger den enkeltes fornuft, menneskeverd og selvstendighet.<\/p>\n<p>Vi tror ikke p\u00e5 noen h\u00f8yere, overnaturlig autoritet. Mennesket er, eksistensielt sett, overlatt til seg selv. Dette frav\u00e6ret av guder er et grunnleggende element i v\u00e5r overbevisning og skiller v\u00e5r sekul\u00e6re humanisme fra en religi\u00f8s humanisme.<\/p>\n<p>Frihetsforbundet tror mennesket har utviklet seg gjennom evolusjon. Vi er ikke skapt av noen guder eller krefter som st\u00e5r utenfor universet og dets fysiske lover. Vi anerkjenner at menneskets kunnskap om verden er ufullstendig og i endring, men vi tror ikke p\u00e5 noen religi\u00f8se dogmer slik de har blitt praktisert og \u00abtrodd p\u00e5\u00bb i ulike kulturer opp til n\u00e5. Forestillinger om guder er slik v\u00e5rt livssyn ser det heller formet av menneskenes fantasi og sosiale og psykologiske behov.<\/p>\n<p>Vi mener dette frav\u00e6r av gudstro etterlater mennesket i en helt unik situasjon. Ateismen \u2013 frav\u00e6ret av \u00e5 tro p\u00e5 en gud \u2013 er en eksistensiell grunntilstand som kan etterlate et menneske i fortvilelse, men ikke med n\u00f8dvendighet. V\u00e5r humanisme er en positiv fortolkning av de muligheter ateismen gir.<\/p>\n<p>Man kan basere b\u00e5de samfunn og et etisk og psykologisk robust sinn p\u00e5 ateisme, det vil si frav\u00e6r av guder og ekstern autoritet. Mennesket har en egenverdi som det gir seg selv, og dette er kjernen i humanisme som verdisystem. Humanismen v\u00e5r inneb\u00e6rer respekt for alle mennesker, uavhengig av tro, og et ansvar for v\u00e5re livsbetingelser og naturen.<\/p>\n<p>Mennesket har i en trolig unik grad i dyreverdenen en egen, fri vilje. Denne frie viljen gir oss samtidig et ansvar for \u00e5 handle moralsk.<\/p>\n<p>Humanismen har vokst frem i den samme tradisjon for fri og kritisk tenkning som ogs\u00e5 ligger til grunn for vitenskapens fremskritt. Ingen sannheter kan antas \u00e5 v\u00e6re eviggyldige. Vi \u00f8nsker \u00e5 m\u00f8te verden med et \u00e5pent og tolerant sinn.<\/p>\n<p>I Frihetsforbundets livssyn ser vi p\u00e5 mennesket som selv ansvarlig for \u00e5 skaffe seg kunnskap om tilv\u00e6relsen. Den frie viljen tilsier nettopp det. I frav\u00e6r av en ekstern autoritet finner hver enkelt sin mening med livet basert p\u00e5 sine erfaringer, kilder og sin fornuft. Men gjennom samv\u00e6r og fri diskusjon i v\u00e5rt fellesskap, utvikles og modnes v\u00e5rt felles livssyn.<\/p>\n<p>Etisk refleksjon og moral er sentrale aspekter for humanister. Dette er gjerne kjent som humanetikk. Frihet og ytringsfrihet er grunnsteiner for ut\u00f8velsen av et humanistisk livssyn.<\/p>\n<p>Som etisk rettesnor skal v\u00e5re medlemmer etterstrebe integritet, omsorg og empati. Mennesker har en ukrenkelig verdi og skal behandles som et m\u00e5l i seg selv. Vi har gjennom fri vilje et ansvar for v\u00e5re egne handlinger og valg.<\/p>\n<p>En ateist er etter Frihetsforbundets oppfatning ikke med n\u00f8dvendighet ogs\u00e5 en humanist. Man kan kanskje formulere det slik at en sekul\u00e6r humanist er en optimistisk ateist, en person som ikke fortviler selv i m\u00f8te med erkjennelsen om at mennesket er overlatt til seg selv.<\/p>\n<p>Frihetsforbundet har en slik optimistisk humanisme som grunnsyn. Vi fortviler ikke over frav\u00e6ret av gud(er), men ser det snarere som en plattform for \u00e5 finne ny mening ved tilv\u00e6relsen.<\/p>\n<p>Frihet og ytringsfrihet er grunnsteiner for ut\u00f8velsen av et humanistisk livssyn.<\/p>\n<p>Som etisk rettesnor skal v\u00e5re medlemmer etterstrebe integritet, omsorg og empati. Mennesker har en ukrenkelig verdi og skal behandles som et m\u00e5l i seg selv. Vi har gjennom fri vilje et ansvar for v\u00e5re egne handlinger og valg.<\/p>\n<p>Seremonier og tradisjoner markerer viktige begivenheter i enkeltmenneskets liv.<\/p>\n<p>\u2013 Det tas ikke hensyn til at lovens form\u00e5l er \u00e5 f\u00f8lge en aktivt st\u00f8ttende tros- og livssynspolitikk, sier Bergstr\u00f8m til dommeren.<\/p>\n<p>Lur\u00e5s, p\u00e5 sin side, forklarer i detalj om FFOs m\u00f8teaktivitet, siden dette var noe departementet pirka p\u00e5 da de avslo s\u00f8knaden i f\u00f8rste omgang.<\/p>\n<p>N\u00e5r Bergstr\u00f8m, som en del av et lengre resonnement, nevner at Human-Etisk Forbund tjener masse penger p\u00e5 konfirmasjon, rister sidemannen min sm\u00e5irritert p\u00e5 hodet. Ellers er stemninga gemyttlig, p\u00e5 grensa til god.<\/p>\n<p>Det endrer seg n\u00e5r det er regjeringsadvokatenes tur. De kj\u00f8rer hardt p\u00e5 det faktum at FFO p\u00e5 et tidspunkt endra vedtektene sine uten \u00e5 sp\u00f8rre medlemmene sine, at de starta som noe langt mer nasjonalkonservativt og politisk, og mer enn insinuerer at motivasjonen bak endringene har v\u00e6rt \u00f8nske om statsst\u00f8tte.<\/p>\n<p><strong>N\u00e5 er det Lur\u00e5s\u2019 tur til \u00e5 riste irritert p\u00e5 hodet.<\/strong><\/p>\n<p>    <img class=\"dhtb__img--YLLyL\" alt=\"Bilde av Jon Vegard Ven\u00e5s i retten\" loading=\"lazy\" fetchpriority=\"auto\" style=\"--_horizontal-object-position: max(100%, min(0px, calc(0.50 * 100% - 0.50 * 100vw + 50vw))) max(100%, min(0px, calc(0.50 * 100% - 0.50 * 100vh + 50vh))); --_vertical-object-position: max(100%, min(0px, calc(0.50 * 100% - 0.50 * 100vw + 50vw))) max(100%, min(0px, calc(0.50 * 100% - 0.50 * 100vh + 50vh)));\" \/><\/p>\n<p>N\u00e5r det hele er over sp\u00f8r jeg Ven\u00e5s, som har tatt turen for \u00e5 se om NVS kan plukke opp noen tips og triks, om han tror FFO f\u00e5r \u00e6ren av \u00e5 bli livssyn nummer fem som f\u00e5r statsst\u00f8tte.<\/p>\n<p>\u2013 Jeg tror ikke det faktum at dommeren antyda at han ikke trenger mange dagene p\u00e5 \u00e5 komme til en konklusjon lover s\u00e6rlig godt for dem.<\/p>\n<p>En annerledes begravelse<\/p>\n<p>Vi hopper tre timer frem i tid, og er tilbake der vi starta historien, i Alnaparken ved Grorud stasjon. Ven\u00e5s er her ogs\u00e5, og han har v\u00e6rt med p\u00e5 dette f\u00f8r.<\/p>\n<p>\u2013 For noen i gruppa er dette f\u00f8rste gang, og man veit ikke hvordan man kommer til \u00e5 reagere f\u00f8r man faktisk st\u00e5r der.<\/p>\n<p>Veganernes roseseremonier er p\u00e5 sett og vis begravelser for dyr. Men i motsetning til en tradisjonell begravelse er samlingspunktet ikke stedet der noen skal legges i jorda, men stedet der de skal drepes.<\/p>\n<p>Steffen Tretvoll forteller resten av gjengen hvordan det kommer til \u00e5 foreg\u00e5.<\/p>\n<p>\u2013 Vi stopper noen meter fra gjerdet, husk at dette ikke er en aksjon, men en mulighet for kontemplasjon.<\/p>\n<p>    <img class=\"dhtb__img--YLLyL\" alt=\"En gruppe mennesker som st\u00e5r p\u00e5 en grusvei i m\u00f8rket\" loading=\"lazy\" fetchpriority=\"auto\" style=\"--_horizontal-object-position: max(100%, min(0px, calc(0.56 * 100% - 0.56 * 100vw + 50vw))) max(100%, min(0px, calc(0.76 * 100% - 0.76 * 100vh + 50vh))); --_vertical-object-position: max(100%, min(0px, calc(0.40 * 100% - 0.40 * 100vw + 50vw))) max(100%, min(0px, calc(0.68 * 100% - 0.68 * 100vh + 50vh)));\" \/><\/p>\n<p>M\u00e5let med kvelden er ikke \u00e5 f\u00e5 slakterindustrien p\u00e5 bedre tanker, men \u00e5 v\u00e6re der for dyra som skal d\u00f8, \u00e5 reflektere over det de ser.<\/p>\n<p>Akkurat i det den bekm\u00f8rke skogen g\u00e5r over i dunkelt opplyst industriomr\u00e5de, blendes vi av fire lys som beveger seg sakte mot oss.<\/p>\n<p>\u2013 Litt av en timing, sier Tretvoll.<\/p>\n<p>Lysene kommer fra to trailere som etter hvert rygger inn mot slakteriets lasterampe.<\/p>\n<p>    <img class=\"dhtb__img--YLLyL\" alt=\"En by om natten (Bildebeskrivelsen er laget av en KI-tjeneste)\" loading=\"lazy\" fetchpriority=\"auto\" style=\"--_horizontal-object-position: max(100%, min(0px, calc(0.50 * 100% - 0.50 * 100vw + 50vw))) max(100%, min(0px, calc(0.50 * 100% - 0.50 * 100vh + 50vh))); --_vertical-object-position: max(100%, min(0px, calc(0.52 * 100% - 0.52 * 100vw + 50vw))) max(100%, min(0px, calc(0.49 * 100% - 0.49 * 100vh + 50vh)));\" \/><\/p>\n<p>Folkeskikk som forretningsid\u00e9?<\/p>\n<p>Dette med ritualer, som veganernes roseseremoni, har v\u00e6rt en het potet i er dette livssynet st\u00f8tteberettiga-debatten.<\/p>\n<p>Kort oppsummert kan vi si at manglende ut\u00f8velse av ritualer er noe staten har brukt som argument mot b\u00e5de NVF, FFO og Ateistene.<\/p>\n<p>Men vet du hvem som ikke plages av mangel p\u00e5 ritualer? Nettopp \u2013 Human-Etisk Forbund (HEF). P\u00e5 tide \u00e5 f\u00e5 giganten i livssynsrommet i tale.<\/p>\n<p>For \u00e5 gi litt perspektiv p\u00e5 styrkeforholdet: HEF har 177.000 medlemmer \u2013 Humanistene, Holistisk forbund og Ateistene har til sammen omtrent 6.000.<\/p>\n<p>Humanismens tre grunnsteiner<\/p>\n<p>S\u00e5nn definerer Human-etisk forbund hva humanisme er for noe:<\/p>\n<p><strong>I grove trekk kan humanisme sies \u00e5 bygge p\u00e5 tre grunnsteiner: <\/strong><\/p>\n<ul>\n<li>Tiltro til vitenskap og menneskelig erfaring.<\/li>\n<li>Troen p\u00e5 at mennesket har et potensial for frihet og m\u00e5 ta ansvar for eget liv.<\/li>\n<li>Troen p\u00e5 at mennesker i fellesskap kan utvikle evnen til etisk refleksjon og moralsk handling.<\/li>\n<\/ul>\n<p><strong>Hvordan kan vi vite hva som er sant eller virkelig?<\/strong><\/p>\n<ul>\n<li>Humanister legger vitenskap og menneskelig erfaring til grunn n\u00e5r de s\u00f8ker \u00e5 forst\u00e5 og forklare livet.<\/li>\n<li>Humanister mener universet og verden er et resultat av en naturlig utvikling.<\/li>\n<li>I humanismen finnes det ingen absolutt sannhet. Humanister ser det som menneskets oppgave \u00e5 s\u00f8ke kunnskap og erfaring ved v\u00e6re \u00e5pen for ny viten og tenke kritisk.<\/li>\n<\/ul>\n<p><strong>Hva er rett og galt?<\/strong><\/p>\n<ul>\n<li>Humanister mener at vi er f\u00f8dt med muligheten for etisk refleksjon og moralsk handling.<\/li>\n<li>Empati, medmenneskelighet og etisk bevissthet kan utvikles i gode menneskelige fellesskap.<\/li>\n<li>Det finnes ikke alltid en fasit for hva som er rett og galt. Humanister mener likevel at vi kan \u00f8ve opp evnen til \u00e5 ta gode, etiske valg ved \u00e5 gj\u00f8re oss erfaringer, lytte til hverandre og bruke v\u00e5r fornuft.<\/li>\n<\/ul>\n<p><strong>Hvordan finne mening i livet?<\/strong><\/p>\n<ul>\n<li>I humanismen finnes det ikke noen forutbestemt mening med livet. Det er opp til den enkelte \u00e5 reflektere over livet og finne ut hva som er meningsfullt for en selv.<\/li>\n<li>Mening i livet er noe vi kan skape og oppleve p\u00e5 mange ulike m\u00e5ter \u2013 i relasjonene og fellesskapene vi er en del av, gjennom \u00e5 m\u00f8te utfordringer og ta p\u00e5 oss oppgaver, og ved \u00e5 bidra til noe som er st\u00f8rre enn oss selv.<\/li>\n<\/ul>\n<p>Kilde: https:\/\/www.human.no\/hva-er-humanisme<\/p>\n<p>Men hva er det egentlig de st\u00e5r for, s\u00e5nn helt konkret? Jeg kontakter Lars-Petter Helgestad, som er avdelingsleder for politikk og internasjonalt arbeid i HEF, og tester nok en fordom:<\/p>\n<p>\u2013 HEF gjorde p\u00e5 et tidspunkt verdens smarteste forretningsgrep, og fikk copyrighta vanlig folkeskikk, holdninger de aller fleste menneskene i Norge kan enes om.<\/p>\n<p>\u2013 Det var nok ikke intensjonen til de som starta det i 1951, da var samfunnet ganske annerledes. Hvis du ikke var kristen, ble moralen din trukket i tvil.<\/p>\n<p>Helgestad forteller om en tid da utsagnet jeg tror ikke p\u00e5 jomfruf\u00f8dsler og helvete alltid m\u00e5tte f\u00f8lges opp med men jeg er faktisk et godt menneske. Og at det i lys av dette var n\u00f8dvendig \u00e5 snakke opp medmenneskelighet og menneskerettigheter uten religi\u00f8s motivasjon.<\/p>\n<p>Men er det s\u00e5nn at HEF n\u00e5, i et samfunn der det \u00e5 ikke v\u00e6re religi\u00f8s er helt vanlig, f\u00f8rst og fremst er leverand\u00f8r av sekul\u00e6re seremonier som navnefest og humanistisk konfirmasjon?<\/p>\n<p>\u2013 Det er i hvert fall det som har blitt hovedfokuset, men HEF har alltid v\u00e6rt mer enn det. Vi har samtaletjenester og forsvarer demokrati og menneskerettigheter, som n\u00e5 f\u00e5r st\u00f8rre fokus p\u00e5 grunn av verdensutviklingen. Men seremonier var nok mye av utgangspunktet.<\/p>\n<p>    <img class=\"dhtb__img--YLLyL\" alt=\"Portrett av Lars-Petter Helgestad\" loading=\"lazy\" fetchpriority=\"auto\" style=\"--_horizontal-object-position: max(100%, min(0px, calc(0.50 * 100% - 0.50 * 100vw + 50vw))) max(100%, min(0px, calc(0.50 * 100% - 0.50 * 100vh + 50vh))); --_vertical-object-position: max(100%, min(0px, calc(0.51 * 100% - 0.51 * 100vw + 50vw))) max(100%, min(0px, calc(0.51 * 100% - 0.51 * 100vh + 50vh)));\" \/><\/p>\n<p>Helgestad forteller at HEF\u2019s grunnlegger Kristian Horn en gang ga sin nyf\u00f8dte datter Kari et l\u00f8fte: \u00abHvis det ikke finnes et alternativ til kirkelig konfirmasjon n\u00e5r du er i den alderen, da lager jeg det selv\u00bb. Og det l\u00f8ftet holdt han.<\/p>\n<p>Helgestad forteller at HEF\u2019s grunnlegger Kristian Horn en gang ga sin nyf\u00f8dte datter Kari et l\u00f8fte: \u00abHvis det ikke finnes et alternativ til kirkelig konfirmasjon n\u00e5r du er i den alderen, da lager jeg det selv\u00bb. Og det l\u00f8ftet holdt han.<\/p>\n<p>Det alle enes om<\/p>\n<p>Det var nettopp Helgestad som rista oppgitt p\u00e5 hodet i tingretten da humanistisk konfirmasjon ble omtalt som lukrativ inntektskilde for HEF.<\/p>\n<p>\u2013 \u00c5 arrangere seremonier er jo det vi bruker mye av pengene v\u00e5re p\u00e5, de g\u00e5r ikke med overskudd.<\/p>\n<p>N\u00e5r det er sagt \u2013 HEF har mange penger \u00e5 bruke, de f\u00e5r nesten 200 millioner i \u00e5ret i statsst\u00f8tte.<\/p>\n<p>St\u00f8tteordninga fungerer som f\u00f8lger:<\/p>\n<p>Kirka f\u00e5r en gitt sum i \u00e5ret fra staten og alle kommunene. Del den summen p\u00e5 antallet medlemmer i Den norske kirke, og du f\u00e5r et tall som sier hvor mye kirka f\u00e5r per medlem.<\/p>\n<p><strong>I \u00e5r var det tallet 1554 kroner.<\/strong><\/p>\n<p>For \u00e5 finne ut hvor mye de andre tros- og livssynssamfunnene f\u00e5r, ganger du dette tallet med antall medlemmer i hvert enkelt samfunn.<\/p>\n<p>Eksempel: Hvis NVS vinner ankesaken og blir tilkjent st\u00f8tte, ender de opp med omtrent \u00e9n og en halv million kroner, siden de har omtrent 1000 medlemmer.<\/p>\n<p><strong>MEN, og dette men-et er ganske stort, kirka mister medlemmer.<\/strong><\/p>\n<p>Siden de likevel har ei fast og \u00f8kende bevilgning blir hvert kirkemedlem stadig mer verdt, og dermed blir ogs\u00e5 medlemmer av alle landets tro- og livssynssamfunn mer verdt. Og fra statens perspektiv \u2013 ogs\u00e5 en st\u00f8rre utgift.<\/p>\n<p>Satt VELDIG p\u00e5 spissen: Den dagen Den norske kirke eventuelt skulle ha ett medlem igjen, ser regnestykket s\u00e5nn ut:<\/p>\n<p>2,7 milliarder delt p\u00e5 ett medlem er lik 2,7 milliarder. Da f\u00e5r HEF, gitt at de har samme medlemstall som i dag, et tilskudd p\u00e5 477 billioner og 900 milliarder kroner. De humanistiske konfirmasjonene ville selvf\u00f8lgelig blitt spektakul\u00e6re, men det sp\u00f8rs om det hadde veid opp for den generelle samfunnskollapsen.<\/p>\n<p>Jada, et spissa eksempel, men det viser at dagens system ikke n\u00f8dvendigvis er b\u00e6rekraftig p\u00e5 sikt.<\/p>\n<p>Jeg sp\u00f8r staten, n\u00e6rmere bestemt Barne- og familiedepartementet, om de vil prate med meg. Det vil de ikke.<\/p>\n<p><strong>\u00abSiden dette er en p\u00e5g\u00e5ende sak i retten har vi dessverre ikke anledning til \u00e5 gi intervju. Beklager for det.\u00bb<\/strong><\/p>\n<p>Streit nok, men n\u00e5 har det seg s\u00e5nn at de har f\u00e5tt <a href=\"https:\/\/www.regjeringen.no\/no\/dokumenter\/rapport-fra-ekspertutvalget-om-tilskuddsordning-for-den-norske-kirke-og-andre-tros-og-livssynssamfunn\/id3116905\/?ch=3\" ec-id=\"https:\/\/www.regjeringen.no\/no\/dokumenter\/rapport-fra-ekspertutvalget-om-tilskuddsordning-for-den-norske-kirke-og-andre-tros-og-livssynssamfunn\/id3116905\/\" ec-name=\"et ekspertutvalg til \u00e5 unders\u00f8ke alternative st\u00f8tteordninger\" rel=\"nofollow noopener\" target=\"_blank\">et ekspertutvalg til \u00e5 unders\u00f8ke alternative st\u00f8tteordninger<\/a>, noe som tyder p\u00e5 at de ikke er helt forn\u00f8yd med den eksisterende.<\/p>\n<p>Helgestad skj\u00f8nner at de leter.<\/p>\n<p>\u2013 Vi har pekt p\u00e5 at tilskuddsordninga ikke er b\u00e6rekraftig, til tross for at den er veldig god for oss. Vi regner med en ny ordning som uansett vil gi oss mindre penger per medlem, men det skal vi klare \u00e5 leve med.<\/p>\n<p>Nyt den legendariske Human-Etisk Forbund-sketsjen fra \u00c5pen post!<\/p>\n<p>Teknisk eller taktisk?<\/p>\n<p>Hvordan gikk det egentlig med rettssaken til Lur\u00e5s og Frihetsforbundet til slutt?<\/p>\n<p>Jeg sender en e-post til Hasse Bergstr\u00f8m, mannen som prosederte saken for FFO, og som ogs\u00e5 er styremedlem i Ateistene. Og f\u00e5r kjapt svar.<\/p>\n<p>FFO tapte saken. Fikk dom i dag.<\/p>\n<p>Jeg sl\u00e5r p\u00e5 tr\u00e5den, og forteller om inntrykket jeg ble sittende igjen med \u2013 at FFO har kutta opptil flere svinger og endra vedtektene sine s\u00e5nn halvt i skjul, for \u00e5 dermed gj\u00f8re seg mer spiselig som st\u00f8tteberettiga livssyn.<\/p>\n<p>\u2013 Ja det var jo det retten mente. Mens vi mener at dette handler mer om sm\u00e5 og tekniske endringer i ordlyd, uten at noe som faktisk betyr noe er blitt endra. FFO kommer til \u00e5 anke.<\/p>\n<p>Men hvordan klarte ateistene \u00e5 vinne sin kamp? Selv om de har sitt p\u00e5 det t\u00f8rre n\u00e5r det gjelder det med vedtekter, er de jo ikke viden kjent for sine ritualer?<\/p>\n<p>\u2013 Nei, vi har v\u00e6rt \u00e6rlig p\u00e5 at ritualer ikke er en viktig greie for oss, og det st\u00e5r jo i forarbeidene at ritualer ikke er noe vesentlig kjennetegn ved et livssynssamfunn.<\/p>\n<p>Ateistenes form\u00e5l<\/p>\n<p>Ateistene er en organisasjon for mennesker som ikke tror p\u00e5 guder eller bekjenner seg til noen religion. Vi arbeider for \u00e5 fremme toleranse og menneskeverd, og kjemper mot religi\u00f8s intoleranse. Vi arbeider for \u00e5 fremme menneskers mulighet for livsutfoldelse, og stimulerer den frie tanke. Vi arbeider for livssynsfrihet, som omfatter s\u00e5 vel religionsfrihet som frihet fra religion. Gjennom \u00e5 appellere til medmenneskelighet og sunn fornuft, ved \u00e5 kritisere religi\u00f8se vrangforestillinger og \u00e5 fremme l\u00e6ren om evolusjon og vitenskap generelt, vil vi bidra til et bedre samfunn og lykkeligere mennesker.<\/p>\n<p>Kilde: www.ateistene.no<\/p>\n<p>Han forteller at det \u00e5 dokumentere m\u00f8tevirksomhet er nok, og at det var noe de fikk medhold i da deres sak kom opp i lagmannsretten.<\/p>\n<p>Men hva tenker Bergstr\u00f8m om \u00e5rsaken til at det tilsynelatende er vanskeligere for et livssyn \u00e5 f\u00e5 st\u00f8tte, enn for en religion?<\/p>\n<p>\u2013 Jeg tror det handler om fordommer. En uvilje mot at ikke-religi\u00f8se sammenslutninger bare skal komme her og f\u00e5 penger. De unders\u00f8ker livssynene for \u00e5 finne ut om det er et livssyn i mye st\u00f8rre grad enn de unders\u00f8ker religionene for \u00e5 finne ut om det virkelig er religioner.<\/p>\n<p>    <img class=\"dhtb__img--YLLyL\" alt=\"Portrett av Hasse  Bergstr\u00f8m\" loading=\"lazy\" fetchpriority=\"auto\" style=\"--_horizontal-object-position: max(100%, min(0px, calc(0.50 * 100% - 0.50 * 100vw + 50vw))) max(100%, min(0px, calc(0.36 * 100% - 0.36 * 100vh + 50vh))); --_vertical-object-position: max(100%, min(0px, calc(0.52 * 100% - 0.52 * 100vw + 50vw))) max(100%, min(0px, calc(0.44 * 100% - 0.44 * 100vh + 50vh)));\" \/><\/p>\n<p>Rekruttering, ikke misjonering<\/p>\n<p>Utenfor et slakteri ved Alnaparken en v\u00e5t og kald mandagsettermiddag i desember:<\/p>\n<p>Veganerne g\u00e5r frem til nettinggjerdet, \u00e9n etter \u00e9n, og fester hver sin rose. Ingen sier noe.<\/p>\n<p>    <img class=\"dhtb__img--YLLyL\" alt=\"To personer ved et gjerde, en trailer st\u00e5r p\u00e5 den andre siden\" loading=\"lazy\" fetchpriority=\"auto\" style=\"--_horizontal-object-position: max(100%, min(0px, calc(0.50 * 100% - 0.50 * 100vw + 50vw))) max(100%, min(0px, calc(0.50 * 100% - 0.50 * 100vh + 50vh))); --_vertical-object-position: max(100%, min(0px, calc(0.80 * 100% - 0.80 * 100vw + 50vw))) max(100%, min(0px, calc(0.56 * 100% - 0.56 * 100vh + 50vh)));\" \/><\/p>\n<p>Prosessen som utspiller seg p\u00e5 innsida av gjerdet er ogs\u00e5 lydl\u00f8s. Plutselig h\u00f8rer vi noe som kan v\u00e6re et grisehyl, men som ogs\u00e5 kan v\u00e6re noe annet, f\u00f8r det blir stille igjen.<\/p>\n<p>Etter omtrent ti minutter sier Steffen Tretvoll at det er p\u00e5 tide \u00e5 dra hjem. De fleste lystrer umiddelbart, to velger \u00e5 bli igjen.<\/p>\n<p>Vi tar en debrif i skogholtet.<\/p>\n<p>\u2013 Hva f\u00f8ler dere?<\/p>\n<p>Tretvoll sp\u00f8r, og er selv den f\u00f8rste til \u00e5 svare.<\/p>\n<p>\u2013 Jeg kjenner p\u00e5 at det er sterilt og klinisk.<\/p>\n<p>\u2013 Skal jeg v\u00e6re \u00e6rlig kjenner jeg f\u00f8rst og fremst p\u00e5 at det er kaldt, sier en annen.<\/p>\n<p>\u2013 Det virker s\u00e5 optimalisert, det er bare produksjonsenheter for de som st\u00e5r p\u00e5 innsida, sier en tredje.<\/p>\n<p>    <img class=\"dhtb__img--YLLyL\" alt=\"et par personer som g\u00e5r p\u00e5 en sti i en park om natten \" loading=\"lazy\" fetchpriority=\"auto\" style=\"--_horizontal-object-position: max(100%, min(0px, calc(0.50 * 100% - 0.50 * 100vw + 50vw))) max(100%, min(0px, calc(0.50 * 100% - 0.50 * 100vh + 50vh))); --_vertical-object-position: max(100%, min(0px, calc(0.50 * 100% - 0.50 * 100vw + 50vw))) max(100%, min(0px, calc(0.50 * 100% - 0.50 * 100vh + 50vh)));\" \/><\/p>\n<p>P\u00e5 vei tilbake gjennom parken sl\u00e5r jeg f\u00f8lge med Jon Vegard Ven\u00e5s.<\/p>\n<p>Jeg sp\u00f8r om veien videre for NVS, om han har noen tanker knytta til antall registrerte religioner versus antall registrerte livssynssamfunn.<\/p>\n<p>\u2013 Det er ikke til \u00e5 forst\u00e5. S\u00e6rlig med tanke p\u00e5 at over halvparten av befolkninga er ikke-troende.<\/p>\n<p>Han sier han ser tydelige tegn p\u00e5 at det er langt vanskeligere \u00e5 bli registrert som et livssynssamfunn enn som et trossamfunn.<\/p>\n<p>\u2013 S\u00e5nn kan det ikke v\u00e6re n\u00e5r loven \u00f8nsker en aktivt st\u00f8ttende tros- og livssynspolitikk. Vi vet jo at veganere m\u00f8ter mye motstand i samfunnet generelt, men det kan alts\u00e5 ikke v\u00e6re hele forklaringa.<\/p>\n<p>Hvis du har v\u00e6rt p\u00e5 internett de siste tretti \u00e5ra, er det gode muligheter for at du har registrert opptil veldig mange sp\u00f8ker og kommentarer p\u00e5 veganeres bekostning. De fleste punchlinene er knytta til oppfatninga om at veganere liker \u00e5 informere om nettopp det, at de er veganere.<\/p>\n<p>Ven\u00e5s liker ikke ordet misjonere i denne sammenhengen, men forteller at det \u00e5 ha m\u00e5l om \u00e5 rekruttere er noe som regnes som et kjennetegn p\u00e5 et livssyn if\u00f8lge forarbeidene til trossamfunnloven.<\/p>\n<p>Og Ven\u00e5s har m\u00e5l om \u00e5 rekruttere. Det vil si, han har m\u00e5l om \u00e5 minske den totale lidelsen i verden gjennom \u00e5 opplyse folk om fordeler ved veganisme\/ulemper ved ikke-veganisme.<\/p>\n<p>\u2013 Dette koster. Vi kunne f\u00e5tt gjort s\u00e5 mye mer hvis vi hadde f\u00e5tt statsst\u00f8tte.<\/p>\n<p>Om de f\u00e5r det eller ikke, finner vi ut om et snaut \u00e5r. Da skal ankesaken opp i Borgarting lagmannsrett.<\/p>\n<p>Kanskje kommer vi litt n\u00e6rmere svaret p\u00e5 hva et livssyn egentlig er for noe, i samme slengen. For det kan det se ut som om ingen har helt kontroll p\u00e5.<\/p>\n<p>    <img class=\"dhtb__img--YLLyL\" alt=\"En bil parkert i en gate (Bildebeskrivelsen er laget av en KI-tjeneste)\" loading=\"lazy\" fetchpriority=\"auto\" style=\"--_horizontal-object-position: max(100%, min(0px, calc(0.50 * 100% - 0.50 * 100vw + 50vw))) max(100%, min(0px, calc(0.50 * 100% - 0.50 * 100vh + 50vh))); --_vertical-object-position: max(100%, min(0px, calc(0.35 * 100% - 0.35 * 100vw + 50vw))) max(100%, min(0px, calc(0.69 * 100% - 0.69 * 100vh + 50vh)));\" \/><\/p>\n","protected":false},"excerpt":{"rendered":"Grorud stasjon, en v\u00e5t og kald mandagsettermiddag i desember: \u2013 Jeg veit det fort kan bli litt kleint&hellip;\n","protected":false},"author":2,"featured_media":123286,"comment_status":"","ping_status":"","sticky":false,"template":"","format":"standard","meta":{"footnotes":""},"categories":[10],"tags":[20,21,24,25,15,22,23,13,30,28,29,14,16,26,27],"class_list":{"0":"post-123285","1":"post","2":"type-post","3":"status-publish","4":"format-standard","5":"has-post-thumbnail","7":"category-norge","8":"tag-breaking-news","9":"tag-breakingnews","10":"tag-featured-news","11":"tag-featurednews","12":"tag-headlines","13":"tag-latest-news","14":"tag-latestnews","15":"tag-news","16":"tag-no","17":"tag-norge","18":"tag-norway","19":"tag-nyheter","20":"tag-overskrifter","21":"tag-top-stories","22":"tag-topstories"},"share_on_mastodon":{"url":"https:\/\/pubeurope.com\/@no\/115796646468015317","error":""},"_links":{"self":[{"href":"https:\/\/www.europesays.com\/no\/wp-json\/wp\/v2\/posts\/123285","targetHints":{"allow":["GET"]}}],"collection":[{"href":"https:\/\/www.europesays.com\/no\/wp-json\/wp\/v2\/posts"}],"about":[{"href":"https:\/\/www.europesays.com\/no\/wp-json\/wp\/v2\/types\/post"}],"author":[{"embeddable":true,"href":"https:\/\/www.europesays.com\/no\/wp-json\/wp\/v2\/users\/2"}],"replies":[{"embeddable":true,"href":"https:\/\/www.europesays.com\/no\/wp-json\/wp\/v2\/comments?post=123285"}],"version-history":[{"count":0,"href":"https:\/\/www.europesays.com\/no\/wp-json\/wp\/v2\/posts\/123285\/revisions"}],"wp:featuredmedia":[{"embeddable":true,"href":"https:\/\/www.europesays.com\/no\/wp-json\/wp\/v2\/media\/123286"}],"wp:attachment":[{"href":"https:\/\/www.europesays.com\/no\/wp-json\/wp\/v2\/media?parent=123285"}],"wp:term":[{"taxonomy":"category","embeddable":true,"href":"https:\/\/www.europesays.com\/no\/wp-json\/wp\/v2\/categories?post=123285"},{"taxonomy":"post_tag","embeddable":true,"href":"https:\/\/www.europesays.com\/no\/wp-json\/wp\/v2\/tags?post=123285"}],"curies":[{"name":"wp","href":"https:\/\/api.w.org\/{rel}","templated":true}]}}