{"id":123287,"date":"2025-12-28T10:12:23","date_gmt":"2025-12-28T10:12:23","guid":{"rendered":"https:\/\/www.europesays.com\/no\/123287\/"},"modified":"2025-12-28T10:12:23","modified_gmt":"2025-12-28T10:12:23","slug":"gitaristen-i-the-cure-er-dod","status":"publish","type":"post","link":"https:\/\/www.europesays.com\/no\/123287\/","title":{"rendered":"Gitaristen i The Cure er d\u00f8d"},"content":{"rendered":"<p>  Perry Bamonte, mest kjent som gitarist og keyboardist i det britiske bandet The Cure, er d\u00f8d 65 \u00e5r gammel, melder bandet selv.<\/p>\n<p>\n    Lol Tolhurst, Michael Dempsey, Perry Bamonte og Boris Williams Rock i The Cure. Foto: Gregory Pace\/REX\/Shutterstock\/NTB\n  <\/p>\n<p>\u2013 Det er med enorm sorg vi bekrefter d\u00f8dsfallet til v\u00e5r gode venn og bandkollega Perry Bamonte, som gikk bort etter kort tids sykeleie hjemme i julen, skriver bandet p\u00e5 sin\u00a0<a href=\"https:\/\/www.thecure.com\/news\/2025\/12\/perry-archangelo-bamonte-1960-2025\/\" target=\"_blank\" rel=\"nofollow noopener\">offisielle nettside<\/a>.<\/p>\n<p>Bamonte startet i crewet til bandet p\u00e5 80-tallet og ble etter hvert gitartekniker og personlig assistent for bandets frontfigur, Robert Smith. Deretter gikk han i bandet fulltid fra 1990 til 2005. Han returnerte til bandet i 2022 og spilte helt til i fjor.<\/p>\n<p>\u2014 V\u00e5re tanker og kondolanser g\u00e5r til hele familien hans. Han vil bli dypt savnet, skriver bandet.<\/p>\n<p>De beskriver han som stille, intens, intuitiv, stabil og enormt kreativ.<\/p>\n<p>I oktober ble det annonsert at The Cure skal spille p\u00e5 den danske musikkfestivalen Roskilde i juli neste \u00e5r for \u00e5 feire sitt 50-\u00e5rsjubileum som band.<\/p>\n<p>I fjor meldte bandet seg tilbake p\u00e5 platefronten med albumet \u00abSongs of a Lost World\u00bb, som var det f\u00f8rste p\u00e5 16 \u00e5r.<\/p>\n<p>Bandet spilte sist i Norge i 2022 da de fylte Oslo Spektrum. F\u00f8r det spilte de p\u00e5 \u00d8yafestivalen i 2019.<\/p>\n","protected":false},"excerpt":{"rendered":"Perry Bamonte, mest kjent som gitarist og keyboardist i det britiske bandet The Cure, er d\u00f8d 65 \u00e5r&hellip;\n","protected":false},"author":2,"featured_media":123288,"comment_status":"","ping_status":"","sticky":false,"template":"","format":"standard","meta":{"footnotes":""},"categories":[58],"tags":[71,410,221,30,28,29,14,72],"class_list":{"0":"post-123287","1":"post","2":"type-post","3":"status-publish","4":"format-standard","5":"has-post-thumbnail","7":"category-underholdning","8":"tag-entertainment","9":"tag-kultur","10":"tag-musikk","11":"tag-no","12":"tag-norge","13":"tag-norway","14":"tag-nyheter","15":"tag-underholdning"},"share_on_mastodon":{"url":"https:\/\/pubeurope.com\/@no\/115796662176393088","error":""},"_links":{"self":[{"href":"https:\/\/www.europesays.com\/no\/wp-json\/wp\/v2\/posts\/123287","targetHints":{"allow":["GET"]}}],"collection":[{"href":"https:\/\/www.europesays.com\/no\/wp-json\/wp\/v2\/posts"}],"about":[{"href":"https:\/\/www.europesays.com\/no\/wp-json\/wp\/v2\/types\/post"}],"author":[{"embeddable":true,"href":"https:\/\/www.europesays.com\/no\/wp-json\/wp\/v2\/users\/2"}],"replies":[{"embeddable":true,"href":"https:\/\/www.europesays.com\/no\/wp-json\/wp\/v2\/comments?post=123287"}],"version-history":[{"count":0,"href":"https:\/\/www.europesays.com\/no\/wp-json\/wp\/v2\/posts\/123287\/revisions"}],"wp:featuredmedia":[{"embeddable":true,"href":"https:\/\/www.europesays.com\/no\/wp-json\/wp\/v2\/media\/123288"}],"wp:attachment":[{"href":"https:\/\/www.europesays.com\/no\/wp-json\/wp\/v2\/media?parent=123287"}],"wp:term":[{"taxonomy":"category","embeddable":true,"href":"https:\/\/www.europesays.com\/no\/wp-json\/wp\/v2\/categories?post=123287"},{"taxonomy":"post_tag","embeddable":true,"href":"https:\/\/www.europesays.com\/no\/wp-json\/wp\/v2\/tags?post=123287"}],"curies":[{"name":"wp","href":"https:\/\/api.w.org\/{rel}","templated":true}]}}