{"id":123289,"date":"2025-12-28T10:16:18","date_gmt":"2025-12-28T10:16:18","guid":{"rendered":"https:\/\/www.europesays.com\/no\/123289\/"},"modified":"2025-12-28T10:16:18","modified_gmt":"2025-12-28T10:16:18","slug":"hoye-matpriser-er-det-folk-frykter-mest-i-2026","status":"publish","type":"post","link":"https:\/\/www.europesays.com\/no\/123289\/","title":{"rendered":"H\u00f8ye matpriser er det folk frykter mest i 2026"},"content":{"rendered":"\n<p class=\"_lead_o9xde_2 _lead_xtcu6_50 layout-component text-serif-m layout-normal text-serif-l layout-component layout-wide layout-padded _wide_17hqh_1 layout-padded\">Hele fire av ti nordmenn oppgir at de frykter \u00f8kte matpriser skal p\u00e5virke privat\u00f8konomien deres neste \u00e5r. <\/p>\n<p><img alt=\"Illustrasjonsbilde.  Foto: Gorm Kallestad \/ NTB\" class=\"_image_qp4xg_65 layout-component layout-wide\" data-fullscreen- data-track-element-type=\"Article image fullscreen\" data-track-name=\"ImageFullscreen\" fetchpriority=\"high\" decoding=\"sync\" loading=\"eager\" height=\"4000\" itemprop=\"image\"  src=\"https:\/\/www.europesays.com\/no\/wp-content\/uploads\/2025\/12\/e905cf68-d40f-466f-82ed-fe9fdcca0448\"  style=\"object-position:0% 0%\" width=\"6000\"\/>Illustrasjonsbilde.  Foto: Gorm Kallestad \/ NTB<\/p>\n<ul aria-hidden=\"true\" class=\"_images_ntbth_112\">\n<li><a class=\"_link_ntbth_117\" href=\"https:\/\/www.vg.no\/forfatter\/ntb\" style=\"z-index:1\" title=\"NTB\" rel=\"nofollow noopener\" target=\"_blank\"><img alt=\"Bilde av NTB\" class=\"_image_ntbth_93\" fetchpriority=\"low\" loading=\"lazy\" decoding=\"async\" itemprop=\"image\"  src=\"https:\/\/www.europesays.com\/no\/wp-content\/uploads\/2025\/12\/1766916976_987_c33980b0-5d07-4027-84a1-813f90a7c8d6\"  width=\"480\"\/><\/a><\/li>\n<\/ul>\n<p> Oppdatert s\u00f8ndag 28. desember kl. 09:45    <\/p>\n<ul class=\"_list_o9xde_3 _list_64s2r_85 _unordered_o9xde_106 text-sans-m\">\n<li class=\"_item_o9xde_30\">Fire av ti nordmenn frykter \u00f8kte matpriser neste \u00e5r, viser Sparebank 1s unders\u00f8kelse.<\/li>\n<li class=\"_item_o9xde_30\">Matprisene i Norge har steget med over 25 prosent siden 2022.<\/li>\n<li class=\"_item_o9xde_30\">Fastpris p\u00e5 str\u00f8m har redusert folks bekymring for str\u00f8mregninger.<\/li>\n<li class=\"_item_o9xde_30\">Halvparten tror p\u00e5 kutt i styringsrenten i 2026.<\/li>\n<\/ul>\n<p>Vis mer <\/p>\n<p class=\"_paragraph_o9xde_4 _paragraph_xtcu6_10 layout-component text-serif-m layout-normal text-serif-m layout-padded\">Regjeringens tiltak med \u00e5 innf\u00f8re norgespris p\u00e5 str\u00f8m har f\u00f8rt til mindre bekymring blant folk for uh\u00e5ndterlige str\u00f8mregninger. Men tilliten til prisene p\u00e5 mat er lavere, og hele fire av ti som har svart p\u00e5 Sparebank 1s unders\u00f8kelse om folks forventninger til egen \u00f8konomi i 2026, svarer at det er \u00f8kte matpriser de frykter mest i \u00e5ret som kommer.<\/p>\n<p class=\"_paragraph_o9xde_4 _paragraph_xtcu6_10 layout-component text-serif-m layout-normal text-serif-m layout-padded\">\u2013 Matprisene har steget mye, og de stiger mer. Dette er noe folk merker hver eneste dag og hver eneste uke og er noe som skaper bekymring, sier forbruker\u00f8konom Magne Gundersen i Sparebank 1 til NTB.<\/p>\n<p class=\"_paragraph_o9xde_4 _paragraph_xtcu6_10 layout-component text-serif-m layout-normal text-serif-m layout-padded\">Siden 2022 har matprisene i Norge steget med dr\u00f8yt 25 prosent, langt over det som har v\u00e6rt den generelle priss\u00f8kningen ellers i samfunnet, og mye mer enn hva folk har mottatt i l\u00f8nns\u00f8kninger, viser tall fra Statisk sentralbyr\u00e5 og NIBIO. Den siste m\u00e5lingen fra SSB viste imidlertid at matprisene steg mindre fra oktober til november, og at den samlede pris\u00f8kningen de siste tolv m\u00e5nedene var 4,7 prosent, vesentlig lavere enn i 2022 og 2023.<\/p>\n<p class=\"_paragraph_o9xde_4 _paragraph_xtcu6_10 layout-component text-serif-m layout-normal text-serif-m layout-padded\"> \u2013 Den opplevde prisstigningen p\u00e5 mat er stor og har i \u00e5r tatt f\u00f8rsteplassen over hva folk frykter for i privat\u00f8konomien sin, sier Gundersen. <\/p>\n<p><img alt=\"Magne Gundersen er forbruker\u00f8konom i Sparebank 1 og ekspert i TV3-programmet Luksusfellen. Han ser at f\u00e6rre er bekymret for egen \u00f8konomi i 2026, men at flere enn tidligere frykter for \u00e5 miste jobben.   Foto: Ole Berg-Rusten \/ NTB\" class=\"_image_qp4xg_65 layout-component layout-normal\" data-fullscreen- data-track-element-type=\"Article image fullscreen\" data-track-name=\"ImageFullscreen\" decoding=\"async\" loading=\"lazy\" height=\"5878\" itemprop=\"image\"  src=\"https:\/\/www.europesays.com\/no\/wp-content\/uploads\/2025\/12\/0f048970-b236-48c0-b8c8-579bd8da82c2\"  style=\"object-position:0% 0%\" width=\"8744\"\/>Magne Gundersen er forbruker\u00f8konom i Sparebank 1 og ekspert i TV3-programmet Luksusfellen. Han ser at f\u00e6rre er bekymret for egen \u00f8konomi i 2026, men at flere enn tidligere frykter for \u00e5 miste jobben.   Foto: Ole Berg-Rusten \/ NTBNorgespris har roet folk<\/p>\n<p class=\"_paragraph_o9xde_4 _paragraph_xtcu6_10 layout-component text-serif-m layout-normal text-serif-m layout-padded\">Tidligere \u00e5r har det nettopp v\u00e6rt h\u00f8ye str\u00f8mpriser folk har v\u00e6rt engstelige for, men i \u00e5rets oversikt er det mye lenger ned p\u00e5 lista, bak global uro, uforutsette utgifter, \u00f8kte skatter og avgifter og frykt for sykdom eller uf\u00f8rhet. <\/p>\n<p class=\"_paragraph_o9xde_4 _paragraph_xtcu6_10 layout-component text-serif-m layout-normal text-serif-m layout-padded\">\u2013 Det er en konsekvens av innf\u00f8ringen av norgespris p\u00e5 str\u00f8m. Med fastpris p\u00e5 str\u00f8m slipper folk \u00e5 bekymre seg over priser som g\u00e5r opp og ned, og de vet at det ikke kommer noe overraskelser. Det gir fred i sinnet, sier Luksusfellen-programlederen. <\/p>\n<p class=\"_paragraph_o9xde_4 _paragraph_xtcu6_10 layout-component text-serif-m layout-normal text-serif-m layout-padded\">I det hele tatt viser unders\u00f8kelsen at folk har f\u00e5tt tilbake kontrollen og troen p\u00e5 egen \u00f8konomi. Tre av fire svarer at de ikke er bekymret over privat\u00f8konomien sin for neste \u00e5r, selv om mange i etableringsfasen er mer usikre enn dem som er eldre. <\/p>\n<p> <img alt=\"Mange har opplevd at matpakken er blitt dyrere de siste \u00e5rene og frykter at prisene p\u00e5 mat vil stige enda mer i \u00e5ret som kommer.   Foto: Lise \u00c5serud \/ NTB\" class=\"_image_qp4xg_65 layout-component layout-normal\" data-fullscreen- data-track-element-type=\"Article image fullscreen\" data-track-name=\"ImageFullscreen\" decoding=\"async\" loading=\"lazy\" height=\"4000\" itemprop=\"image\"  src=\"https:\/\/www.europesays.com\/no\/wp-content\/uploads\/2025\/12\/799972ea-9aec-4f0a-95c7-0ac711f0f95b\"  style=\"object-position:0% 0%\" width=\"2667\"\/>Mange har opplevd at matpakken er blitt dyrere de siste \u00e5rene og frykter at prisene p\u00e5 mat vil stige enda mer i \u00e5ret som kommer.   Foto: Lise \u00c5serud \/ NTBTror p\u00e5 lavere rente<\/p>\n<p class=\"_paragraph_o9xde_4 _paragraph_xtcu6_10 layout-component text-serif-m layout-normal text-serif-m layout-padded\">Ellers tror halvparten av befolkningen p\u00e5 at Norges Bank vil kutte styringsrenten i 2026, og \u00e9n av tre tror det blir inntil 0,5 prosent lavere rente enn dagens styringsrente p\u00e5 4 prosent i l\u00f8pet av \u00e5ret. <\/p>\n<p class=\"_paragraph_o9xde_4 _paragraph_xtcu6_10 layout-component text-serif-m layout-normal text-serif-m layout-padded\">Det er Respons Analyse som har utf\u00f8rt unders\u00f8kelsen blant 1.000 personer over 18 over hele landet. Rundsp\u00f8rringen ble gjennomf\u00f8rt uken f\u00f8r Norges Bank hadde sitt siste rentem\u00f8te f\u00f8r jul. Der ble det besluttet at renten ikke skulle settes ned n\u00e5, men bankens ledelse \u00e5pnet for tidligere rentekutt neste \u00e5r enn hva tidligere prognoser har beskrevet.<\/p>\n<p class=\"_paragraph_o9xde_4 _paragraph_xtcu6_10 layout-component text-serif-m layout-normal text-serif-m layout-padded\">\u2013 Et trekk ved hele unders\u00f8kelsen er at de fleste tror de kommer til \u00e5 f\u00e5 det litt bedre i \u00e5ret som kommer, men s\u00e5 er det ett punkt som skiller seg ut og det er jobbsikkerhet, sier Magne Gundersen.<\/p>\n<p>Vanskelig i byggebransjen<\/p>\n<p class=\"_paragraph_o9xde_4 _paragraph_xtcu6_10 layout-component text-serif-m layout-normal text-serif-m layout-padded\">For hele 16 prosent av dem som svarer p\u00e5 unders\u00f8kelsen oppgir at de frykter for \u00e5 minste jobben eller bli permittert i l\u00f8pet av 2026. Det er en \u00f8kning fra \u00e5ret f\u00f8r p\u00e5 13 prosent.<\/p>\n<p class=\"_paragraph_o9xde_4 _paragraph_xtcu6_10 layout-component text-serif-m layout-normal text-serif-m layout-padded\">\u2013 Det er en del folk i enkelte bransjer som opplever st\u00f8rre usikkerhet knyttet til jobben sin. I byggebransjen og industrien som leverer til byggebransjen, er det betydelig \u00f8kt jobbusikkerhet. Det er allerede konkurser og nedbemanning, og noen kommer nok til \u00e5 oppleve den belastningen det er med \u00e5 miste jobben, eller ikke f\u00e5 en jobb de er kvalifisert til i \u00e5ret som kommer, sier Magne Gundersen.<\/p>\n<p class=\"_paragraph_o9xde_4 _paragraph_xtcu6_10 layout-component text-serif-m layout-normal text-serif-m layout-padded\">If\u00f8lge Nav var til sammen 3,3 prosent av arbeidsstyrken i Norge helt eller delvis arbeidsledig, eller p\u00e5 tiltak i desember. Tilsvarende tall fra SSB tar derimot ogs\u00e5 med dem som ikke er registrert som arbeidss\u00f8kere hos Nav, og der er antall arbeidsledige 4,5 prosent av arbeidsstyrken. <\/p>\n","protected":false},"excerpt":{"rendered":"Hele fire av ti nordmenn oppgir at de frykter \u00f8kte matpriser skal p\u00e5virke privat\u00f8konomien deres neste \u00e5r. Illustrasjonsbilde.&hellip;\n","protected":false},"author":2,"featured_media":123290,"comment_status":"","ping_status":"","sticky":false,"template":"","format":"standard","meta":{"footnotes":""},"categories":[10],"tags":[20,21,24,25,15,22,23,1229,13,30,28,29,14,16,572,904,4616,26,27],"class_list":{"0":"post-123289","1":"post","2":"type-post","3":"status-publish","4":"format-standard","5":"has-post-thumbnail","7":"category-norge","8":"tag-breaking-news","9":"tag-breakingnews","10":"tag-featured-news","11":"tag-featurednews","12":"tag-headlines","13":"tag-latest-news","14":"tag-latestnews","15":"tag-matpriser","16":"tag-news","17":"tag-no","18":"tag-norge","19":"tag-norway","20":"tag-nyheter","21":"tag-overskrifter","22":"tag-okonomi","23":"tag-pris","24":"tag-privatokonomi","25":"tag-top-stories","26":"tag-topstories"},"share_on_mastodon":{"url":"https:\/\/pubeurope.com\/@no\/115796678355323763","error":""},"_links":{"self":[{"href":"https:\/\/www.europesays.com\/no\/wp-json\/wp\/v2\/posts\/123289","targetHints":{"allow":["GET"]}}],"collection":[{"href":"https:\/\/www.europesays.com\/no\/wp-json\/wp\/v2\/posts"}],"about":[{"href":"https:\/\/www.europesays.com\/no\/wp-json\/wp\/v2\/types\/post"}],"author":[{"embeddable":true,"href":"https:\/\/www.europesays.com\/no\/wp-json\/wp\/v2\/users\/2"}],"replies":[{"embeddable":true,"href":"https:\/\/www.europesays.com\/no\/wp-json\/wp\/v2\/comments?post=123289"}],"version-history":[{"count":0,"href":"https:\/\/www.europesays.com\/no\/wp-json\/wp\/v2\/posts\/123289\/revisions"}],"wp:featuredmedia":[{"embeddable":true,"href":"https:\/\/www.europesays.com\/no\/wp-json\/wp\/v2\/media\/123290"}],"wp:attachment":[{"href":"https:\/\/www.europesays.com\/no\/wp-json\/wp\/v2\/media?parent=123289"}],"wp:term":[{"taxonomy":"category","embeddable":true,"href":"https:\/\/www.europesays.com\/no\/wp-json\/wp\/v2\/categories?post=123289"},{"taxonomy":"post_tag","embeddable":true,"href":"https:\/\/www.europesays.com\/no\/wp-json\/wp\/v2\/tags?post=123289"}],"curies":[{"name":"wp","href":"https:\/\/api.w.org\/{rel}","templated":true}]}}