{"id":123291,"date":"2025-12-28T10:17:07","date_gmt":"2025-12-28T10:17:07","guid":{"rendered":"https:\/\/www.europesays.com\/no\/123291\/"},"modified":"2025-12-28T10:17:07","modified_gmt":"2025-12-28T10:17:07","slug":"person-siktet-etter-funn-av-dod-kvinne-i-solor-i-innlandet","status":"publish","type":"post","link":"https:\/\/www.europesays.com\/no\/123291\/","title":{"rendered":"Person siktet etter funn av d\u00f8d kvinne i Sol\u00f8r i Innlandet"},"content":{"rendered":"<p class=\"extendedContent hyperion-css-eyn926\" data-test-tag=\"lead-text\">Politiet har iverksatt etterforskning etter at en kvinne i 40-\u00e5rene ble funnet d\u00f8d<br \/>i sin bolig l\u00f8rdag kveld, skriver politiet i en pressemelding. <\/p>\n<p class=\"paywall hyperion-css-1j42uic\">\u2013 Politiet mottok en bekymringsmelding om at det ikke oppn\u00e5dd kontakt med kvinnen. Ut ifra dette dro politiet p\u00e5 kvinnens bopel hvor de fant henne d\u00f8d, skriver politiet. <\/p>\n<p class=\"paywall hyperion-css-1j42uic\">En person er mistenkt og besluttet p\u00e5grepet. Kripos bist\u00e5r Innlandet politidistrikt i etterforskningen og kriminalteknikere jobber p\u00e5 funnstedet. De p\u00e5r\u00f8rende er varslet. <\/p>\n<p class=\"paywall hyperion-css-1j42uic\">\u2013 Pr. n\u00e5 har ikke politiet opplysninger om hvor vedkommende befinner seg og politiet jobber n\u00e5 med \u00e5 f\u00e5 kontroll p\u00e5 personen, skriver politiet.<\/p>\n<p class=\"paywall hyperion-css-1j42uic\">If\u00f8lge politiet er det en relasjon mellom den siktede og kvinnen. <\/p>\n<p class=\"paywall hyperion-css-1j42uic\">\u2013 Det gjennomf\u00f8res blant annet flere avh\u00f8r av mulige vitner. Etterforskningen er fremdeles i en tidlig fase og politiet jobber n\u00e5 med \u00e5 f\u00e5 en oversikt over det som har skjedd, heter det i pressemeldingen.<\/p>\n","protected":false},"excerpt":{"rendered":"Politiet har iverksatt etterforskning etter at en kvinne i 40-\u00e5rene ble funnet d\u00f8di sin bolig l\u00f8rdag kveld, skriver&hellip;\n","protected":false},"author":2,"featured_media":914,"comment_status":"","ping_status":"","sticky":false,"template":"","format":"standard","meta":{"footnotes":""},"categories":[5],"tags":[20,21,24,25,15,19,22,23,17,18,13,30,28,29,14,16,26,27],"class_list":{"0":"post-123291","1":"post","2":"type-post","3":"status-publish","4":"format-standard","5":"has-post-thumbnail","7":"category-overskrifter","8":"tag-breaking-news","9":"tag-breakingnews","10":"tag-featured-news","11":"tag-featurednews","12":"tag-headlines","13":"tag-hovedoppslag","14":"tag-latest-news","15":"tag-latestnews","16":"tag-main-news","17":"tag-mainnews","18":"tag-news","19":"tag-no","20":"tag-norge","21":"tag-norway","22":"tag-nyheter","23":"tag-overskrifter","24":"tag-top-stories","25":"tag-topstories"},"share_on_mastodon":{"url":"https:\/\/pubeurope.com\/@no\/115796681882198932","error":""},"_links":{"self":[{"href":"https:\/\/www.europesays.com\/no\/wp-json\/wp\/v2\/posts\/123291","targetHints":{"allow":["GET"]}}],"collection":[{"href":"https:\/\/www.europesays.com\/no\/wp-json\/wp\/v2\/posts"}],"about":[{"href":"https:\/\/www.europesays.com\/no\/wp-json\/wp\/v2\/types\/post"}],"author":[{"embeddable":true,"href":"https:\/\/www.europesays.com\/no\/wp-json\/wp\/v2\/users\/2"}],"replies":[{"embeddable":true,"href":"https:\/\/www.europesays.com\/no\/wp-json\/wp\/v2\/comments?post=123291"}],"version-history":[{"count":0,"href":"https:\/\/www.europesays.com\/no\/wp-json\/wp\/v2\/posts\/123291\/revisions"}],"wp:featuredmedia":[{"embeddable":true,"href":"https:\/\/www.europesays.com\/no\/wp-json\/wp\/v2\/media\/914"}],"wp:attachment":[{"href":"https:\/\/www.europesays.com\/no\/wp-json\/wp\/v2\/media?parent=123291"}],"wp:term":[{"taxonomy":"category","embeddable":true,"href":"https:\/\/www.europesays.com\/no\/wp-json\/wp\/v2\/categories?post=123291"},{"taxonomy":"post_tag","embeddable":true,"href":"https:\/\/www.europesays.com\/no\/wp-json\/wp\/v2\/tags?post=123291"}],"curies":[{"name":"wp","href":"https:\/\/api.w.org\/{rel}","templated":true}]}}