{"id":123294,"date":"2025-12-28T10:25:21","date_gmt":"2025-12-28T10:25:21","guid":{"rendered":"https:\/\/www.europesays.com\/no\/123294\/"},"modified":"2025-12-28T10:25:21","modified_gmt":"2025-12-28T10:25:21","slug":"sogndal-brann-brann-i-sogndal-to-personar-matte-evakuere","status":"publish","type":"post","link":"https:\/\/www.europesays.com\/no\/123294\/","title":{"rendered":"Sogndal, Brann | Brann i Sogndal. To personar m\u00e5tte evakuere"},"content":{"rendered":"\n<p>Klokka 01.18 natt til s\u00f8ndag fekk brannvesenet melding om r\u00f8ykutvikling fr\u00e5 eit sikringsskap i ein tomannsbustad i Kaupanger i Sogndal kommune.<\/p>\n<p>To personar var i bustaden, kvinner i 50- og 20-\u00e5ra. Dei m\u00e5tte overnatte hos familie for natta, p\u00e5 grunn av mykje r\u00f8yk i bustaden. <\/p>\n<p>Klokka 02.05 hadde brannvesenet kontroll p\u00e5 brannen. Det er ikkje opplyst \u00e5 vere personskader. Politiet opprettar sak. <\/p>\n<p>Elles har det vore ei stille natt for politiet. I Sunnfjord er det ingen hendingar \u00e5 melde om, opplyser operasjonsleiar Tatjana Knappen til Firda. <\/p>\n","protected":false},"excerpt":{"rendered":"Klokka 01.18 natt til s\u00f8ndag fekk brannvesenet melding om r\u00f8ykutvikling fr\u00e5 eit sikringsskap i ein tomannsbustad i Kaupanger&hellip;\n","protected":false},"author":2,"featured_media":231,"comment_status":"","ping_status":"","sticky":false,"template":"","format":"standard","meta":{"footnotes":""},"categories":[10],"tags":[36,367,20,21,24,25,15,22,23,13,30,28,29,14,16,254,1029,1510,26,27],"class_list":{"0":"post-123294","1":"post","2":"type-post","3":"status-publish","4":"format-standard","5":"has-post-thumbnail","7":"category-norge","8":"tag-art","9":"tag-brann","10":"tag-breaking-news","11":"tag-breakingnews","12":"tag-featured-news","13":"tag-featurednews","14":"tag-headlines","15":"tag-latest-news","16":"tag-latestnews","17":"tag-news","18":"tag-no","19":"tag-norge","20":"tag-norway","21":"tag-nyheter","22":"tag-overskrifter","23":"tag-politi","24":"tag-sogndal","25":"tag-story","26":"tag-top-stories","27":"tag-topstories"},"share_on_mastodon":{"url":"https:\/\/pubeurope.com\/@no\/115796713506720674","error":""},"_links":{"self":[{"href":"https:\/\/www.europesays.com\/no\/wp-json\/wp\/v2\/posts\/123294","targetHints":{"allow":["GET"]}}],"collection":[{"href":"https:\/\/www.europesays.com\/no\/wp-json\/wp\/v2\/posts"}],"about":[{"href":"https:\/\/www.europesays.com\/no\/wp-json\/wp\/v2\/types\/post"}],"author":[{"embeddable":true,"href":"https:\/\/www.europesays.com\/no\/wp-json\/wp\/v2\/users\/2"}],"replies":[{"embeddable":true,"href":"https:\/\/www.europesays.com\/no\/wp-json\/wp\/v2\/comments?post=123294"}],"version-history":[{"count":0,"href":"https:\/\/www.europesays.com\/no\/wp-json\/wp\/v2\/posts\/123294\/revisions"}],"wp:featuredmedia":[{"embeddable":true,"href":"https:\/\/www.europesays.com\/no\/wp-json\/wp\/v2\/media\/231"}],"wp:attachment":[{"href":"https:\/\/www.europesays.com\/no\/wp-json\/wp\/v2\/media?parent=123294"}],"wp:term":[{"taxonomy":"category","embeddable":true,"href":"https:\/\/www.europesays.com\/no\/wp-json\/wp\/v2\/categories?post=123294"},{"taxonomy":"post_tag","embeddable":true,"href":"https:\/\/www.europesays.com\/no\/wp-json\/wp\/v2\/tags?post=123294"}],"curies":[{"name":"wp","href":"https:\/\/api.w.org\/{rel}","templated":true}]}}