{"id":123295,"date":"2025-12-28T10:26:35","date_gmt":"2025-12-28T10:26:35","guid":{"rendered":"https:\/\/www.europesays.com\/no\/123295\/"},"modified":"2025-12-28T10:26:35","modified_gmt":"2025-12-28T10:26:35","slug":"31-inkassosaker-og-fire-millioner-i-gjeld","status":"publish","type":"post","link":"https:\/\/www.europesays.com\/no\/123295\/","title":{"rendered":"31 inkassosaker og fire millioner i gjeld"},"content":{"rendered":"<p class=\"kicker \" style=\"\">Espen H\u00f8iby:\u00a0<\/p>\n<p>  Pilotskolen, der kronprinsesse Mette-Marits bror er deleier, st\u00e5r foran konkurs mandag &#8211; med flere millioner i gjeld.<\/p>\n<p>\n    DELEIER: Pilot Flight Academy kan g\u00e5 konkurs om bare f\u00e5 dager. Espen H\u00f8iby er deleier. Foto: Andreas Fadum \/ Se og H\u00f8r\n  <\/p>\n<p>Pilot Flight Academy, der Espen H\u00f8iby (66) har store eierinteresser, kan g\u00e5 konkurs allerede mandag. Pilotskolen har 31 betalingsanmerkninger p\u00e5 til sammen nesten fire millioner kroner, skriver\u00a0<a href=\"https:\/\/www.vg.no\/nyheter\/i\/JOo7p4\/espen-hoeibys-pilotskole-kan-gaa-konkurs-31-inkassosaker\" rel=\"nofollow noopener\" target=\"_blank\">VG<\/a>.\u00a0<\/p>\n<p>    <a itemprop=\"url\" href=\"https:\/\/www.seher.no\/kjendis\/hoiby-ble-bestefar-i-helgen\/64455400\" rel=\"nofollow noopener\" target=\"_blank\"><\/p>\n<p>        <img loading=\"lazy\" decoding=\"async\" src=\"https:\/\/www.europesays.com\/no\/wp-content\/uploads\/2025\/12\/64455411.webp\" width=\"147\" height=\"98\" title=\"H\u00f8iby ble bestefar i helgen\" alt=\"\" class=\"lazyload\" style=\"--aspect-ratio-image: 1.50; \"\/><\/p>\n<p>        H\u00f8iby ble bestefar i helgen<\/p>\n<p>    <\/a><\/p>\n<p>Administrerende direkt\u00f8r Henriette M\u00f8ller Nielsen bekrefter overfor VG\u00a0at styret fortsatt jobber med \u00e5 fors\u00f8ke \u00e5 unng\u00e5 konkurs.<\/p>\n<p>        <img loading=\"lazy\" decoding=\"async\" src=\"https:\/\/www.europesays.com\/no\/wp-content\/uploads\/2025\/12\/84029356.webp\" width=\"980\" height=\"559\" title=\"STOREBROR: Kronprinsesse Mette-Marit og storebror Espen H\u00f8iby abildet p\u00e5 17. mai i 2023. Foto: Lise \u00c5serud \/ NTB\" alt=\"\" class=\"\" style=\"--aspect-ratio-image: 1.75; \"\/><\/p>\n<p>\n        STOREBROR: Kronprinsesse Mette-Marit og storebror Espen H\u00f8iby abildet p\u00e5 17. mai i 2023. Foto: Lise \u00c5serud \/ NTB\n    <\/p>\n<p class=\"font-weight-bold m-font-weight-bold\" data-lab-font_weight=\"font-weight-bold\">&#8211; Siden situasjonen fortsatt er uavklart, ber vi om forst\u00e5else for at vi vil vente med \u00e5 besvare sp\u00f8rsm\u00e5l til styret har fattet en endelig beslutning, skriver M\u00f8ller Nielsen til avisen.\u00a0<\/p>\n<p>Hun sendte melding til elever og ansatte 23. desember der hun forklarte at styret skulle ha m\u00f8te s\u00f8ndag, og at konkursbegj\u00e6ringen trolig kommer mandag morgen.<\/p>\n<p>        Kronprinsessen \u00e5pner opp i NRK-programmet \u00ab\u00c5ret med kongefamilien\u00bb. Video: NRK. Reporter: Mariel Sand Nwosu\/Dagbladet TV<\/p>\n<p>Til <a href=\"https:\/\/www.sb.no\/gar-mot-million-konkurs-ikke-vart-mulig-a-fremforhandle-avtale-med-ny-investor\/s\/5-73-2089449?utm_source=sdrn%3Avg%3Aarticle%3AJOo7p4\" rel=\"nofollow noopener\" target=\"_blank\">Sandefjords Blad<\/a> bekrefter M\u00f8ller Nielsen at styret har fors\u00f8kt \u00e5 f\u00e5 avtale med nye investorer uten \u00e5 lykkes.<\/p>\n<p class=\"font-weight-bold m-font-weight-bold\" data-lab-font_weight=\"font-weight-bold\">&#8211; Dermed har styret, slik vi vurderer det i dag, dessverre ikke noe annet alternativ enn \u00e5 begj\u00e6re oppbud, skriver hun i en SMS til avisen.<\/p>\n<p>        <img loading=\"lazy\" decoding=\"async\" src=\"https:\/\/www.europesays.com\/no\/wp-content\/uploads\/2025\/12\/84029358.webp\" width=\"667\" height=\"407\" title=\"TILBAKEBLIKK: Espen H\u00f8iby og kronprinsesse Mette-Marit avbildet p\u00e5 vei til konsert med Dolly Parton i 2007. Foto: Andreas Fadum \/ Se og H\u00f8r\" alt=\"\" class=\"\" style=\"--aspect-ratio-image: 1.64; \"\/><\/p>\n<p>\n        TILBAKEBLIKK: Espen H\u00f8iby og kronprinsesse Mette-Marit avbildet p\u00e5 vei til konsert med Dolly Parton i 2007. Foto: Andreas Fadum \/ Se og H\u00f8r\n    <\/p>\n<p>Bel\u00f8pene p\u00e5 listen over inkassosaker varierer fra noen hundrelapper for vaktmestertjenester til over tre millioner kroner fra Torp Campus AS. Schibsted Media AS har et krav p\u00e5 n\u00e6rmere 190.000 kroner.<\/p>\n<p>        <img loading=\"lazy\" decoding=\"async\" src=\"https:\/\/www.europesays.com\/no\/wp-content\/uploads\/2025\/12\/84029364.webp\" width=\"686\" height=\"536\" title=\"MED KONA: Espen H\u00f8iby og kona Renate Jonassen H\u00f8iby har v\u00e6rt gift siden 2006. Her avbildet i 2011. Foto: Lise \u00c5serud \/ NTB\" alt=\"\" class=\"\" style=\"--aspect-ratio-image: 1.28; \"\/><\/p>\n<p>\n        MED KONA: Espen H\u00f8iby og kona Renate Jonassen H\u00f8iby har v\u00e6rt gift siden 2006. Her avbildet i 2011. Foto: Lise \u00c5serud \/ NTB\n    <\/p>\n<p>Til tross for de store \u00f8konomiske utfordringene har pilotskolen fulltegnet januaropptaket der elevene etter planen skal starte 13. januar. Den totale studieavgiften for hele kurset er 1.170.000 kroner.<\/p>\n<p class=\"font-weight-bold m-font-weight-bold\" data-lab-font_weight=\"font-weight-bold\">Espen H\u00f8iby, som er eldre bror av kronprinsesse Mette-Marit (52), st\u00e5r som medeier av Pilot Flight Academy. Han \u00f8nsker ikke \u00e5 kommentere situasjonen.<\/p>\n<p>        SLIK VAR \u00c5RET: 2025 var preget av offisielle oppdrag, utfordringer og store overskrifter. Reporter: Caroline Vagle. Video: Kine Falch<\/p>\n<p>&#8211; Dette m\u00e5 du henvende deg til administrasjonen eller styret i Pilot Flight Academy, skriver H\u00f8iby i en tekstmelding til VG.<\/p>\n","protected":false},"excerpt":{"rendered":"Espen H\u00f8iby:\u00a0 Pilotskolen, der kronprinsesse Mette-Marits bror er deleier, st\u00e5r foran konkurs mandag &#8211; med flere millioner i&hellip;\n","protected":false},"author":2,"featured_media":123296,"comment_status":"","ping_status":"","sticky":false,"template":"","format":"standard","meta":{"footnotes":""},"categories":[5],"tags":[20,21,14602,24,25,15,19,479,2543,1484,2293,22,23,17,18,13,30,28,29,14,16,26,27],"class_list":{"0":"post-123295","1":"post","2":"type-post","3":"status-publish","4":"format-standard","5":"has-post-thumbnail","7":"category-overskrifter","8":"tag-breaking-news","9":"tag-breakingnews","10":"tag-espen-hoiby","11":"tag-featured-news","12":"tag-featurednews","13":"tag-headlines","14":"tag-hovedoppslag","15":"tag-kjendis","16":"tag-kjendisdesken","17":"tag-konkurs","18":"tag-kronprinsesse-mette-marit","19":"tag-latest-news","20":"tag-latestnews","21":"tag-main-news","22":"tag-mainnews","23":"tag-news","24":"tag-no","25":"tag-norge","26":"tag-norway","27":"tag-nyheter","28":"tag-overskrifter","29":"tag-top-stories","30":"tag-topstories"},"share_on_mastodon":{"url":"https:\/\/pubeurope.com\/@no\/115796717699080597","error":""},"_links":{"self":[{"href":"https:\/\/www.europesays.com\/no\/wp-json\/wp\/v2\/posts\/123295","targetHints":{"allow":["GET"]}}],"collection":[{"href":"https:\/\/www.europesays.com\/no\/wp-json\/wp\/v2\/posts"}],"about":[{"href":"https:\/\/www.europesays.com\/no\/wp-json\/wp\/v2\/types\/post"}],"author":[{"embeddable":true,"href":"https:\/\/www.europesays.com\/no\/wp-json\/wp\/v2\/users\/2"}],"replies":[{"embeddable":true,"href":"https:\/\/www.europesays.com\/no\/wp-json\/wp\/v2\/comments?post=123295"}],"version-history":[{"count":0,"href":"https:\/\/www.europesays.com\/no\/wp-json\/wp\/v2\/posts\/123295\/revisions"}],"wp:featuredmedia":[{"embeddable":true,"href":"https:\/\/www.europesays.com\/no\/wp-json\/wp\/v2\/media\/123296"}],"wp:attachment":[{"href":"https:\/\/www.europesays.com\/no\/wp-json\/wp\/v2\/media?parent=123295"}],"wp:term":[{"taxonomy":"category","embeddable":true,"href":"https:\/\/www.europesays.com\/no\/wp-json\/wp\/v2\/categories?post=123295"},{"taxonomy":"post_tag","embeddable":true,"href":"https:\/\/www.europesays.com\/no\/wp-json\/wp\/v2\/tags?post=123295"}],"curies":[{"name":"wp","href":"https:\/\/api.w.org\/{rel}","templated":true}]}}