{"id":123297,"date":"2025-12-28T10:27:12","date_gmt":"2025-12-28T10:27:12","guid":{"rendered":"https:\/\/www.europesays.com\/no\/123297\/"},"modified":"2025-12-28T10:27:12","modified_gmt":"2025-12-28T10:27:12","slug":"aki-samuelsen-solgt-til-mjallby","status":"publish","type":"post","link":"https:\/\/www.europesays.com\/no\/123297\/","title":{"rendered":"\u00c1ki Samuelsen solgt til Mj\u00e4llby"},"content":{"rendered":"\n<p class=\"_lead_o9xde_2 _lead_xtcu6_50 layout-component text-serif-m layout-normal text-serif-l layout-component layout-wide layout-padded _wide_17hqh_1 layout-padded\">\u00c1ki Samuelsen herjet for Ranheim i 1. divisjon sist sesong. Kantspilleren selges til den svenske seriemesteren Mj\u00e4llby, som ledes av norske Karl Marius Aksum.<\/p>\n<ul class=\"_gallery_1qa3s_23\" tabindex=\"0\">\n<li class=\"_item_1qa3s_37\" data-index=\"0\"><img fetchpriority=\"high\" decoding=\"async\" class=\"_image_foru8_23 _introGallery_foru8_43\" data-fullscreen- width=\"3246\" height=\"2500\" itemprop=\"image\" loading=\"eager\"  src=\"https:\/\/www.europesays.com\/no\/wp-content\/uploads\/2025\/12\/a24bf91e-81a1-4154-9b13-7dff19e01427\"  style=\"object-position:50% 50%;aspect-ratio:var(--gallery-aspect-ratio, 16 \/ 9)\"\/>Karl Marius Aksums (t.h.) f\u00f8rste signering som hovedtrener for Mj\u00e4llby kommer fra norsk 1. divisjon.  Foto: Johan Nilsson \/ TT \/ NTB<\/li>\n<li class=\"_item_1qa3s_37\" data-index=\"1\"><img decoding=\"async\" class=\"_image_foru8_23 _introGallery_foru8_43\" data-fullscreen- width=\"2861\" height=\"1907\" itemprop=\"image\" loading=\"lazy\"  src=\"https:\/\/www.europesays.com\/no\/wp-content\/uploads\/2025\/12\/c0413bd7-eae6-4150-a000-424f2d47b26c\"  style=\"object-position:50% 50%;aspect-ratio:var(--gallery-aspect-ratio, 16 \/ 9)\"\/>\u00c1ki Samuelsen spilte sv\u00e6rt bra for Ranheim i 2025.  Foto: Ole Martin Wold \/ NTB<\/li>\n<\/ul>\n<p>Karl Marius Aksums (t.h.) f\u00f8rste signering som hovedtrener for Mj\u00e4llby kommer fra norsk 1. divisjon.  Foto: Johan Nilsson \/ TT \/ NTB<\/p>\n<ul aria-hidden=\"true\" class=\"_images_ntbth_112\">\n<li><a class=\"_link_ntbth_117\" href=\"https:\/\/www.vg.no\/forfatter\/ntb\" style=\"z-index:1\" title=\"NTB\" rel=\"nofollow noopener\" target=\"_blank\"><img alt=\"Bilde av NTB\" class=\"_image_ntbth_93\" fetchpriority=\"low\" loading=\"lazy\" decoding=\"async\" itemprop=\"image\"  src=\"https:\/\/www.europesays.com\/no\/wp-content\/uploads\/2025\/12\/1766917632_317_c33980b0-5d07-4027-84a1-813f90a7c8d6\"  width=\"480\"\/><\/a><\/li>\n<\/ul>\n<p> Oppdatert s\u00f8ndag 28. desember kl. 10:49     <\/p>\n<p class=\"_paragraph_o9xde_4 _paragraph_xtcu6_10 layout-component text-serif-m layout-normal text-serif-m layout-padded\"> Overgangen bekreftes av Ranheim p\u00e5 klubbens <a href=\"https:\/\/www.ranheimfotball.no\/nyheter\/aki-samuelsen-klar-for-mjallby\" class=\"_link_o9xde_39\" rel=\"nofollow noopener\" target=\"_blank\">nettsted<\/a>.<\/p>\n<p class=\"_paragraph_o9xde_4 _paragraph_xtcu6_10 layout-component text-serif-m layout-normal text-serif-m layout-padded\">\u2013 Vi er forn\u00f8yd med at den svenske seriemesteren scouter og ser til Ranheim. Det sier noe om kvaliteten i arbeidet alle sammen hos oss bidrar til \u00e5 skape og viser at unge spillere kan komme til Ranheim, ta store steg i et godt milj\u00f8 og g\u00e5 videre, sier Ranheims sportssjef K\u00e5re Ingebrigtsen.<\/p>\n<p class=\"_paragraph_o9xde_4 _paragraph_xtcu6_10 layout-component text-serif-m layout-normal text-serif-m layout-padded\">Samuelsen kom til Ranheim i januar fra den f\u00e6r\u00f8yske klubben HB Thorshavn og gjorde det sv\u00e6rt godt i 1. divisjon. Hele ni m\u00e5l og ti m\u00e5lgivende pasninger sto 21-\u00e5ringen bak for tr\u00f8nderne.<\/p>\n<p class=\"_paragraph_o9xde_4 _paragraph_xtcu6_10 layout-component text-serif-m layout-normal text-serif-m layout-padded\">N\u00e5 g\u00e5r ferden til den svenske sensasjonen Mj\u00e4llby, der Karl Marius Aksum har tatt over som hovedtrener.<\/p>\n<p class=\"_paragraph_o9xde_4 _paragraph_xtcu6_10 layout-component text-serif-m layout-normal text-serif-m layout-padded\">35-\u00e5ringen fra Narvik var sist sesong assistenttrener i klubben fra et lite tettsted p\u00e5 1500 innbyggere. Mj\u00e4llby vant sensasjonelt Allsvenskan med klar margin og slo poengrekorden i ligaen.<\/p>\n<p class=\"_paragraph_o9xde_4 _paragraph_xtcu6_10 layout-component text-serif-m layout-normal text-serif-m layout-padded\">I november tok Aksum over som hovedtrener etter at Anders Torstensson forlot sjefsrollen for \u00e5 bli teknisk leder.<\/p>\n<p class=\"_paragraph_o9xde_4 _paragraph_xtcu6_10 layout-component text-serif-m layout-normal text-serif-m layout-padded\">Aksum har doktorgrad i fotball fra Norges idrettsh\u00f8gskole og ble hentet inn som assistent i Mj\u00e4llby foran 2024-sesongen.<\/p>\n","protected":false},"excerpt":{"rendered":"\u00c1ki Samuelsen herjet for Ranheim i 1. divisjon sist sesong. Kantspilleren selges til den svenske seriemesteren Mj\u00e4llby, som&hellip;\n","protected":false},"author":2,"featured_media":123298,"comment_status":"","ping_status":"","sticky":false,"template":"","format":"standard","meta":{"footnotes":""},"categories":[59],"tags":[30,28,29,83,82],"class_list":{"0":"post-123297","1":"post","2":"type-post","3":"status-publish","4":"format-standard","5":"has-post-thumbnail","7":"category-sport","8":"tag-no","9":"tag-norge","10":"tag-norway","11":"tag-sport","12":"tag-sports"},"share_on_mastodon":{"url":"https:\/\/pubeurope.com\/@no\/115796721403722324","error":""},"_links":{"self":[{"href":"https:\/\/www.europesays.com\/no\/wp-json\/wp\/v2\/posts\/123297","targetHints":{"allow":["GET"]}}],"collection":[{"href":"https:\/\/www.europesays.com\/no\/wp-json\/wp\/v2\/posts"}],"about":[{"href":"https:\/\/www.europesays.com\/no\/wp-json\/wp\/v2\/types\/post"}],"author":[{"embeddable":true,"href":"https:\/\/www.europesays.com\/no\/wp-json\/wp\/v2\/users\/2"}],"replies":[{"embeddable":true,"href":"https:\/\/www.europesays.com\/no\/wp-json\/wp\/v2\/comments?post=123297"}],"version-history":[{"count":0,"href":"https:\/\/www.europesays.com\/no\/wp-json\/wp\/v2\/posts\/123297\/revisions"}],"wp:featuredmedia":[{"embeddable":true,"href":"https:\/\/www.europesays.com\/no\/wp-json\/wp\/v2\/media\/123298"}],"wp:attachment":[{"href":"https:\/\/www.europesays.com\/no\/wp-json\/wp\/v2\/media?parent=123297"}],"wp:term":[{"taxonomy":"category","embeddable":true,"href":"https:\/\/www.europesays.com\/no\/wp-json\/wp\/v2\/categories?post=123297"},{"taxonomy":"post_tag","embeddable":true,"href":"https:\/\/www.europesays.com\/no\/wp-json\/wp\/v2\/tags?post=123297"}],"curies":[{"name":"wp","href":"https:\/\/api.w.org\/{rel}","templated":true}]}}