{"id":123304,"date":"2025-12-28T10:40:42","date_gmt":"2025-12-28T10:40:42","guid":{"rendered":"https:\/\/www.europesays.com\/no\/123304\/"},"modified":"2025-12-28T10:40:42","modified_gmt":"2025-12-28T10:40:42","slug":"det-svenske-langrennslandslaget-er-rystet-av-bakkens-dodsfall","status":"publish","type":"post","link":"https:\/\/www.europesays.com\/no\/123304\/","title":{"rendered":"Det svenske langrennslandslaget er rystet av Bakkens d\u00f8dsfall:"},"content":{"rendered":"<p>Nyheten om Sivert Guttorm Bakkens br\u00e5e d\u00f8dsfall under en treningssamling i Lavaz\u00e8, Italia, har preget julen til alle som driver med ski.<\/p>\n<p>Ogs\u00e5 langrennsl\u00f8perne som skal g\u00e5 Tour de Ski med start i Toblach s\u00f8ndag.<\/p>\n<p>\u2013\u00a0S\u00e5 tragisk, alts\u00e5. Det blir veldig ekte n\u00e5r det kommer s\u00e5pass n\u00e6rme i skifamilien. Det er ikke en stor verden, sier Frida Karlsson (27) til TV 2.<\/p>\n<p>Hun er like gammel som Bakken og lar seg prege av d\u00f8dsfallet p\u00e5 hotellet hun selv har bodd p\u00e5 flere ganger.<\/p>\n<p>\u2013 Det blir s\u00e5 virkelig og mulig \u00e5 relatere til. Man tenker p\u00e5 alle som var rundt ham. Alle som var til stede, familie og venner. Det er helt fryktelig, forteller hun.<\/p>\n<p>        <img class=\"image__img lazyload\" itemprop=\"image\" title=\"Foto: Yngve Sem Pedersen \/ TV 2\" alt=\"20251227, Toblach. Svenske skil\u00f8pere p\u00e5 pressetreff dagen f\u00f8r Tour de Ski starter i Toblach, Italia. Foto: Yngve Sem Pedersen \/ TV 2\" width=\"675\" height=\"379\" bad-src=\"https:\/\/www.europesays.com\/no\/wp-content\/uploads\/2025\/12\/18415866.webp\" fetchpriority=\"auto\" \/><\/p>\n<p>Imponert av Simpson-Larsen<\/p>\n<p>Den norske langrennskometen Karoline Simpson-Larsen er en av dem som var p\u00e5 Hotel Dolomiti i Lavaz\u00e8 sammen med Bakken.<\/p>\n<p>\u00a0\u2013 Jula har v\u00e6rt t\u00f8ff. Ikke hyggelig i det hele tatt. Vi som har v\u00e6rt i Lavaz\u00e8 har v\u00e6rt mye sammen hver dag. Det har v\u00e6rt godt, sa hun til TV 2 da hun m\u00f8tte pressen i Toblach.<\/p>\n<p> Simpson Larsen understreket betydningen av samholdet i den tunge perioden l\u00f8rdag formiddag. <\/p>\n<p>\u2013 Det er veldig sterkt av henne \u00e5 stille til start, forteller Karlsson til TV 2.<\/p>\n<p>\u2013 Det er vanskelig \u00e5 sette seg inn i situasjonen, men det kan v\u00e6re bra \u00e5 ha mye folk rundt seg mens hun fors\u00f8ker \u00e5 komme tilbake til sitt normale liv.<\/p>\n<p>        <img class=\"image__img lazyload\" itemprop=\"image\" title=\"Foto: Yngve Sem Pedersen \/ TV 2\" alt=\"PREGET: Frida Karlsson kaller den rystende nyheten for \u00abfryktelig\u00bb. Her fra Ski-VM i Trondheim. Foto: Yngve Sem Pedersen \/ TV 2\" width=\"978\" height=\"551\" bad-src=\"https:\/\/www.europesays.com\/no\/wp-content\/uploads\/2025\/12\/18415860.webp\" fetchpriority=\"auto\" \/><\/p>\n<p>\u2013 Skummelt<\/p>\n<p>Edvin Anger (23) f\u00f8ler p\u00e5 mye av det samme som sin landslagskollega.<\/p>\n<p>\u2013 Det kjennes ganske n\u00e6rt. Skiskyting og langrenn er litt i samme familie, og det er til ettertanke. Det kunne like gjerne v\u00e6rt noen i det svenske laget eller en langrennsut\u00f8ver. Det er skummelt, forteller 23-\u00e5ringen til TV 2.<\/p>\n<p>Bakkens d\u00f8ds\u00e5rsak er forel\u00f8pig ukjent, og ventes \u00e5 komme neste uke n\u00e5r obduksjonen er ferdig. Det er imidlertid kjent at Bakken ble funnet med en s\u00e5kalt h\u00f8ydemaske, en maske som simulerer h\u00f8yde-trening, og som begrenser oksygentilgangen til ut\u00f8veren.<\/p>\n<p> \u2013 Det blir mye spekulasjoner og slikt. Det er virkelig skummelt, sier Anger.<\/p>\n<p class=\"italic m-italic\" data-lab-italic=\"italic\">\u2013 Kjenner du til, eller har selv brukt, en slik h\u00f8ydemaske?<\/p>\n<p>\u2013 Nei, faktisk ikke. Det f\u00f8rste jeg gjorde var \u00e5 google hva det egentlig var for noe. Det ser skummelt ut, forteller han.<\/p>\n<p>        <img class=\"image__img lazyload\" itemprop=\"image\" title=\"Foto: Yngve Sem Pedersen \/ TV 2\" alt=\"20251227, Toblach. Svenske skil\u00f8pere p\u00e5 pressetreff dagen f\u00f8r Tour de Ski starter i Toblach, Italia. Foto: Yngve Sem Pedersen \/ TV 2\" width=\"978\" height=\"551\" bad-src=\"https:\/\/www.europesays.com\/no\/wp-content\/uploads\/2025\/12\/18415868.webp\" fetchpriority=\"auto\" \/><\/p>\n<p>Samtaleemne<\/p>\n<p>Heller ikke Karlsson kjenner til slike masker.<\/p>\n<p class=\"bold m-bold\" data-lab-font_weight=\"bold\">\u2013\u00a0Jeg har faktisk aldri h\u00f8rt om at noen bruker det. Jeg er veldig gr\u00f8nn p\u00e5 det.<\/p>\n<p data-lab-font_weight=\"\">Ettersom bruk av simulert h\u00f8yde p\u00e5 slikt vis er ukjent for svenskene, har det naturligvis v\u00e6rt et samtaleemne innad i landslaget.<\/p>\n<p data-lab-font_weight=\"\"> \u2013 Det er klart at det har v\u00e6rt pratet om, men jeg tror ikke noen visste hva en h\u00f8ydemaske var for noe, sier Anger.<\/p>\n<p data-lab-font_weight=\"\">\u2013 Jeg vet ikke om man har f\u00e5tt klargjort helt hvilken type h\u00f8ydemaske han hadde p\u00e5 seg heller. Det blir mye spekulasjoner, og det er trist at det blir det, forteller han.<\/p>\n","protected":false},"excerpt":{"rendered":"Nyheten om Sivert Guttorm Bakkens br\u00e5e d\u00f8dsfall under en treningssamling i Lavaz\u00e8, Italia, har preget julen til alle&hellip;\n","protected":false},"author":2,"featured_media":123305,"comment_status":"","ping_status":"","sticky":false,"template":"","format":"standard","meta":{"footnotes":""},"categories":[10],"tags":[20,21,24,25,15,22,23,13,30,28,29,14,16,26,27],"class_list":{"0":"post-123304","1":"post","2":"type-post","3":"status-publish","4":"format-standard","5":"has-post-thumbnail","7":"category-norge","8":"tag-breaking-news","9":"tag-breakingnews","10":"tag-featured-news","11":"tag-featurednews","12":"tag-headlines","13":"tag-latest-news","14":"tag-latestnews","15":"tag-news","16":"tag-no","17":"tag-norge","18":"tag-norway","19":"tag-nyheter","20":"tag-overskrifter","21":"tag-top-stories","22":"tag-topstories"},"share_on_mastodon":{"url":"https:\/\/pubeurope.com\/@no\/115796772310865671","error":""},"_links":{"self":[{"href":"https:\/\/www.europesays.com\/no\/wp-json\/wp\/v2\/posts\/123304","targetHints":{"allow":["GET"]}}],"collection":[{"href":"https:\/\/www.europesays.com\/no\/wp-json\/wp\/v2\/posts"}],"about":[{"href":"https:\/\/www.europesays.com\/no\/wp-json\/wp\/v2\/types\/post"}],"author":[{"embeddable":true,"href":"https:\/\/www.europesays.com\/no\/wp-json\/wp\/v2\/users\/2"}],"replies":[{"embeddable":true,"href":"https:\/\/www.europesays.com\/no\/wp-json\/wp\/v2\/comments?post=123304"}],"version-history":[{"count":0,"href":"https:\/\/www.europesays.com\/no\/wp-json\/wp\/v2\/posts\/123304\/revisions"}],"wp:featuredmedia":[{"embeddable":true,"href":"https:\/\/www.europesays.com\/no\/wp-json\/wp\/v2\/media\/123305"}],"wp:attachment":[{"href":"https:\/\/www.europesays.com\/no\/wp-json\/wp\/v2\/media?parent=123304"}],"wp:term":[{"taxonomy":"category","embeddable":true,"href":"https:\/\/www.europesays.com\/no\/wp-json\/wp\/v2\/categories?post=123304"},{"taxonomy":"post_tag","embeddable":true,"href":"https:\/\/www.europesays.com\/no\/wp-json\/wp\/v2\/tags?post=123304"}],"curies":[{"name":"wp","href":"https:\/\/api.w.org\/{rel}","templated":true}]}}