{"id":123306,"date":"2025-12-28T10:43:13","date_gmt":"2025-12-28T10:43:13","guid":{"rendered":"https:\/\/www.europesays.com\/no\/123306\/"},"modified":"2025-12-28T10:43:13","modified_gmt":"2025-12-28T10:43:13","slug":"brigitte-bardot-er-dod","status":"publish","type":"post","link":"https:\/\/www.europesays.com\/no\/123306\/","title":{"rendered":"Brigitte Bardot er d\u00f8d"},"content":{"rendered":"<p class=\"kicker \" style=\"\">Brigitte Bardot:\u00a0<\/p>\n<p>  Den franske skuespilleren Brigitte Bardot var alvorlig syk. N\u00e5 har hun g\u00e5tt bort, 91 \u00e5r gammel.\u00a0<\/p>\n<p>\n    G\u00c5TT BORT: Den ikoniske skuespilleren Brigitte Bardot er d\u00f8d. Foto: Valery Hache \/ AFP \/ NTB\n  <\/p>\n<p id=\"text\" class=\"svelte-1bgec1z\">I samarbeid med<\/p>\n<p>     <img decoding=\"async\" src=\"https:\/\/www.europesays.com\/no\/wp-content\/uploads\/2025\/12\/fishermansFriend.png\" alt=\"kommersiell logo\" class=\"svelte-1bgec1z\"\/>          <\/p>\n<p>Den franske skuespilleren Brigitte Bardot (91) er d\u00f8d. Det melder flere internasjonale medier.<\/p>\n<p>    <a itemprop=\"url\" href=\"https:\/\/www.dagbladet.no\/kjendis\/diane-keaton-er-dod\/83711709\" rel=\"nofollow noopener\" target=\"_blank\"><\/p>\n<p>        <img loading=\"lazy\" decoding=\"async\" src=\"https:\/\/www.europesays.com\/no\/wp-content\/uploads\/2025\/12\/83711716.webp\" width=\"980\" height=\"441\" title=\"Diane Keaton er d\u00f8d\" alt=\"\" class=\"lazyload\" style=\"--aspect-ratio-image: 2.22; \"\/><\/p>\n<p>        Diane Keaton er d\u00f8d<\/p>\n<p>    <\/a><\/p>\n<p>Bardot er slitt med helseutfodringer gjennom h\u00f8sten, og ble lagt inn p\u00e5 sykehus i oktober. Der skal hun ha gjennomg\u00e5tt en operasjon i forbindelse med en alvorlig sykdom.<\/p>\n<p>Helsetilstanden til Bardot ble beskrevet som \u00abbekymringsfull\u00bb, men if\u00f8lge en lokal fransk avis ble hun utskrevet fra sykehuset like etter.\u00a0<\/p>\n<p>N\u00e5 melder flere franske medier, deriblant <a href=\"https:\/\/www.lefigaro.fr\/cinema\/webnecro-bardot-brigitte-bardot-l-icone-du-cinema-francais-est-morte-a-91-ans-20251228\" target=\"_blank\" rel=\"nofollow noopener\">Le Figaro<\/a>, at hun har g\u00e5tt bort.<\/p>\n<p>        <img loading=\"lazy\" decoding=\"async\" src=\"https:\/\/www.europesays.com\/no\/wp-content\/uploads\/2025\/12\/83742721.webp\" width=\"686\" height=\"831\" title=\"Den franske skuespillerinnen Brigitte Bardot (h\u00f8yre) og den italienske skuespillerinnen Claudia Cardinale (venstre) p\u00e5 premieren av filmen \u00abLes Petroleuses\u00bb i 1971. Foto: AFP \/ NTB\" alt=\"\" class=\"\" style=\"--aspect-ratio-image: 0.83; \"\/><\/p>\n<p>\n        Den franske skuespillerinnen Brigitte Bardot (h\u00f8yre) og den italienske skuespillerinnen Claudia Cardinale (venstre) p\u00e5 premieren av filmen \u00abLes Petroleuses\u00bb i 1971. Foto: AFP \/ NTB\n    <\/p>\n<p>I 1950-\u00e5rene ble Bardot et av popul\u00e6rkulturens st\u00f8rste sexsymboler, mye grunnet sin hovedrolle i filmen Og Gud skapte kvinnen fra 1956.<\/p>\n<p>Bardot spilte i en rekke filmer, blant annet \u00abViva Maria!\u00bb med Jeanne Moreau (1965) og \u00abShalako\u00bb (1968) sammen med Sean Connery.<\/p>\n<p>Bardot trakk seg fra underholdningsbransjen allerede i 1973. Men senere i livet ble hun en ivrig naturverner og aksjonerte blant annet mot selfangst.<\/p>\n","protected":false},"excerpt":{"rendered":"Brigitte Bardot:\u00a0 Den franske skuespilleren Brigitte Bardot var alvorlig syk. N\u00e5 har hun g\u00e5tt bort, 91 \u00e5r gammel.\u00a0&hellip;\n","protected":false},"author":2,"featured_media":123307,"comment_status":"","ping_status":"","sticky":false,"template":"","format":"standard","meta":{"footnotes":""},"categories":[58],"tags":[9775,2268,71,9367,479,2543,30,28,29,3318,72],"class_list":{"0":"post-123306","1":"post","2":"type-post","3":"status-publish","4":"format-standard","5":"has-post-thumbnail","7":"category-underholdning","8":"tag-brigitte-bardot","9":"tag-dod","10":"tag-entertainment","11":"tag-gatt-bort","12":"tag-kjendis","13":"tag-kjendisdesken","14":"tag-no","15":"tag-norge","16":"tag-norway","17":"tag-skuespiller","18":"tag-underholdning"},"share_on_mastodon":{"url":"https:\/\/pubeurope.com\/@no\/115796784575210730","error":""},"_links":{"self":[{"href":"https:\/\/www.europesays.com\/no\/wp-json\/wp\/v2\/posts\/123306","targetHints":{"allow":["GET"]}}],"collection":[{"href":"https:\/\/www.europesays.com\/no\/wp-json\/wp\/v2\/posts"}],"about":[{"href":"https:\/\/www.europesays.com\/no\/wp-json\/wp\/v2\/types\/post"}],"author":[{"embeddable":true,"href":"https:\/\/www.europesays.com\/no\/wp-json\/wp\/v2\/users\/2"}],"replies":[{"embeddable":true,"href":"https:\/\/www.europesays.com\/no\/wp-json\/wp\/v2\/comments?post=123306"}],"version-history":[{"count":0,"href":"https:\/\/www.europesays.com\/no\/wp-json\/wp\/v2\/posts\/123306\/revisions"}],"wp:featuredmedia":[{"embeddable":true,"href":"https:\/\/www.europesays.com\/no\/wp-json\/wp\/v2\/media\/123307"}],"wp:attachment":[{"href":"https:\/\/www.europesays.com\/no\/wp-json\/wp\/v2\/media?parent=123306"}],"wp:term":[{"taxonomy":"category","embeddable":true,"href":"https:\/\/www.europesays.com\/no\/wp-json\/wp\/v2\/categories?post=123306"},{"taxonomy":"post_tag","embeddable":true,"href":"https:\/\/www.europesays.com\/no\/wp-json\/wp\/v2\/tags?post=123306"}],"curies":[{"name":"wp","href":"https:\/\/api.w.org\/{rel}","templated":true}]}}