{"id":123318,"date":"2025-12-28T11:02:08","date_gmt":"2025-12-28T11:02:08","guid":{"rendered":"https:\/\/www.europesays.com\/no\/123318\/"},"modified":"2025-12-28T11:02:08","modified_gmt":"2025-12-28T11:02:08","slug":"flere-biler-i-ulykke-ved-norefjell-politijakt-pagar","status":"publish","type":"post","link":"https:\/\/www.europesays.com\/no\/123318\/","title":{"rendered":"Flere biler i ulykke ved Norefjell \u2013 politijakt p\u00e5g\u00e5r"},"content":{"rendered":"\n<p class=\"_lead_o9xde_2 _lead_xtcu6_50 layout-component text-serif-m layout-normal text-serif-l layout-component layout-wide layout-padded _wide_17hqh_1 layout-padded\">Flere biler var s\u00f8ndag involvert i en ulykke p\u00e5 Norefjellveien i Buskerud. To personer skal ha l\u00f8pt fra stedet og politiet bruker helikopter i letingen. <\/p>\n<ul aria-hidden=\"true\" class=\"_images_ntbth_112\">\n<li><a class=\"_link_ntbth_117\" href=\"https:\/\/www.vg.no\/forfatter\/ntb\" style=\"z-index:1\" title=\"NTB\" rel=\"nofollow noopener\" target=\"_blank\"><img alt=\"Bilde av NTB\" class=\"_image_ntbth_93\" fetchpriority=\"low\" loading=\"lazy\" decoding=\"async\" itemprop=\"image\"  src=\"https:\/\/www.europesays.com\/no\/wp-content\/uploads\/2025\/12\/1766919728_27_c33980b0-5d07-4027-84a1-813f90a7c8d6\"  width=\"480\"\/><\/a><\/li>\n<\/ul>\n<p> Oppdatert s\u00f8ndag 28. desember kl. 11:40     <\/p>\n<p class=\"_paragraph_o9xde_4 _paragraph_xtcu6_10 layout-component text-serif-m layout-normal text-serif-m layout-padded\"> Like etter klokka 9.30 s\u00f8ndag fikk politiet melding om trafikkulykken p\u00e5 Norefjellveien i Kr\u00f8dsherad kommune, skriver <a href=\"https:\/\/www.dt.no\/hold-deg-oppdatert-i-vart-nyhetsstudio\/s\/5-57-2151443\" class=\"_link_o9xde_39\" rel=\"nofollow noopener\" target=\"_blank\">Drammens Tidende<\/a>.<\/p>\n<p class=\"_paragraph_o9xde_4 _paragraph_xtcu6_10 layout-component text-serif-m layout-normal text-serif-m layout-padded\">Flere biler var involvert, men ingen skal v\u00e6re fysisk skadet.<\/p>\n<p class=\"_paragraph_o9xde_4 _paragraph_xtcu6_10 layout-component text-serif-m layout-normal text-serif-m layout-padded\"> \u2013 Vitner observerte to personer l\u00f8pe fra et av de involverte kj\u00f8ret\u00f8yene og ut i terrenget, skriver operasjonsleder Marius Fosvold i <a href=\"https:\/\/www.politiet.no\/politiloggen\/hendelse\/25q2v4\/sor-ost-politidistrikt-andre-hendelser-krodsherad-norefjellveien\" class=\"_link_o9xde_39\" rel=\"nofollow noopener\" target=\"_blank\">politiloggen<\/a>.<\/p>\n<p class=\"_paragraph_o9xde_4 _paragraph_xtcu6_10 layout-component text-serif-m layout-normal text-serif-m layout-padded\">Politiet er p\u00e5 stedet med flere patruljer, hundepatrulje og to politihelikoptre. Ved 11-tiden p\u00e5g\u00e5r letingen fortsatt. <\/p>\n","protected":false},"excerpt":{"rendered":"Flere biler var s\u00f8ndag involvert i en ulykke p\u00e5 Norefjellveien i Buskerud. To personer skal ha l\u00f8pt fra&hellip;\n","protected":false},"author":2,"featured_media":123319,"comment_status":"","ping_status":"","sticky":false,"template":"","format":"standard","meta":{"footnotes":""},"categories":[10],"tags":[20,21,24,25,15,22,23,13,30,28,29,14,16,26,27],"class_list":{"0":"post-123318","1":"post","2":"type-post","3":"status-publish","4":"format-standard","5":"has-post-thumbnail","7":"category-norge","8":"tag-breaking-news","9":"tag-breakingnews","10":"tag-featured-news","11":"tag-featurednews","12":"tag-headlines","13":"tag-latest-news","14":"tag-latestnews","15":"tag-news","16":"tag-no","17":"tag-norge","18":"tag-norway","19":"tag-nyheter","20":"tag-overskrifter","21":"tag-top-stories","22":"tag-topstories"},"share_on_mastodon":{"url":"","error":""},"_links":{"self":[{"href":"https:\/\/www.europesays.com\/no\/wp-json\/wp\/v2\/posts\/123318","targetHints":{"allow":["GET"]}}],"collection":[{"href":"https:\/\/www.europesays.com\/no\/wp-json\/wp\/v2\/posts"}],"about":[{"href":"https:\/\/www.europesays.com\/no\/wp-json\/wp\/v2\/types\/post"}],"author":[{"embeddable":true,"href":"https:\/\/www.europesays.com\/no\/wp-json\/wp\/v2\/users\/2"}],"replies":[{"embeddable":true,"href":"https:\/\/www.europesays.com\/no\/wp-json\/wp\/v2\/comments?post=123318"}],"version-history":[{"count":0,"href":"https:\/\/www.europesays.com\/no\/wp-json\/wp\/v2\/posts\/123318\/revisions"}],"wp:featuredmedia":[{"embeddable":true,"href":"https:\/\/www.europesays.com\/no\/wp-json\/wp\/v2\/media\/123319"}],"wp:attachment":[{"href":"https:\/\/www.europesays.com\/no\/wp-json\/wp\/v2\/media?parent=123318"}],"wp:term":[{"taxonomy":"category","embeddable":true,"href":"https:\/\/www.europesays.com\/no\/wp-json\/wp\/v2\/categories?post=123318"},{"taxonomy":"post_tag","embeddable":true,"href":"https:\/\/www.europesays.com\/no\/wp-json\/wp\/v2\/tags?post=123318"}],"curies":[{"name":"wp","href":"https:\/\/api.w.org\/{rel}","templated":true}]}}