{"id":123320,"date":"2025-12-28T11:03:08","date_gmt":"2025-12-28T11:03:08","guid":{"rendered":"https:\/\/www.europesays.com\/no\/123320\/"},"modified":"2025-12-28T11:03:08","modified_gmt":"2025-12-28T11:03:08","slug":"undersoker-dodsfall-i-solor-nrk","status":"publish","type":"post","link":"https:\/\/www.europesays.com\/no\/123320\/","title":{"rendered":"Unders\u00f8ker d\u00f8dsfall i Sol\u00f8r &#8211; NRK"},"content":{"rendered":"<ol>\n<li><a href=\"https:\/\/news.google.com\/rss\/articles\/CBMidkFVX3lxTE1Cdk5KR3FfQjVNVkVEOGlIRkdGdjJvNERjQzBfeWRnTENaclg4bF9RcTZELWgxTFk4Zm9zbnJ3RTlBN2VTV29UR05jbFFtWWplZUs1VVhJTXRQbWJlRmhubzhKaUM5UklxampKWTJwMVRleGVhRXc?oc=5\" target=\"_blank\" rel=\"nofollow noopener\">Unders\u00f8ker d\u00f8dsfall i Sol\u00f8r<\/a>&nbsp;&nbsp;NRK<\/li>\n<li><a href=\"https:\/\/news.google.com\/rss\/articles\/CBMigAFBVV95cUxOSWJFR3lpMVpGd0dvNFdZR3ppaVMzdnNTeDFYa2c5MERFb0pnNXBoZi1TdnR3S3FPUDlPa2xzSThOVnlRSHpudGVleXdmeDNwYkI4cGdXU1BtTmlWSHdqYlhpeWFnZVJVeWRlX1hTS0VRTER0aFJ2d2txUXBsU0RnNw?oc=5\" target=\"_blank\" rel=\"nofollow noopener\">Mistenkelig d\u00f8dsfall i Grue: Kvinne funnet d\u00f8d &#8211; siktede er p\u00e5 frifot<\/a>&nbsp;&nbsp;TV2.no<\/li>\n<li><a href=\"https:\/\/news.google.com\/rss\/articles\/CBMiigFBVV95cUxPZUpxdTlCNXNPZE5GR3REeE5rSS1SNF90ZVUtNFh1UGhlbWZka18xZ1A2aDhMX1FWcUllcjNFbVF1M0ZiUGk2YTRJZmNhckJmQmg4T09jcmp1azVYZWJBM3hnVmxwTEExdlJTVTNfaHNRV1RBRFNkMlNzajZmc3lVVFBNQWRGSU8yQkE?oc=5\" target=\"_blank\" rel=\"nofollow noopener\">D\u00f8dsfall, Politiet | Kvinne funnet d\u00f8d \u2013 \u00e9n person er siktet og etters\u00f8kt<\/a>&nbsp;&nbsp;Hamar Arbeiderblad<\/li>\n<li><a href=\"https:\/\/news.google.com\/rss\/articles\/CBMie0FVX3lxTFBBclBYaWZPZGs5U2hvdzgzUjBjYkZ1U0FpaXRSNFNvby1QQkYzV3VZcFIzNlVVZVppY3pRMU5lamlfS1JiSnRVNXZsZWdkbE8zQThiWVVYaGxvOGE4M3dQenhXeG9QV2xUVUVfTjJtWU9VWmtwNW5EVUVXZw?oc=5\" target=\"_blank\" rel=\"nofollow noopener\">Politiet innlandet, Sol\u00f8r | Person siktet etter d\u00f8dsfall i Grue<\/a>&nbsp;&nbsp;\u00d8stlendingen<\/li>\n<li><a href=\"https:\/\/news.google.com\/rss\/articles\/CBMimwFBVV95cUxObGkxN2g2bDl4Q3d6bWhaRUJZZFJtSDllVmRwSzdHX1NOYjdfdHdXRkZXNnVmZzVrSU5UckxBMkFxaVlCcDhtaEx2cUxCVFVKdjVBSjBNMDNkMWdzdDB3NmprU1FnM2pwQUV3MkhvMVFkU1A2Q25oYnVEY0l1bWdNdE9iTHJvNUtRSXNWSEtNSWdVVHNKVkp5ejNtcw?oc=5\" target=\"_blank\" rel=\"nofollow noopener\">Ulykker og hendelser, Etterforskning | Kvinne i 40-\u00e5ra funnet d\u00f8d \u2013 politiet jakter mistenkt<\/a>&nbsp;&nbsp;Ringsaker Blad<\/li>\n<\/ol>\n","protected":false},"excerpt":{"rendered":"Unders\u00f8ker d\u00f8dsfall i Sol\u00f8r&nbsp;&nbsp;NRK Mistenkelig d\u00f8dsfall i Grue: Kvinne funnet d\u00f8d &#8211; siktede er p\u00e5 frifot&nbsp;&nbsp;TV2.no D\u00f8dsfall, Politiet&hellip;\n","protected":false},"author":2,"featured_media":123321,"comment_status":"","ping_status":"","sticky":false,"template":"","format":"standard","meta":{"footnotes":""},"categories":[5],"tags":[20,21,24,25,15,19,22,23,17,18,13,30,28,29,14,16,26,27],"class_list":{"0":"post-123320","1":"post","2":"type-post","3":"status-publish","4":"format-standard","5":"has-post-thumbnail","7":"category-overskrifter","8":"tag-breaking-news","9":"tag-breakingnews","10":"tag-featured-news","11":"tag-featurednews","12":"tag-headlines","13":"tag-hovedoppslag","14":"tag-latest-news","15":"tag-latestnews","16":"tag-main-news","17":"tag-mainnews","18":"tag-news","19":"tag-no","20":"tag-norge","21":"tag-norway","22":"tag-nyheter","23":"tag-overskrifter","24":"tag-top-stories","25":"tag-topstories"},"share_on_mastodon":{"url":"https:\/\/pubeurope.com\/@no\/115796862840566073","error":""},"_links":{"self":[{"href":"https:\/\/www.europesays.com\/no\/wp-json\/wp\/v2\/posts\/123320","targetHints":{"allow":["GET"]}}],"collection":[{"href":"https:\/\/www.europesays.com\/no\/wp-json\/wp\/v2\/posts"}],"about":[{"href":"https:\/\/www.europesays.com\/no\/wp-json\/wp\/v2\/types\/post"}],"author":[{"embeddable":true,"href":"https:\/\/www.europesays.com\/no\/wp-json\/wp\/v2\/users\/2"}],"replies":[{"embeddable":true,"href":"https:\/\/www.europesays.com\/no\/wp-json\/wp\/v2\/comments?post=123320"}],"version-history":[{"count":0,"href":"https:\/\/www.europesays.com\/no\/wp-json\/wp\/v2\/posts\/123320\/revisions"}],"wp:featuredmedia":[{"embeddable":true,"href":"https:\/\/www.europesays.com\/no\/wp-json\/wp\/v2\/media\/123321"}],"wp:attachment":[{"href":"https:\/\/www.europesays.com\/no\/wp-json\/wp\/v2\/media?parent=123320"}],"wp:term":[{"taxonomy":"category","embeddable":true,"href":"https:\/\/www.europesays.com\/no\/wp-json\/wp\/v2\/categories?post=123320"},{"taxonomy":"post_tag","embeddable":true,"href":"https:\/\/www.europesays.com\/no\/wp-json\/wp\/v2\/tags?post=123320"}],"curies":[{"name":"wp","href":"https:\/\/api.w.org\/{rel}","templated":true}]}}