{"id":123324,"date":"2025-12-28T11:10:08","date_gmt":"2025-12-28T11:10:08","guid":{"rendered":"https:\/\/www.europesays.com\/no\/123324\/"},"modified":"2025-12-28T11:10:08","modified_gmt":"2025-12-28T11:10:08","slug":"kaos-pa-tromso-lufthavn-etter-uvaeret-i-romjulen-2025-nrk-troms-og-finnmark","status":"publish","type":"post","link":"https:\/\/www.europesays.com\/no\/123324\/","title":{"rendered":"Kaos p\u00e5 Troms\u00f8 lufthavn etter uv\u00e6ret i romjulen 2025 \u2013 NRK Troms og Finnmark"},"content":{"rendered":"<p>Det er s\u00f8ndag formiddag flere forsinkelser ut av Troms\u00f8 lufthavn.<\/p>\n<p>\u2013 Det er ekstremt hektisk, og det kommer det til \u00e5 v\u00e6re til trolig klokken 19 i kveld, sier lufthavnsjef Ivar helsing Schr\u00f8en til NRK.<\/p>\n<p>Schr\u00f8en anbefaler folk som skal ut og reise s\u00f8ndag, \u00e5 beregne god tid.<\/p>\n<p>En tipser forteller til NRK om det tipseren selv beskriver som \u00abtotalkaos\u00bb p\u00e5 Troms\u00f8 lufthavn. K\u00f8ene er lange og bagasjeb\u00e5ndene har stoppet opp.<\/p>\n<p>Uv\u00e6ret som denne helgen har herjet i Nord-Norge n\u00e5dde l\u00f8rdag formiddag Troms\u00f8. Dette f\u00f8rte til at flere Wider\u00f8e-avganger ble innstilt.<\/p>\n<p>I tillegg ble SAS&#8217; formiddagsavgang til K\u00f8benhavn kansellert.<\/p>\n<p><img decoding=\"async\"   src=\"data:image\/gif;base64,R0lGODlhAQABAIAAAAAAAP\/\/\/yH5BAEAAAAALAAAAAABAAEAAAIBRAA7\" loading=\"eager\" alt=\"Lufthavnsjef, Troms\u00f8 Lufthavn, , Ivar Helsing Schr\u00f8en\" title=\"Foto: Hans L. Andreassen\/NRK\"\/><\/p>\n<p class=\"\">Lufthavnsjef Ivar Helsing Schr\u00f8en anbefaler folk \u00e5 v\u00e6re ute i god tid. <\/p>\n<p>Foto: Hans L. Andreassen\/NRK<\/p>\n<p>Etterd\u00f8nninger<\/p>\n<p>Schr\u00f8en sier at det n\u00e5 blant annet er \u00abetterd\u00f8nningene\u00bb etter l\u00f8rdagen som s\u00f8ndag skyller inn over flyplassterminalen i Troms\u00f8.<\/p>\n<p>\u2013 I utgangspunktet var det veldig mange reisende i dag. I s\u00e5 f\u00e5r vi g\u00e5rsdagen p\u00e5 toppen, der mange som ikke fikk reist har blitt skj\u00f8vet over til nye fly i dag, sier Schr\u00f8en.<\/p>\n<p>En annen utfordring s\u00f8ndag er at det fortsatt er byger som kommer og g\u00e5r, slik at rullebanen m\u00e5 br\u00f8ytes. Dette medvirker til forsinkelser.<\/p>\n<p>N\u00e5r det gjelder bagasjeb\u00e5nd som har stoppet opp, sier Schr\u00f8en at det ikke er meldt om tenkniske utfordringer p\u00e5 lufthavnen.<\/p>\n<p>\u2013 Dette skyldes nok at det er sv\u00e6rt mye bagasje som m\u00e5 tas unna. Da kan bagasjeb\u00e5ndene blir st\u00e5ende i p\u00e5vente av at bagasje ryddes av, sier han.<\/p>\n<p><img decoding=\"async\"   src=\"data:image\/gif;base64,R0lGODlhAQABAIAAAAAAAP\/\/\/yH5BAEAAAAALAAAAAABAAEAAAIBRAA7\" loading=\"eager\" alt=\"Flypassasjerer g\u00e5r om bord i et Wider\u00f8efly p\u00e5 HarstadNarvik lufthavn Evenes.\" title=\"Foto: Lars-Bj\u00f8rn Martinsen \/ NRK\"\/><\/p>\n<p class=\"\">Det er s\u00f8ndag i 11-tiden ikke meldt om forsinkelser ut fra Harstad\/Narvik lufthavn. <\/p>\n<p>Foto: Lars-Bj\u00f8rn Martinsen \/ NRK<\/p>\n<p>Innstilt og forsinket<\/p>\n<p>S\u00f8ndag formiddag i 11-tida er Wider\u00f8es avgang fra Troms\u00f8 til Leknes i Lofoten klokken 14.10 innstilt.<\/p>\n<p>EasyJet fra Troms\u00f8 til Paris klokken 12.45 er forsinket<\/p>\n<p>Det samme Norwegians avgang til Oslo klokken 14.45.<\/p>\n<p>I Troms traff uv\u00e6ret l\u00f8rdag aller hardest s\u00f8rfylket, med vindkast p\u00e5 opp til over 30 kilometer i sekundet. S\u00f8ndag formiddag ser trafikken ut til \u00e5 forel\u00f8pig g\u00e5 som normalt ut fra Harstad\/Narvik lufthavn Evenes.<\/p>\n<p>Publisert<\/p>\n<p>28.12.2025, kl. 11.13<\/p>\n<p>Oppdatert<\/p>\n<p>28.12.2025, kl. 11.25<\/p>\n","protected":false},"excerpt":{"rendered":"Det er s\u00f8ndag formiddag flere forsinkelser ut av Troms\u00f8 lufthavn. \u2013 Det er ekstremt hektisk, og det kommer&hellip;\n","protected":false},"author":2,"featured_media":123325,"comment_status":"","ping_status":"","sticky":false,"template":"","format":"standard","meta":{"footnotes":""},"categories":[10],"tags":[20,21,24,25,15,22,23,13,30,28,29,14,16,26,27],"class_list":{"0":"post-123324","1":"post","2":"type-post","3":"status-publish","4":"format-standard","5":"has-post-thumbnail","7":"category-norge","8":"tag-breaking-news","9":"tag-breakingnews","10":"tag-featured-news","11":"tag-featurednews","12":"tag-headlines","13":"tag-latest-news","14":"tag-latestnews","15":"tag-news","16":"tag-no","17":"tag-norge","18":"tag-norway","19":"tag-nyheter","20":"tag-overskrifter","21":"tag-top-stories","22":"tag-topstories"},"share_on_mastodon":{"url":"https:\/\/pubeurope.com\/@no\/115796890477856408","error":""},"_links":{"self":[{"href":"https:\/\/www.europesays.com\/no\/wp-json\/wp\/v2\/posts\/123324","targetHints":{"allow":["GET"]}}],"collection":[{"href":"https:\/\/www.europesays.com\/no\/wp-json\/wp\/v2\/posts"}],"about":[{"href":"https:\/\/www.europesays.com\/no\/wp-json\/wp\/v2\/types\/post"}],"author":[{"embeddable":true,"href":"https:\/\/www.europesays.com\/no\/wp-json\/wp\/v2\/users\/2"}],"replies":[{"embeddable":true,"href":"https:\/\/www.europesays.com\/no\/wp-json\/wp\/v2\/comments?post=123324"}],"version-history":[{"count":0,"href":"https:\/\/www.europesays.com\/no\/wp-json\/wp\/v2\/posts\/123324\/revisions"}],"wp:featuredmedia":[{"embeddable":true,"href":"https:\/\/www.europesays.com\/no\/wp-json\/wp\/v2\/media\/123325"}],"wp:attachment":[{"href":"https:\/\/www.europesays.com\/no\/wp-json\/wp\/v2\/media?parent=123324"}],"wp:term":[{"taxonomy":"category","embeddable":true,"href":"https:\/\/www.europesays.com\/no\/wp-json\/wp\/v2\/categories?post=123324"},{"taxonomy":"post_tag","embeddable":true,"href":"https:\/\/www.europesays.com\/no\/wp-json\/wp\/v2\/tags?post=123324"}],"curies":[{"name":"wp","href":"https:\/\/api.w.org\/{rel}","templated":true}]}}