{"id":123326,"date":"2025-12-28T11:11:14","date_gmt":"2025-12-28T11:11:14","guid":{"rendered":"https:\/\/www.europesays.com\/no\/123326\/"},"modified":"2025-12-28T11:11:14","modified_gmt":"2025-12-28T11:11:14","slug":"far-det-toft-de-vil-merke-det","status":"publish","type":"post","link":"https:\/\/www.europesays.com\/no\/123326\/","title":{"rendered":"F\u00e5r det t\u00f8ft: &#8211; De vil merke det"},"content":{"rendered":"<p class=\"kicker bg-blue color_mobile_bg-blue hasTextPadding mobile-hasTextPadding\" style=\"\">\u00d8konomi<\/p>\n<p>  Forbruker\u00f8konom Magne Gundersen tror at 2026 kan bli bedre for de fleste, men at \u00e9n arbeidsgruppe har grunn til \u00e5 v\u00e6re urolige.<\/p>\n<p>\n    LOMMEBOKA DI: Magne Gundersen mener at de fleste kan \u00e5 se fram til neste \u00e5r, men at spesielt \u00e9n gruppe har grunn til \u00e5 v\u00e6re urolige. Foto: Ole Berg-Rusten \/ NTB\n  <\/p>\n<p>    Kort fortalt<\/p>\n<p lang=\"nb-NO\">Norges bank har besluttet \u00e5 holde styringsrenta uendret etter \u00e5rets siste rentem\u00f8te 18. desember.<\/p>\n<p lang=\"nb-NO\">En unders\u00f8kelse viser at 29 prosent av nordmenn er pessimistiske om \u00f8konomien neste \u00e5r, spesielt de mellom 30-39 \u00e5r.<\/p>\n<p lang=\"nb-NO\">Forbruker\u00f8konom Magne Gundersen mener at lavere renteutgifter og barnehagepriser kan gi bedre \u00f8konomi for mange.<\/p>\n<p lang=\"nb-NO\">Usikkerhet rundt jobbsikkerhet og stigende matpriser kan fortsatt p\u00e5virke \u00f8konomien negativt.<\/p>\n<p class=\"italic ai-disclaimer\" data-lab-italic=\"italic\">Sammendraget er laget av ChatGPT og godkjent av DinSide.<\/p>\n<p>      Vis mer<br \/>\n      Vis mindre<\/p>\n<p>        Tips oss<\/p>\n<p class=\"subtitle\">Har du innspill til saker om dagligvarepriser, sparing eller skatt? Send oss et tips! \ud83d\udcb0<\/p>\n<p style=\"pointer-events: none;\">&#8211; Vi har ikke hastverk med \u00e5 sette ned renta, uttalte sentralbanksjef Ida Wolden Bache etter \u00e5rets siste <a href=\"https:\/\/www.norges-bank.no\/aktuelt\/nyheter\/Pressemeldinger\/2025\/2025-12-18-rente\/\" class=\"\" rel=\"nofollow noopener\" target=\"_blank\">rentem\u00f8te torsdag 18. desember<\/a>, der Norges Bank valgte \u00e5 holde styringsrenta uendret.<\/p>\n<p style=\"pointer-events: none;\">Hun er tydelig p\u00e5 at de ikke ser for seg en stor nedgang i renta framover, og Norges Banks rentebane styrer mot at styringsrenta settes ned \u00e9n til to ganger i 2026.<\/p>\n<p style=\"pointer-events: none;\">I \u00e5r har renta blitt satt ned to ganger til 4,5 til 4 prosent, som har gitt nordmenn lavere renteutgifter, uten at det gir nordmenn stor tro p\u00e5 den \u00f8konomiske utviklingen neste \u00e5r.<\/p>\n<p>        STATSBUDSJETTET: I dag ble statsbudsjettet for 2026 lagt fram p\u00e5 Stortinget. Dette betyr det for deg. Video: Embla Hjort-Larsen \/ Storyblocks \/ NTB<\/p>\n<p> \u00abPessimistene\u00bb \t<\/p>\n<p>En sp\u00f8rreunders\u00f8kelse Norstat har gjennomf\u00f8rt p\u00e5 oppdrag fra DinSide og Dagbladet viser at nesten tre av ti nordmenn (29 prosent) tror at \u00f8konomien deres blir d\u00e5rligere neste \u00e5r.<\/p>\n<p>27 prosent sier de tror at \u00f8konomien deres blir bedre neste \u00e5r, mens 40 prosent tror p\u00e5 uendret \u00f8konomi.<\/p>\n<p>Det er spesielt folk i aldersgruppen 30-39 \u00e5r (37 prosent) som er mest negative til den \u00f8konomiske utviklingen.<\/p>\n<p>Forbruker\u00f8konom i SpareBank 1 Magne Gundersen blir ikke overrasket n\u00e5r DinSide viser ham tallene fra unders\u00f8kelsen.<\/p>\n<p>        <img loading=\"lazy\" decoding=\"async\" itemprop=\"image\" src=\"https:\/\/www.europesays.com\/no\/wp-content\/uploads\/2025\/12\/83417443.webp\" width=\"180\" height=\"180\" alt=\"&lt;br&gt;Magne Gundersen\"\/><\/p>\n<p>Magne Gundersen<br \/>\n            <br \/>Magne<br \/>\n            Gundersen        <\/p>\n<p>Forbruker\u00f8konom i SpareBank 1<\/p>\n<p>&#8211; Det er en stor andel, men de kan ha grunn til \u00e5 v\u00e6re negative for det er en krevende alder. Disse ligger i alderen hvor man ofte stifter familie, tar opp stort l\u00e5n og kj\u00f8per st\u00f8rre bolig, trenger ny bil med mer plass og f\u00e5r mange utgifter, forteller han.<\/p>\n<p>Gundersen tror derimot ikke at pessimistene f\u00e5r rett.<\/p>\n<p>&#8211; To hakk ned p\u00e5 renta vil gi folk mindre renteutgifter, samtidig forblir barnehageprisene lave ogs\u00e5 neste \u00e5r, s\u00e5 de aller fleste kan nok forvente reall\u00f8nnsvekst neste \u00e5r.<\/p>\n<p>1. august i \u00e5r ble som kjent maksprisen for barnehageplass nedjustert fra 2000 til 1200 kroner, og regjeringen har i statsbudsjettet for neste \u00e5r valgt \u00e5 beholde den lave prisen.<\/p>\n<p>De mest positive\t<\/p>\n<p>Mens folk i alderen 30 til 39 \u00e5r er de mest negative, er det de yngste som er mest positive. 44 prosent av de spurte under 30 \u00e5r sier de er positive til \u00f8konomien i 2026.<\/p>\n<p>&#8211; Det er helt naturlig, for de unge ser gjerne lysere p\u00e5 framtida. De studerer kanskje eller er tidlig i arbeidslivet og plutselig f\u00e5r de inntekt. Dette er ogs\u00e5 aldersgruppen der man bytter jobb oftere, rykker opp og f\u00e5r bedre l\u00f8nn.<\/p>\n<p>    <a itemprop=\"url\" href=\"https:\/\/dinside.dagbladet.no\/okonomi\/raser-mot-lotteri-ingen-logikk\/83991779\" rel=\"nofollow noopener\" target=\"_blank\"><\/p>\n<p>        <img loading=\"lazy\" decoding=\"async\" src=\"https:\/\/www.europesays.com\/no\/wp-content\/uploads\/2025\/12\/83325738.webp\" width=\"980\" height=\"441\" title=\"Raser: - Ingen forst\u00e5r det\" alt=\"\" class=\"lazyload\" style=\"--aspect-ratio-image: 2.22; \"\/><\/p>\n<p>        Raser: &#8211; Ingen forst\u00e5r det<\/p>\n<p>    <\/a><\/p>\n<p>Samtidig er det de eldste som har minst tro p\u00e5 at det blir s\u00e6rlige endringer i \u00f8konomien. 56 prosent mellom 60 og 69 \u00e5r og 61 prosent over 70 \u00e5r venter.<\/p>\n<p>&#8211; Pensjonen skjer det ikke mye med og mye blir som de er vant til, kommenterer Gundersen.<\/p>\n<p>Usikkerhet\t<\/p>\n<p>Forbruker\u00f8konomen har trua p\u00e5 at folk stort sett vil f\u00e5 det bedre neste \u00e5r.<\/p>\n<p>&#8211; Norges Bank vil fortsette \u00e5 jobbe med \u00e5 f\u00e5 ned prisveksten, men det er vanskelig. Norgespris bidrar til lavere str\u00f8mutgifter og mer forutsigbarhet med at det er slutt p\u00e5 jo-jo-priser. Hadde vi ikke hatt Norgespris, kunne regninga v\u00e6rt 4-5000 kroner dyrere i \u00e5ret.<\/p>\n<p>Han peker p\u00e5 jobbsikkerhet som usikkerhetsmomentet neste \u00e5r.<\/p>\n<p>&#8211; Med flere bransjer som sliter, er det mange som kan f\u00e5 det t\u00f8ft. Plutselig blir man permittert, og disse vil f\u00e5 merkbart d\u00e5rlig \u00f8konomi. For dem kan det bli et tr\u00f8blete 2026.<\/p>\n<p>Et annet aspekt er matprisene.<\/p>\n<p>Stiger mer enn de generelle prisene\t<\/p>\n<p><a href=\"https:\/\/www.ssb.no\/priser-og-prisindekser\/konsumpriser\/statistikk\/konsumprisindeksen\/artikler\/stromprisene-dempet-kpi-i-oktober\" class=\"\" rel=\"nofollow noopener\" target=\"_blank\">SSB-tallene for oktober<\/a> viser at prisene p\u00e5 matvarer og alkoholfrie drikkevarer har \u00f8kt med 6,2 prosent det siste \u00e5ret, og er den varegruppen som trekker konsumprisindeksen mest opp.<\/p>\n<p>Kaffe, sukker, fersk torsk og sjokolade trekkes fram som varene som har steget mest i pris det siste \u00e5ret.<\/p>\n<p>&#8211; Matprisene har steget mer enn de generelle prisene og det merker folk i butikken, men som nevnt er det flere ting som peker i riktig retning for nordmenns lommebok.<\/p>\n<p> 1000 personer deltok i unders\u00f8kelsen, fordelt p\u00e5 502 menn og 498 kvinner. <\/p>\n","protected":false},"excerpt":{"rendered":"\u00d8konomi Forbruker\u00f8konom Magne Gundersen tror at 2026 kan bli bedre for de fleste, men at \u00e9n arbeidsgruppe har&hellip;\n","protected":false},"author":2,"featured_media":123327,"comment_status":"","ping_status":"","sticky":false,"template":"","format":"standard","meta":{"footnotes":""},"categories":[5],"tags":[20,21,24,25,15,19,22,23,17,18,13,30,28,29,14,16,572,26,27],"class_list":{"0":"post-123326","1":"post","2":"type-post","3":"status-publish","4":"format-standard","5":"has-post-thumbnail","7":"category-overskrifter","8":"tag-breaking-news","9":"tag-breakingnews","10":"tag-featured-news","11":"tag-featurednews","12":"tag-headlines","13":"tag-hovedoppslag","14":"tag-latest-news","15":"tag-latestnews","16":"tag-main-news","17":"tag-mainnews","18":"tag-news","19":"tag-no","20":"tag-norge","21":"tag-norway","22":"tag-nyheter","23":"tag-overskrifter","24":"tag-okonomi","25":"tag-top-stories","26":"tag-topstories"},"share_on_mastodon":{"url":"https:\/\/pubeurope.com\/@no\/115796894628152201","error":""},"_links":{"self":[{"href":"https:\/\/www.europesays.com\/no\/wp-json\/wp\/v2\/posts\/123326","targetHints":{"allow":["GET"]}}],"collection":[{"href":"https:\/\/www.europesays.com\/no\/wp-json\/wp\/v2\/posts"}],"about":[{"href":"https:\/\/www.europesays.com\/no\/wp-json\/wp\/v2\/types\/post"}],"author":[{"embeddable":true,"href":"https:\/\/www.europesays.com\/no\/wp-json\/wp\/v2\/users\/2"}],"replies":[{"embeddable":true,"href":"https:\/\/www.europesays.com\/no\/wp-json\/wp\/v2\/comments?post=123326"}],"version-history":[{"count":0,"href":"https:\/\/www.europesays.com\/no\/wp-json\/wp\/v2\/posts\/123326\/revisions"}],"wp:featuredmedia":[{"embeddable":true,"href":"https:\/\/www.europesays.com\/no\/wp-json\/wp\/v2\/media\/123327"}],"wp:attachment":[{"href":"https:\/\/www.europesays.com\/no\/wp-json\/wp\/v2\/media?parent=123326"}],"wp:term":[{"taxonomy":"category","embeddable":true,"href":"https:\/\/www.europesays.com\/no\/wp-json\/wp\/v2\/categories?post=123326"},{"taxonomy":"post_tag","embeddable":true,"href":"https:\/\/www.europesays.com\/no\/wp-json\/wp\/v2\/tags?post=123326"}],"curies":[{"name":"wp","href":"https:\/\/api.w.org\/{rel}","templated":true}]}}