{"id":123330,"date":"2025-12-28T11:16:21","date_gmt":"2025-12-28T11:16:21","guid":{"rendered":"https:\/\/www.europesays.com\/no\/123330\/"},"modified":"2025-12-28T11:16:21","modified_gmt":"2025-12-28T11:16:21","slug":"to-ukrainske-brigadesjefer-sparket-etter-nederlaget-i-seversk","status":"publish","type":"post","link":"https:\/\/www.europesays.com\/no\/123330\/","title":{"rendered":"To ukrainske brigadesjefer sparket etter nederlaget i Seversk"},"content":{"rendered":"<p>            <img loading=\"lazy\" decoding=\"async\" width=\"696\" height=\"390\" class=\"entry-thumb\" src=\"https:\/\/www.europesays.com\/no\/wp-content\/uploads\/2025\/12\/fra-seversk-retninga.jpg\"   alt=\"\" title=\"fra seversk retninga\"\/>If\u00f8lge ukrainske medier ble det arrangert et falsk flaggshow for \u00e5 kamuflere tapet av Seversk. Skjermdump fra video.<\/p>\n<p>Etter det raske tapet av byen Seversk nord i Donetsk oblast, ble sjefen for den 54. separate mekaniserte brigaden, oberst Oleksiy Konoval, fjernet fra sin stilling \u2013 den 54. forsvarte selve byen, og sjefen for den 10. separate fjellangrepsbrigaden, oberst Volodymyr Potyeshkin, ble fjernet fra sin stilling \u2013 den 10. var stasjonert s\u00f8r for Seversk.<\/p>\n<p>Dette skriver avisa <a href=\"https:\/\/www.pravda.com.ua\/news\/2025\/12\/27\/8013612\/\" rel=\"nofollow noopener\" target=\"_blank\">Ukrainska Pravda<\/a> p\u00e5 grunnlag av samtaler med kilder i den ukrainske h\u00e6rledelsen.<\/p>\n<p>Brigadesjefen for 54. Konovala er allerede fjernet fra stillingen sin, brigadesjefen for 10. Poteshkin er under behandling og vil sannsynligvis bli avskjediget n\u00e5r han kommer tilbake til enheten.<\/p>\n<p>Som det ukrainske forsvarsdepartementet vet, ligger \u00e5rsaken til oppsigelsen i falske rapporter fra kommandoen til begge brigadene \u2013 de rapporterte at de hadde kontroll over posisjoner i sitt ansvarsomr\u00e5der, som faktisk ikke hadde v\u00e6rt under ukrainsk kontroll p\u00e5 lang tid. L\u00f8gnen kom frem i lyset under det raske tapet av hele byen, da russerne kunngjorde erobringen av Seversk 12. desember.<\/p>\n<p>Etter det Ukrainska Pravda vet, ble h\u00e6rsjefen rasende da han fikk vite om tapet av Seversk, og krevde nesten alle m\u00e5ter \u00e5 heise det ukrainske flagget p\u00e5 over den delvis tapte byen. Deretter ble et slikt flag levert til droneoperat\u00f8rene i 54. brigade, og de fraktet det med droner til jernbanestasjonsbygningen i Seversk. Alt for \u00e5 lage et \u00abflaggshow\u00bb og glede sjefen for den \u00ab\u00d8st\u00bb milit\u00e6re enheten.<\/p>\n<p>Her er to prorussiske rapporter om situasjonen p\u00e5 \u00f8stfronten:<\/p>\n<p><a href=\"https:\/\/southfront.press\/russian-command-shifts-focus-to-slavyansk\/\" rel=\"nofollow noopener\" target=\"_blank\">Gulyaipole\u2019s Fate Sealed, Russian Command Shifts Focus To Slavyansk Breakthrough<\/a><\/p>\n<p><img data-recalc-dims=\"1\" decoding=\"async\" src=\"https:\/\/www.europesays.com\/no\/wp-content\/uploads\/2025\/12\/27dec2025_Ukraine_map.jpg\" alt=\"\"\/><\/p>\n","protected":false},"excerpt":{"rendered":"If\u00f8lge ukrainske medier ble det arrangert et falsk flaggshow for \u00e5 kamuflere tapet av Seversk. Skjermdump fra video.&hellip;\n","protected":false},"author":2,"featured_media":123331,"comment_status":"","ping_status":"","sticky":false,"template":"","format":"standard","meta":{"footnotes":""},"categories":[12],"tags":[20,21,24,25,15,22,23,13,30,28,29,14,16,26,27,42,43,44,45],"class_list":{"0":"post-123330","1":"post","2":"type-post","3":"status-publish","4":"format-standard","5":"has-post-thumbnail","7":"category-verden","8":"tag-breaking-news","9":"tag-breakingnews","10":"tag-featured-news","11":"tag-featurednews","12":"tag-headlines","13":"tag-latest-news","14":"tag-latestnews","15":"tag-news","16":"tag-no","17":"tag-norge","18":"tag-norway","19":"tag-nyheter","20":"tag-overskrifter","21":"tag-top-stories","22":"tag-topstories","23":"tag-verden","24":"tag-world","25":"tag-world-news","26":"tag-worldnews"},"share_on_mastodon":{"url":"https:\/\/pubeurope.com\/@no\/115796914198066619","error":""},"_links":{"self":[{"href":"https:\/\/www.europesays.com\/no\/wp-json\/wp\/v2\/posts\/123330","targetHints":{"allow":["GET"]}}],"collection":[{"href":"https:\/\/www.europesays.com\/no\/wp-json\/wp\/v2\/posts"}],"about":[{"href":"https:\/\/www.europesays.com\/no\/wp-json\/wp\/v2\/types\/post"}],"author":[{"embeddable":true,"href":"https:\/\/www.europesays.com\/no\/wp-json\/wp\/v2\/users\/2"}],"replies":[{"embeddable":true,"href":"https:\/\/www.europesays.com\/no\/wp-json\/wp\/v2\/comments?post=123330"}],"version-history":[{"count":0,"href":"https:\/\/www.europesays.com\/no\/wp-json\/wp\/v2\/posts\/123330\/revisions"}],"wp:featuredmedia":[{"embeddable":true,"href":"https:\/\/www.europesays.com\/no\/wp-json\/wp\/v2\/media\/123331"}],"wp:attachment":[{"href":"https:\/\/www.europesays.com\/no\/wp-json\/wp\/v2\/media?parent=123330"}],"wp:term":[{"taxonomy":"category","embeddable":true,"href":"https:\/\/www.europesays.com\/no\/wp-json\/wp\/v2\/categories?post=123330"},{"taxonomy":"post_tag","embeddable":true,"href":"https:\/\/www.europesays.com\/no\/wp-json\/wp\/v2\/tags?post=123330"}],"curies":[{"name":"wp","href":"https:\/\/api.w.org\/{rel}","templated":true}]}}