{"id":123332,"date":"2025-12-28T11:17:18","date_gmt":"2025-12-28T11:17:18","guid":{"rendered":"https:\/\/www.europesays.com\/no\/123332\/"},"modified":"2025-12-28T11:17:18","modified_gmt":"2025-12-28T11:17:18","slug":"brann-butikkbrann-brann-i-butikklokale-i-kristiansand-19-personer-evakuert","status":"publish","type":"post","link":"https:\/\/www.europesays.com\/no\/123332\/","title":{"rendered":"Brann, Butikkbrann | Brann i butikklokale i Kristiansand \u2013 19 personer evakuert"},"content":{"rendered":"\n<p>Agder politidistrikt meldte om brannen i Tordenskjolds gate klokka 5.49 natt til s\u00f8ndag.<\/p>\n<p>Ved 8.30-tiden er til sammen 19 personer evakuert, skriver politiets operasjonsleder Ole Robert Strandhagen i <a rel=\"noopener nofollow\" href=\"https:\/\/www.politiet.no\/politiloggen\/hendelse\/25khwk\/agder-politidistrikt-brann-kristiansand-kvadraturen\" target=\"_blank\">politiloggen<\/a>.\u00a8<\/p>\n<p>Brannvesenet har rekvirert st\u00f8rre kj\u00f8ret\u00f8yer som skal rive deler av bygningen som st\u00e5r i brann skriver lokalavisa KRS.<\/p>\n<p>\u2013 Gravemaskin fra Kristiansand kommune er n\u00e5 ankommet brannstedet og kommer til \u00e5 rive deler av bygningsmassen i samarbeid med brannvesenet, skriver operasjonsleder Strandhagen i en oppdatering klokken 9.31.<\/p>\n<p>   <img decoding=\"async\" width=\"1200\" height=\"900\" fetchpriority=\"low\"  loading=\"lazy\"  src=\"https:\/\/www.europesays.com\/no\/wp-content\/uploads\/2025\/12\/Kristiansand.jpg\" alt=\"\" class=\"brick-c-cFOWSL\" style=\"--brick-image-ratio: 1200 \/ 900;\"\/><\/p>\n<p>      SKAL RIVE: Brannvesenet planlegger \u00e5 rive deler av bygningsmassen.<br \/>\n      Foto: Per-\u00d8yvind Nordberg (KRS)\n    <\/p>\n<p>To av de evakuerte er fra bygget det brenner i og 17 fra nabobyggene. Alle beboere i de evakuerte byggene er gjort rede for, skriver <a href=\"https:\/\/www.krs.no\/brann-i-sentrum\/s\/5-157-571003\" rel=\"Follow nofollow noopener\" target=\"_blank\">KRS<\/a>.<\/p>\n<p>\u2013 Det jobbes fortsatt med slukking p\u00e5 stedet. Brannvesenet har rekvirert st\u00f8rre maskiner til \u00e5 bist\u00e5 i slukkingen, melder operasjonslederen.<\/p>\n<p>Evakuerer beboere i Byhaven<\/p>\n<p>Klokken 12.04 har politiet besluttet \u00e5 evakuere beboere i deler av Byhaven, som f\u00f8lge av fare for spredning og mye r\u00f8yk i omr\u00e5det.<\/p>\n<p>\u2013 Disse blir evakuert til Ernst Hotell, som blir et senter for de evakuerte, opplyser operasjonsleder Ole Robert Strandhagen.<\/p>\n<p>Han opplyser samtidig at Sivilforsvaret er varslet, og vil bist\u00e5 brannvesenet med slukningsarbeid, og politiet med evakuering.<\/p>\n<p>   <img decoding=\"async\" width=\"1200\" height=\"800\" fetchpriority=\"low\"  loading=\"lazy\"  src=\"https:\/\/www.europesays.com\/no\/wp-content\/uploads\/2025\/12\/Kristiansand+brann.jpg\" alt=\"\" class=\"brick-c-cFOWSL\" style=\"--brick-image-ratio: 1200 \/ 800;\"\/><\/p>\n<p>      STORE RESSURSER: Store ressurser fra n\u00f8detatene har bidratt p\u00e5 stedet.<br \/>\n      Foto: NTB\n    <\/p>\n<p>Politiet melder om \u00e5pne flammer fra taket p\u00e5 bygget.<\/p>\n<p>\u2013 Brannen har s\u00e5 langt ikke spredt seg, men beboere i nabobygg blir evakuert av politiet.<\/p>\n<p>Det er mye r\u00f8yk i omr\u00e5det, og folk i omr\u00e5det oppfordres til \u00e5 holde vinduene lukket.<\/p>\n","protected":false},"excerpt":{"rendered":"Agder politidistrikt meldte om brannen i Tordenskjolds gate klokka 5.49 natt til s\u00f8ndag. Ved 8.30-tiden er til sammen&hellip;\n","protected":false},"author":2,"featured_media":123333,"comment_status":"","ping_status":"","sticky":false,"template":"","format":"standard","meta":{"footnotes":""},"categories":[10],"tags":[20,21,24,25,15,22,23,13,30,28,29,14,16,26,27],"class_list":{"0":"post-123332","1":"post","2":"type-post","3":"status-publish","4":"format-standard","5":"has-post-thumbnail","7":"category-norge","8":"tag-breaking-news","9":"tag-breakingnews","10":"tag-featured-news","11":"tag-featurednews","12":"tag-headlines","13":"tag-latest-news","14":"tag-latestnews","15":"tag-news","16":"tag-no","17":"tag-norge","18":"tag-norway","19":"tag-nyheter","20":"tag-overskrifter","21":"tag-top-stories","22":"tag-topstories"},"share_on_mastodon":{"url":"https:\/\/pubeurope.com\/@no\/115796917979832760","error":""},"_links":{"self":[{"href":"https:\/\/www.europesays.com\/no\/wp-json\/wp\/v2\/posts\/123332","targetHints":{"allow":["GET"]}}],"collection":[{"href":"https:\/\/www.europesays.com\/no\/wp-json\/wp\/v2\/posts"}],"about":[{"href":"https:\/\/www.europesays.com\/no\/wp-json\/wp\/v2\/types\/post"}],"author":[{"embeddable":true,"href":"https:\/\/www.europesays.com\/no\/wp-json\/wp\/v2\/users\/2"}],"replies":[{"embeddable":true,"href":"https:\/\/www.europesays.com\/no\/wp-json\/wp\/v2\/comments?post=123332"}],"version-history":[{"count":0,"href":"https:\/\/www.europesays.com\/no\/wp-json\/wp\/v2\/posts\/123332\/revisions"}],"wp:featuredmedia":[{"embeddable":true,"href":"https:\/\/www.europesays.com\/no\/wp-json\/wp\/v2\/media\/123333"}],"wp:attachment":[{"href":"https:\/\/www.europesays.com\/no\/wp-json\/wp\/v2\/media?parent=123332"}],"wp:term":[{"taxonomy":"category","embeddable":true,"href":"https:\/\/www.europesays.com\/no\/wp-json\/wp\/v2\/categories?post=123332"},{"taxonomy":"post_tag","embeddable":true,"href":"https:\/\/www.europesays.com\/no\/wp-json\/wp\/v2\/tags?post=123332"}],"curies":[{"name":"wp","href":"https:\/\/api.w.org\/{rel}","templated":true}]}}