{"id":123334,"date":"2025-12-28T11:18:19","date_gmt":"2025-12-28T11:18:19","guid":{"rendered":"https:\/\/www.europesays.com\/no\/123334\/"},"modified":"2025-12-28T11:18:19","modified_gmt":"2025-12-28T11:18:19","slug":"snosjokk-700-fly-kansellert","status":"publish","type":"post","link":"https:\/\/www.europesays.com\/no\/123334\/","title":{"rendered":"Sn\u00f8sjokk: 700 fly kansellert"},"content":{"rendered":"<p>  Dag to med sn\u00f8kaos og kansellerte fly i New York.<\/p>\n<p>\n    NYTER: Barn koser seg i en akebakke i Brooklyn i New York. Foto: Angela Weiss \/ AFP\n  <\/p>\n<p>Nesten 700 flyavganger er kansellert i delstaten New York, melder BBC.<\/p>\n<p>Bakgrunnen er det fortsatt heftige sn\u00f8fallet, som ogs\u00e5 rammet den amerikanske \u00f8stkysten fredag kveld.<\/p>\n<p>I landemerket Central Park skal det ha blitt m\u00e5lt 11 centimeter sn\u00f8 l\u00f8rdag. Det er det meste siden januar 2022, skriver <a href=\"https:\/\/www.bbc.com\/news\/articles\/c0je0l55zq3o\" rel=\"nofollow noopener\" target=\"_blank\">BBC<\/a>.<\/p>\n<p>Totalt skal mer enn 3000 flyavganger v\u00e6re kansellert i USA l\u00f8rdag, skriver BBC og viser til tjenesten FlightAware.<\/p>\n<p>Delstatene New York og New Jersey skal v\u00e6re s\u00e6rlig rammet av sn\u00f8fallet. If\u00f8lge BBC har New York iverksatt programmer for \u00e5 f\u00e5 hjeml\u00f8se personer innend\u00f8rs i m\u00f8te med kulda og sn\u00f8en.<\/p>\n<p>        Tusenvis har mistet str\u00f8mmen i Nordland som f\u00f8lge av uv\u00e6ret. Politiet ber folk holde seg inne. Video: Snapmap\/Tips<\/p>\n<p>40 millioner\t<\/p>\n<p><a href=\"https:\/\/dinside.dagbladet.no\/reise\/fullstendig-kaos-1500-fly-kansellert\/84029699\" rel=\"nofollow noopener\" target=\"_blank\">Dagbladet<\/a> omtalte sn\u00f8kaoset allerede fredag kveld.<\/p>\n<p> Over 40 millioner amerikanere bor i omr\u00e5der der det er utstedt ulike varsler knyttet til vinterv\u00e6ret, meldte da nyhetsbyr\u00e5et AFP. I delstaten Michigan var 40.000 husstander uten str\u00f8m fredag kveld.<\/p>\n<p>Fredag og natt til l\u00f8rdag var 1500 flygninger innstilt, if\u00f8lge NTB.<\/p>\n<p>&#8211; Bomtur\t<\/p>\n<p>Fredag snakket Dagbladet med norske Alexander og Pernille Trent, som bor sammen i New York. De skulle etter planen til Cancun i Mexico, for \u00e5 <a href=\"https:\/\/dinside.dagbladet.no\/reise\/fullstendig-kaos-1500-fly-kansellert\/84029699\" rel=\"nofollow noopener\" target=\"_blank\">nyte solfylte romjulsdager<\/a>.<\/p>\n<p>Allerede torsdag &#8211; 48 timer f\u00f8r planlagt avreise &#8211; ble flyet deres kansellert som f\u00f8lge av at v\u00e6rmeldingen varslet sn\u00f8. Paret fikk refusjon p\u00e5 reisa og fors\u00f8kte \u00e5 bestille nye billetter med et annet selskap, men fredag ble ogs\u00e5 denne flygningen kansellert.\u00a0<\/p>\n<p>        <img loading=\"lazy\" decoding=\"async\" src=\"https:\/\/www.europesays.com\/no\/wp-content\/uploads\/2025\/12\/84031302.webp\" width=\"980\" height=\"559\" title=\"V\u00c6RFAST: Det norske paret Alexander og Pernille Trent kom seg ikke av g\u00e5rde fra New York til en planlagt ferie i Mexico som f\u00f8lge av sn\u00f8v\u00e6ret p\u00e5 USAs \u00f8stkyst. Foto: Privat\" alt=\"\" class=\"\" style=\"--aspect-ratio-image: 1.75; \"\/><\/p>\n<p>\n        V\u00c6RFAST: Det norske paret Alexander og Pernille Trent kom seg ikke av g\u00e5rde fra New York til en planlagt ferie i Mexico som f\u00f8lge av sn\u00f8v\u00e6ret p\u00e5 USAs \u00f8stkyst. Foto: Privat\n    <\/p>\n<p>Da bestemte de seg for \u00e5 reise ut til JFK-flyplassen i h\u00e5p om \u00e5 klare \u00e5 komme seg med p\u00e5 en av de siste flyene til Cancun f\u00f8r sn\u00f8v\u00e6ret traff byen.\u00a0<\/p>\n<p>&#8211; Flyet var fullt, s\u00e5 det ble dessverre en bomtur, fortalte paret &#8211; som h\u00e5pte \u00e5 komme seg av g\u00e5rde s\u00f8ndag eller mandag da Dagbladet snakket med dem.<\/p>\n","protected":false},"excerpt":{"rendered":"Dag to med sn\u00f8kaos og kansellerte fly i New York. NYTER: Barn koser seg i en akebakke i&hellip;\n","protected":false},"author":2,"featured_media":123335,"comment_status":"","ping_status":"","sticky":false,"template":"","format":"standard","meta":{"footnotes":""},"categories":[5],"tags":[20,21,24,25,15,19,22,23,17,18,13,30,28,29,14,16,26,27,412],"class_list":{"0":"post-123334","1":"post","2":"type-post","3":"status-publish","4":"format-standard","5":"has-post-thumbnail","7":"category-overskrifter","8":"tag-breaking-news","9":"tag-breakingnews","10":"tag-featured-news","11":"tag-featurednews","12":"tag-headlines","13":"tag-hovedoppslag","14":"tag-latest-news","15":"tag-latestnews","16":"tag-main-news","17":"tag-mainnews","18":"tag-news","19":"tag-no","20":"tag-norge","21":"tag-norway","22":"tag-nyheter","23":"tag-overskrifter","24":"tag-top-stories","25":"tag-topstories","26":"tag-utenriks"},"share_on_mastodon":{"url":"https:\/\/pubeurope.com\/@no\/115796921801426938","error":""},"_links":{"self":[{"href":"https:\/\/www.europesays.com\/no\/wp-json\/wp\/v2\/posts\/123334","targetHints":{"allow":["GET"]}}],"collection":[{"href":"https:\/\/www.europesays.com\/no\/wp-json\/wp\/v2\/posts"}],"about":[{"href":"https:\/\/www.europesays.com\/no\/wp-json\/wp\/v2\/types\/post"}],"author":[{"embeddable":true,"href":"https:\/\/www.europesays.com\/no\/wp-json\/wp\/v2\/users\/2"}],"replies":[{"embeddable":true,"href":"https:\/\/www.europesays.com\/no\/wp-json\/wp\/v2\/comments?post=123334"}],"version-history":[{"count":0,"href":"https:\/\/www.europesays.com\/no\/wp-json\/wp\/v2\/posts\/123334\/revisions"}],"wp:featuredmedia":[{"embeddable":true,"href":"https:\/\/www.europesays.com\/no\/wp-json\/wp\/v2\/media\/123335"}],"wp:attachment":[{"href":"https:\/\/www.europesays.com\/no\/wp-json\/wp\/v2\/media?parent=123334"}],"wp:term":[{"taxonomy":"category","embeddable":true,"href":"https:\/\/www.europesays.com\/no\/wp-json\/wp\/v2\/categories?post=123334"},{"taxonomy":"post_tag","embeddable":true,"href":"https:\/\/www.europesays.com\/no\/wp-json\/wp\/v2\/tags?post=123334"}],"curies":[{"name":"wp","href":"https:\/\/api.w.org\/{rel}","templated":true}]}}