{"id":123338,"date":"2025-12-28T11:23:15","date_gmt":"2025-12-28T11:23:15","guid":{"rendered":"https:\/\/www.europesays.com\/no\/123338\/"},"modified":"2025-12-28T11:23:15","modified_gmt":"2025-12-28T11:23:15","slug":"kommentar-hoyresiden-pendelen-kan-svinge","status":"publish","type":"post","link":"https:\/\/www.europesays.com\/no\/123338\/","title":{"rendered":"Kommentar: H\u00f8yresiden: Pendelen kan svinge"},"content":{"rendered":"\n<ul class=\"_list_o9xde_3 _list_64s2r_85 _unordered_o9xde_106 text-sans-m\">\n<li class=\"_item_o9xde_30\">MAGA-tilhenger Tucker Carlson i USA intervjuet nazisten Nick Fuentes, som kritiserer raseblanding og p\u00e5st\u00e5r at j\u00f8der styrer verden.<\/li>\n<li class=\"_item_o9xde_30\">H\u00f8yreb\u00f8lgen vokser, b\u00e5de i USA og Europa, og mer radikale forslag som \u00abremigrasjon\u00bb diskuteres.<\/li>\n<li class=\"_item_o9xde_30\">I Norge sammenlignes NRK med tidligere tiders maktlojale som muliggjorde Holocaust.<\/li>\n<li class=\"_item_o9xde_30\">Oppr\u00f8r mot \u00abwoke\u00bb og klimaaktivisme f\u00f8rte til politiske tilbakeslag.<\/li>\n<li class=\"_item_o9xde_30\">Ytre h\u00f8yre-utspill kan gi tilsvarende tilbakeslag. <\/li>\n<\/ul>\n<p>Vis mer <\/p>\n<p class=\"_paragraph_o9xde_4 _paragraph_xtcu6_10 layout-component text-serif-m layout-normal text-serif-m layout-padded\">Offentligheten har bydd p\u00e5 de spr\u00f8este utspill denne h\u00f8sten.<\/p>\n<p class=\"_paragraph_o9xde_4 _paragraph_xtcu6_10 layout-component text-serif-m layout-normal text-serif-m layout-padded\">Mest ko-ko er det naturligvis i USA. Den tidligere Fox-stjernen Tucker Carlson har gjort <a href=\"https:\/\/www.youtube.com\/watch?v=efBB0D4tf1Y\" class=\"_link_o9xde_39\" rel=\"nofollow noopener\" target=\"_blank\">et koseintervju<\/a> med Nick Fuentes, influencer og antisemittt som kritiserer \u00abraseblanding\u00bb. <\/p>\n<p><img alt=\"YTRE H\u00d8YRE: Tucker Carlson intervjuet Nick Fuentes i over to timer.   Foto: The Tucker Carlson Show\/YouTube\" class=\"_image_qp4xg_65 layout-component layout-normal\" data-fullscreen- data-track-element-type=\"Article image fullscreen\" data-track-name=\"ImageFullscreen\" decoding=\"async\" loading=\"lazy\" height=\"860\" itemprop=\"image\"  src=\"https:\/\/www.europesays.com\/no\/wp-content\/uploads\/2025\/12\/86142edd-3673-477f-a740-0855cd062dc6\"  style=\"object-position:0% 0%\" width=\"1544\"\/>YTRE H\u00d8YRE: Tucker Carlson intervjuet Nick Fuentes i over to timer.   Foto: The Tucker Carlson Show\/YouTube<\/p>\n<p class=\"_paragraph_o9xde_4 _paragraph_xtcu6_10 layout-component text-serif-m layout-normal text-serif-m layout-padded\">Ytre h\u00f8yre har selvtillit og mange velgere med seg p\u00e5 at innvandringen m\u00e5 ned, at oljealderen m\u00e5 fortsette, at media er h\u00e5pl\u00f8se og at nasjonalismen m\u00e5 styrkes.<\/p>\n<p class=\"_paragraph_o9xde_4 _paragraph_xtcu6_10 layout-component text-serif-m layout-normal text-serif-m layout-padded\">Dette smitter ogs\u00e5 over p\u00e5 Europa og Norge. Sentrum dras til h\u00f8yre, og mer ytre h\u00f8yre-politikk foresl\u00e5s. <\/p>\n<p><img alt=\"SPANIA: Franco er blitt popul\u00e6r igjen blant unge. Her \u00abWhite lives matter\u00bb-marsj mot det spanske parlamentet 8. november.   Foto: Alejandro Martinez Velez \/ Reuters \/ NTB\" class=\"_image_qp4xg_65 layout-component layout-normal\" data-fullscreen- data-track-element-type=\"Article image fullscreen\" data-track-name=\"ImageFullscreen\" decoding=\"async\" loading=\"lazy\" height=\"4000\" itemprop=\"image\"  src=\"https:\/\/www.europesays.com\/no\/wp-content\/uploads\/2025\/12\/b9fc7397-eac2-4a3e-af8e-2382e9851b2b\"  style=\"object-position:0% 0%\" width=\"6000\"\/>SPANIA: Franco er blitt popul\u00e6r igjen blant unge. Her \u00abWhite lives matter\u00bb-marsj mot det spanske parlamentet 8. november.   Foto: Alejandro Martinez Velez \/ Reuters \/ NTB<\/p>\n<p class=\"_paragraph_o9xde_4 _paragraph_xtcu6_10 layout-component text-serif-m layout-normal text-serif-m layout-padded\">I Danmark skrives det side opp og ned om <a href=\"https:\/\/www.weekendavisen.dk\/opinion\/operation-remigration\" class=\"_link_o9xde_39\" rel=\"nofollow noopener\" target=\"_blank\">\u00abremigrasjon\u00bb. <\/a>Dansk Folkeparti virker mest opptatt av \u00e5 kaste ut muslimer, ogs\u00e5 danske statsborgere, til land forfedrene deres kom fra. <\/p>\n<p class=\"_paragraph_o9xde_4 _paragraph_xtcu6_10 layout-component text-serif-m layout-normal text-serif-m layout-padded\">Ogs\u00e5 i Norge sies grensel\u00f8se ting.<\/p>\n<p class=\"_paragraph_o9xde_4 _paragraph_xtcu6_10 layout-component text-serif-m layout-normal text-serif-m layout-padded\">\u00abDe er s\u00e5 maktlojale at man nesten ser hvordan holocaust kunne skje\u00bb, sa podkastvert Ole Asbj\u00f8rn N\u00e6ss om NRK til den <a href=\"https:\/\/www.minerva.no\/alternative-medier-nrk-ola-buxrud\/nrk-sloser-vekk-tilliten-mellom-oss-nordmenn\/487508\" class=\"_link_o9xde_39\" rel=\"nofollow noopener\" target=\"_blank\">konservative avisen Minerva<\/a> nylig. <\/p>\n<p class=\"_paragraph_o9xde_4 _paragraph_xtcu6_10 layout-component text-serif-m layout-normal text-serif-m layout-padded\">Minerva rygget <a href=\"https:\/\/www.minerva.no\/mediekritikk-minerva\/vi-forstar-kritikken\/487542\" class=\"_link_o9xde_39\" rel=\"nofollow noopener\" target=\"_blank\">etterp\u00e5<\/a>. De har v\u00e6rt opptatt av \u00e5 favne en bred h\u00f8yreside, ogs\u00e5 de m\u00f8rkere bl\u00e5. <\/p>\n<p><img alt=\"TAPTE VALGET: Statsminister Mette Frederiksens harde innvandringspolitikk studeres av andre land. Men partiet gikk p\u00e5 et valgtap i lokalvalget nylig.   Foto: JONATHAN NACKSTRAND \/ AFP \/ NTB\" class=\"_image_qp4xg_65 layout-component layout-normal\" data-fullscreen- data-track-element-type=\"Article image fullscreen\" data-track-name=\"ImageFullscreen\" decoding=\"async\" loading=\"lazy\" height=\"5504\" itemprop=\"image\"  src=\"https:\/\/www.europesays.com\/no\/wp-content\/uploads\/2025\/12\/10315144-2a3b-4be4-a40e-eee425b5e06f\"  style=\"object-position:0% 0%\" width=\"8256\"\/>TAPTE VALGET: Statsminister Mette Frederiksens harde innvandringspolitikk studeres av andre land. Men partiet gikk p\u00e5 et valgtap i lokalvalget nylig.   Foto: JONATHAN NACKSTRAND \/ AFP \/ NTB<\/p>\n<p class=\"_paragraph_o9xde_4 _paragraph_xtcu6_10 layout-component text-serif-m layout-normal text-serif-m layout-padded\">Problemet er &#8211; som eksempelet viser &#8211; at grensegjerdene mot det autorit\u00e6re og mot rasisme og antisemittisme svikter. <\/p>\n<p class=\"_paragraph_o9xde_4 _paragraph_xtcu6_10 layout-component text-serif-m layout-normal text-serif-m layout-padded\">I USA <a href=\"https:\/\/www.nytimes.com\/2025\/11\/20\/opinion\/right-antisemitism-yoram-hazony.html\" class=\"_link_o9xde_39\" rel=\"nofollow noopener\" target=\"_blank\">beskrives<\/a> antisemittismen blant unge p\u00e5 republikansk side som utbredt ogs\u00e5 av MAGA-st\u00f8ttespillere. Forklaringen er sosiale medier. <\/p>\n<p class=\"_paragraph_o9xde_4 _paragraph_xtcu6_10 layout-component text-serif-m layout-normal text-serif-m layout-padded\">Den h\u00f8yreb\u00f8lgen som st\u00e5r sterkt n\u00e5, er delvis en motreaksjon mot metoo, Black Lives Matters, Greta Thunberg, \u00abwoke\u00bb og autorit\u00e6re till\u00f8p p\u00e5 ytre venstre side. <\/p>\n<p class=\"_paragraph_o9xde_4 _paragraph_xtcu6_10 layout-component text-serif-m layout-normal text-serif-m layout-padded\">Ikke at alt som kom ut av dette var galt. Aktivismen ga mange fremskritt. <\/p>\n<p class=\"_paragraph_o9xde_4 _paragraph_xtcu6_10 layout-component text-serif-m layout-normal text-serif-m layout-padded\">Metoo endret arbeidsplassnormer til det bedre, for eksempel. <\/p>\n<p><img alt=\"FORSVARTE CHURCHILL-STATUEN: Denne statuen av Storbritannias statsminister st\u00e5r p\u00e5 vestkanten i Oslo. Trygve Slagsvold Vedum (Sp) rykket ut og sa den ikke burde fjernes i 2020.   Foto: Eirik R\u00f8svik \/ VG\" class=\"_image_qp4xg_65 layout-component layout-normal\" data-fullscreen- data-track-element-type=\"Article image fullscreen\" data-track-name=\"ImageFullscreen\" decoding=\"async\" loading=\"lazy\" height=\"4000\" itemprop=\"image\"  src=\"https:\/\/www.europesays.com\/no\/wp-content\/uploads\/2025\/12\/77fd0b49-e575-4191-baba-43ffdd82d0de\"  style=\"object-position:0% 0%\" width=\"6000\"\/>FORSVARTE CHURCHILL-STATUEN: Denne statuen av Storbritannias statsminister st\u00e5r p\u00e5 vestkanten i Oslo. Trygve Slagsvold Vedum (Sp) rykket ut og sa den ikke burde fjernes i 2020.   Foto: Eirik R\u00f8svik \/ VG<\/p>\n<p class=\"_paragraph_o9xde_4 _paragraph_xtcu6_10 layout-component text-serif-m layout-normal text-serif-m layout-padded\">Men det gikk av og til for langt. <\/p>\n<p class=\"_paragraph_o9xde_4 _paragraph_xtcu6_10 layout-component text-serif-m layout-normal text-serif-m layout-padded\">Rettssikkerheten ble <a href=\"https:\/\/www.vg.no\/rampelys\/i\/rgonm8\/fredrik-virtanen-trekker-saken-mot-cissi-wallin-en-seier\" data-track-element-type=\"Link\" data-track-id=\"link:rgonm8\" class=\"_link_o9xde_39\" rel=\"nofollow noopener\" target=\"_blank\">utfordret<\/a> i metoo og folk ble kansellert. <\/p>\n<p class=\"_paragraph_o9xde_4 _paragraph_xtcu6_10 layout-component text-serif-m layout-normal text-serif-m layout-padded\">I amerikanske og britiske barneskoler ble hvite og brune barn atskilt. I Finnmark ville man <a href=\"https:\/\/www.nrk.no\/tromsogfinnmark\/tresprakleg-barnehage-i-finnmark-skal-gjerde-barna-inn-etter-sprak-1.16613613\" class=\"_link_o9xde_39\" rel=\"nofollow noopener\" target=\"_blank\">skille barnehagebarn med et gjerde <\/a>for \u00e5 bevare samisk spr\u00e5k. Norge fikk sin egen \u00abpolitivoldssak\u00bb i Kongsberg, som etter mye forh\u00e5ndsd\u00f8mming, endte i <a href=\"http:\/\/www.vg.no\/nyheter\/i\/zAQ9jK\/nrk-frikjent-politimann-faar-tilbake-jobben#:~:text=Politibetjenten%20i%2030%2D%C3%A5rene%20var,han%20anket%20avgj%C3%B8relsen%20til%20H%C3%B8yesterett.\" data-track-element-type=\"Link\" data-track-id=\"link:zAQ9jK\" class=\"_link_o9xde_39\" rel=\"nofollow noopener\" target=\"_blank\">ingenting. <\/a><\/p>\n<p class=\"_paragraph_o9xde_4 _paragraph_xtcu6_10 layout-component text-serif-m layout-normal text-serif-m layout-padded\">Gr\u00f8nn Ungdom ville fjerne statuen av <a href=\"https:\/\/www.vg.no\/nyheter\/i\/9vP6Ql\/groenn-ungdom-vil-fjerne-oslos-churchill-statue\" data-track-element-type=\"Link\" data-track-id=\"link:9vP6Ql\" class=\"_link_o9xde_39\" rel=\"nofollow noopener\" target=\"_blank\">britenes gamle helt Churchill, <\/a>som var reist for \u00e5 hylle hans motstand mot nazismen. Problemet? De mente han var rasist.<\/p>\n<p><img alt=\"BLE MEGASTJERNE: Greta Thunberg.   Foto: Zoubeir Souissi \/ Reuters \/ NTB\" class=\"_image_qp4xg_65 layout-component layout-normal\" data-fullscreen- data-track-element-type=\"Article image fullscreen\" data-track-name=\"ImageFullscreen\" decoding=\"async\" loading=\"lazy\" height=\"1489\" itemprop=\"image\"  src=\"https:\/\/www.europesays.com\/no\/wp-content\/uploads\/2025\/12\/a1317344-a09b-46a9-b9d3-4886de053847\"  style=\"object-position:0% 0%\" width=\"2233\"\/>BLE MEGASTJERNE: Greta Thunberg.   Foto: Zoubeir Souissi \/ Reuters \/ NTB<\/p>\n<p class=\"_paragraph_o9xde_4 _paragraph_xtcu6_10 layout-component text-serif-m layout-normal text-serif-m layout-padded\">Oppr\u00f8r som starter som sunne reaksjoner p\u00e5 ekte problemer, opplever av og til tilbakeslag. <\/p>\n<p class=\"_paragraph_o9xde_4 _paragraph_xtcu6_10 layout-component text-serif-m layout-normal text-serif-m layout-padded\">Krav om \u00e5 g\u00e5 tilbake i historien og rense den liker folk flest d\u00e5rlig.<\/p>\n<p class=\"_paragraph_o9xde_4 _paragraph_xtcu6_10 layout-component text-serif-m layout-normal text-serif-m layout-padded\">Velgere blir ogs\u00e5 slitne av trafikkorker skapt av klimaoppr\u00f8rere. <\/p>\n<p class=\"_paragraph_o9xde_4 _paragraph_xtcu6_10 layout-component text-serif-m layout-normal text-serif-m layout-padded\">Pendelen kan svinge. <\/p>\n<p><img alt=\"FANT EN FIENDE: Donald Trump gikk imot woke.   Foto: JIM LO SCALZO \/ POOL \/ EPA \/ NTB\" class=\"_image_qp4xg_65 layout-component layout-normal\" data-fullscreen- data-track-element-type=\"Article image fullscreen\" data-track-name=\"ImageFullscreen\" decoding=\"async\" loading=\"lazy\" height=\"5464\" itemprop=\"image\"  src=\"https:\/\/www.europesays.com\/no\/wp-content\/uploads\/2025\/12\/15b71f83-c09c-4832-b9cb-f27dbb05b614\"  style=\"object-position:0% 0%\" width=\"8192\"\/>FANT EN FIENDE: Donald Trump gikk imot woke.   Foto: JIM LO SCALZO \/ POOL \/ EPA \/ NTB<\/p>\n<p class=\"_paragraph_o9xde_4 _paragraph_xtcu6_10 layout-component text-serif-m layout-normal text-serif-m layout-padded\">Slik kan det ogs\u00e5 g\u00e5 med h\u00f8yresiden, n\u00e5r den preges av folk som mener vi m\u00e5 bruke autorit\u00e6re grep for \u00e5 ta vare p\u00e5 det liberale demokratiet. <\/p>\n<p class=\"_paragraph_o9xde_4 _paragraph_xtcu6_10 layout-component text-serif-m layout-normal text-serif-m layout-padded\">Dette har ogs\u00e5 skjedd f\u00f8r: I USA slo h\u00f8yresidens paranoide jakt p\u00e5 kommunisterparanoide jakt p\u00e5 kommunisterMcCarthyismen var en politisk kampanje i USA p\u00e5 1950-tallet der senator Joseph McCarthy anklaget en rekke personer for \u00e5 v\u00e6re kommunister uten \u00e5 legge fram solid bevis. Perioden f\u00f8rte til massefrykt, svartelisting og alvorlige inngrep i ytringsfrihet og rettssikkerhet. p\u00e5 1950-tallet tilbake p\u00e5 dem selv. <\/p>\n<p class=\"_paragraph_o9xde_4 _paragraph_xtcu6_10 layout-component text-serif-m layout-normal text-serif-m layout-padded\">Trump er for tiden historisk upopul\u00e6r. <\/p>\n<p><img alt=\"BLM: Xochitl Ramirez og Angel Reyes fra Panama klemmer etter dommen mot den tidligere politimannen Derek Chauvin 2021.   Foto: EVELYN HOCKSTEIN \/ Reuters \/ NTB\" class=\"_image_qp4xg_65 layout-component layout-normal\" data-fullscreen- data-track-element-type=\"Article image fullscreen\" data-track-name=\"ImageFullscreen\" decoding=\"async\" loading=\"lazy\" height=\"3084\" itemprop=\"image\"  src=\"https:\/\/www.europesays.com\/no\/wp-content\/uploads\/2025\/12\/411db8f0-01a0-4540-b144-0f01925a1cdd\"  style=\"object-position:0% 0%\" width=\"4296\"\/>BLM: Xochitl Ramirez og Angel Reyes fra Panama klemmer etter dommen mot den tidligere politimannen Derek Chauvin 2021.   Foto: EVELYN HOCKSTEIN \/ Reuters \/ NTB<\/p>\n<p class=\"_paragraph_o9xde_4 _paragraph_xtcu6_10 layout-component text-serif-m layout-normal text-serif-m layout-padded\">Er det dermed aktivistene som har skylden ved \u00e5 g\u00e5 for langt og dermed skape tilbakeslag?<\/p>\n<p class=\"_paragraph_o9xde_4 _paragraph_xtcu6_10 layout-component text-serif-m layout-normal text-serif-m layout-padded\">Antagelig er det mer nyansert. Velgerne og det best\u00e5ende kan ogs\u00e5 sl\u00e5 tilbake. Og tilbakeslag kan konstrueres, som n\u00e5r MAGA bl\u00e5ser opp \u00abwoke\u00bb til symbolet p\u00e5 alt som er galt.<\/p>\n<p class=\"_paragraph_o9xde_4 _paragraph_xtcu6_10 layout-component text-serif-m layout-normal text-serif-m layout-padded\">Mediene deltar i \u00e5 jazze opp stemningen. De <a href=\"https:\/\/www.youtube.com\/watch?v=1ejwh_LSlt8\" class=\"_link_o9xde_39\" rel=\"nofollow noopener\" target=\"_blank\">dr\u00f8yeste<\/a> utspillene gir trafikk. <\/p>\n<p><img alt=\"HEVDET HUN VAR FOLKETS STEMME: Gyda Oddekalv og Generasjonspartiet fikk bare 20 000 stemmer i valget.   Foto: Carl August Klevjer\" class=\"_image_qp4xg_65 layout-component layout-normal\" data-fullscreen- data-track-element-type=\"Article image fullscreen\" data-track-name=\"ImageFullscreen\" decoding=\"async\" loading=\"lazy\" height=\"2592\" itemprop=\"image\"  src=\"https:\/\/www.europesays.com\/no\/wp-content\/uploads\/2025\/12\/0514961b-ca83-4a49-b7e3-f6861a5d844a\"  style=\"object-position:0% 0%\" width=\"3888\"\/>HEVDET HUN VAR FOLKETS STEMME: Gyda Oddekalv og Generasjonspartiet fikk bare 20 000 stemmer i valget.   Foto: Carl August Klevjer<\/p>\n<p class=\"_paragraph_o9xde_4 _paragraph_xtcu6_10 layout-component text-serif-m layout-normal text-serif-m layout-padded\">I Norge har Frp gjort det godt ved \u00e5 v\u00e6re mer moderate. De tar for eksempel avstand fra \u00abremigrasjon.\u00bb<\/p>\n<p class=\"_paragraph_o9xde_4 _paragraph_xtcu6_10 layout-component text-serif-m layout-normal text-serif-m layout-padded\">Giorgia Meloni, h\u00f8yrepopulisten som styrer Italia, har litt av den samme formelen, til forskjell fra for eksempel AfD i Tyskland og Reform i Storbritannia. <\/p>\n<p class=\"_paragraph_o9xde_4 _paragraph_xtcu6_10 layout-component text-serif-m layout-normal text-serif-m layout-padded\">Bildet er mangfoldig. H\u00f8yrepopulister kan ta over styringen i noen europeiske land, mens de kan slite i andre.<\/p>\n<p><img alt=\"STYRER ITALIA: Giorgia Meloni sammen med Frankrikes president Macron.   Foto: Guglielmo Mangiapane \/ Reuters \/ NTB\" class=\"_image_qp4xg_65 layout-component layout-normal\" data-fullscreen- data-track-element-type=\"Article image fullscreen\" data-track-name=\"ImageFullscreen\" decoding=\"async\" loading=\"lazy\" height=\"1936\" itemprop=\"image\"  src=\"https:\/\/www.europesays.com\/no\/wp-content\/uploads\/2025\/12\/4f60ff4d-92b3-404c-9dda-c5d4b5b45f89\"  style=\"object-position:0% 0%\" width=\"2896\"\/>STYRER ITALIA: Giorgia Meloni sammen med Frankrikes president Macron.   Foto: Guglielmo Mangiapane \/ Reuters \/ NTB<\/p>\n<p class=\"_paragraph_o9xde_4 _paragraph_xtcu6_10 layout-component text-serif-m layout-normal text-serif-m layout-padded\">Men fortellingen om at styringspartiene ikke har noe annet valg enn \u00e5 omfavne ytterpartienes kjernesaker <a href=\"https:\/\/www.theguardian.com\/commentisfree\/2025\/nov\/22\/danish-model-centre-left-parties-labour-doesnt-work\" class=\"_link_o9xde_39\" rel=\"nofollow noopener\" target=\"_blank\">er feil.<\/a><\/p>\n<p class=\"_paragraph_o9xde_4 _paragraph_xtcu6_10 layout-component text-serif-m layout-normal text-serif-m layout-padded\">N\u00e5 (igjen) drar delegasjoner p\u00e5 studietur til Danmark for \u00e5 finne ut hvordan sosialdemokraten Mette Frederiksen har taklet ytre h\u00f8yre. <\/p>\n<p class=\"_paragraph_o9xde_4 _paragraph_xtcu6_10 layout-component text-serif-m layout-normal text-serif-m layout-padded\">Det de l\u00e6rer da, er \u00e5 g\u00e5 for en sv\u00e6rt stram innvandringspolitikk for \u00e5 ta tilbake ytre h\u00f8yres velgere. <\/p>\n<p class=\"_paragraph_o9xde_4 _paragraph_xtcu6_10 layout-component text-serif-m layout-normal text-serif-m layout-padded\">Problemet med fortellingen er at Frederiksen ikke har stanset ytre h\u00f8yre. De har blitt mer ytterligg\u00e5ende og vokser i Danmark, mens sosialdemokratene <a href=\"https:\/\/www.dr.dk\/feature\/kv25-overblik\" class=\"_link_o9xde_39\" rel=\"nofollow noopener\" target=\"_blank\">gj\u00f8r det d\u00e5rlig.<\/a><\/p>\n<p class=\"_paragraph_o9xde_4 _paragraph_xtcu6_10 layout-component text-serif-m layout-normal text-serif-m layout-padded\">I Nederland derimot vant sentrum valget i h\u00f8st. D66 er et parti som ligner norske Venstre, bortsett fra at de er strengere p\u00e5 innvandring. De samlet s\u00e6rlig urbane, h\u00f8yt utdannede velgere fra b\u00e5de h\u00f8yre og venstre. <\/p>\n<p class=\"_paragraph_o9xde_4 _paragraph_xtcu6_10 layout-component text-serif-m layout-normal text-serif-m layout-padded\">Ytre h\u00f8yre ble riktignok ogs\u00e5 store, men nederlaget til Geert Wilders har blitt tolket som at sentrum slo tilbake.<\/p>\n<p class=\"_paragraph_o9xde_4 _paragraph_xtcu6_10 layout-component text-serif-m layout-normal text-serif-m layout-padded\"> \u2013 Vi har vist hele verden at det er mulig \u00e5 sl\u00e5 populistiske og h\u00f8yreekstreme bevegelser, <a href=\"https:\/\/www.reuters.com\/world\/dutch-vote-elections-test-european-populisms-reach-2025-10-29\/?utm_source=chatgpt.com\" class=\"_link_o9xde_39\" rel=\"nofollow noopener\" target=\"_blank\">sa lederen<\/a> Rob Jetten i sin seierstale. <\/p>\n<p><img alt=\"MARKERTE SEIER OVER H\u00d8YREPOPULISME: Rob Jetten (38) kan bli den yngste og f\u00f8rste \u00e5pne skeive statsministeren i Nederland.   Foto: Piroschka Van De Wouw \/ Reuters \/ NTB\" class=\"_image_qp4xg_65 layout-component layout-normal\" data-fullscreen- data-track-element-type=\"Article image fullscreen\" data-track-name=\"ImageFullscreen\" decoding=\"async\" loading=\"lazy\" height=\"1739\" itemprop=\"image\"  src=\"https:\/\/www.europesays.com\/no\/wp-content\/uploads\/2025\/12\/a98dfa1a-bc75-47bb-9d95-c39a5ba103d5\"  style=\"object-position:0% 0%\" width=\"2608\"\/>MARKERTE SEIER OVER H\u00d8YREPOPULISME: Rob Jetten (38) kan bli den yngste og f\u00f8rste \u00e5pne skeive statsministeren i Nederland.   Foto: Piroschka Van De Wouw \/ Reuters \/ NTB<\/p>\n<p class=\"_paragraph_o9xde_4 _paragraph_xtcu6_10 layout-component text-serif-m layout-normal text-serif-m layout-padded\">Velgere er mindre lojale, men ikke s\u00e5 radikale som aktivistene som g\u00e5r fremst. <\/p>\n<p class=\"_paragraph_o9xde_4 _paragraph_xtcu6_10 layout-component text-serif-m layout-normal text-serif-m layout-padded\">Det siste \u00e5ret har ogs\u00e5 vist at tids\u00e5nden kan endres av spektakul\u00e6re hendelser: Fullskalainvasjonen av Ukraina, Jens Stoltenbergs comeback.<\/p>\n<p class=\"_paragraph_o9xde_4 _paragraph_xtcu6_10 layout-component text-serif-m layout-normal text-serif-m layout-padded\">H\u00f8sten har dessuten brakt mange uker der <a href=\"https:\/\/e24.no\/boers-og-finans\/i\/OoRMAw\/bitcoin-fall-var-under-95000\" class=\"_link_o9xde_39\" rel=\"nofollow noopener\" target=\"_blank\">Bitcoin<\/a> faller. <\/p>\n<p class=\"_paragraph_o9xde_4 _paragraph_xtcu6_10 layout-component text-serif-m layout-normal text-serif-m layout-padded\">Det er mulig vi bare er et lite krypto-krakk unna at f\u00e6rre unge konservative menn g\u00e5r i kirken og liker Trump.<\/p>\n<p class=\"_paragraph_o9xde_4 _paragraph_xtcu6_10 layout-component text-serif-m layout-normal text-serif-m layout-padded\">For faren er at f\u00f8r man rekker \u00e5 fange tids\u00e5nden, s\u00e5 er den endret.<\/p>\n<p>   Dette er en kommentar. Kommentaren gir uttrykk for skribentens holdning. <\/p>\n","protected":false},"excerpt":{"rendered":"MAGA-tilhenger Tucker Carlson i USA intervjuet nazisten Nick Fuentes, som kritiserer raseblanding og p\u00e5st\u00e5r at j\u00f8der styrer verden.&hellip;\n","protected":false},"author":2,"featured_media":123339,"comment_status":"","ping_status":"","sticky":false,"template":"","format":"standard","meta":{"footnotes":""},"categories":[12],"tags":[20,21,24,25,15,22,23,13,30,28,29,14,16,26,27,42,103,43,44,45],"class_list":{"0":"post-123338","1":"post","2":"type-post","3":"status-publish","4":"format-standard","5":"has-post-thumbnail","7":"category-verden","8":"tag-breaking-news","9":"tag-breakingnews","10":"tag-featured-news","11":"tag-featurednews","12":"tag-headlines","13":"tag-latest-news","14":"tag-latestnews","15":"tag-news","16":"tag-no","17":"tag-norge","18":"tag-norway","19":"tag-nyheter","20":"tag-overskrifter","21":"tag-top-stories","22":"tag-topstories","23":"tag-verden","24":"tag-vgmeninger","25":"tag-world","26":"tag-world-news","27":"tag-worldnews"},"share_on_mastodon":{"url":"https:\/\/pubeurope.com\/@no\/115796942047288952","error":""},"_links":{"self":[{"href":"https:\/\/www.europesays.com\/no\/wp-json\/wp\/v2\/posts\/123338","targetHints":{"allow":["GET"]}}],"collection":[{"href":"https:\/\/www.europesays.com\/no\/wp-json\/wp\/v2\/posts"}],"about":[{"href":"https:\/\/www.europesays.com\/no\/wp-json\/wp\/v2\/types\/post"}],"author":[{"embeddable":true,"href":"https:\/\/www.europesays.com\/no\/wp-json\/wp\/v2\/users\/2"}],"replies":[{"embeddable":true,"href":"https:\/\/www.europesays.com\/no\/wp-json\/wp\/v2\/comments?post=123338"}],"version-history":[{"count":0,"href":"https:\/\/www.europesays.com\/no\/wp-json\/wp\/v2\/posts\/123338\/revisions"}],"wp:featuredmedia":[{"embeddable":true,"href":"https:\/\/www.europesays.com\/no\/wp-json\/wp\/v2\/media\/123339"}],"wp:attachment":[{"href":"https:\/\/www.europesays.com\/no\/wp-json\/wp\/v2\/media?parent=123338"}],"wp:term":[{"taxonomy":"category","embeddable":true,"href":"https:\/\/www.europesays.com\/no\/wp-json\/wp\/v2\/categories?post=123338"},{"taxonomy":"post_tag","embeddable":true,"href":"https:\/\/www.europesays.com\/no\/wp-json\/wp\/v2\/tags?post=123338"}],"curies":[{"name":"wp","href":"https:\/\/api.w.org\/{rel}","templated":true}]}}