{"id":123349,"date":"2025-12-28T11:34:12","date_gmt":"2025-12-28T11:34:12","guid":{"rendered":"https:\/\/www.europesays.com\/no\/123349\/"},"modified":"2025-12-28T11:34:12","modified_gmt":"2025-12-28T11:34:12","slug":"marerittstart-for-karlsson-skuffende","status":"publish","type":"post","link":"https:\/\/www.europesays.com\/no\/123349\/","title":{"rendered":"Marerittstart for Karlsson: \u2013 Skuffende"},"content":{"rendered":"\n<p class=\"_lead_o9xde_2 _lead_xtcu6_50 layout-component text-serif-m layout-normal text-serif-l layout-component layout-wide layout-padded _wide_17hqh_1 layout-padded\">Frida Karlsson r\u00f8k overraskende ut av sprintprologen p\u00e5 \u00e5pningsdagen av Tour de Ski. <\/p>\n<p><img alt=\" Foto: Geir Olsen \/ NTB\" class=\"_image_qp4xg_65 layout-component layout-wide\" data-fullscreen- data-track-element-type=\"Article image fullscreen\" data-track-name=\"ImageFullscreen\" fetchpriority=\"high\" decoding=\"sync\" loading=\"eager\" height=\"2773\" itemprop=\"image\"  src=\"https:\/\/www.europesays.com\/no\/wp-content\/uploads\/2025\/12\/c6d39bc5-31b5-496e-a12e-d018a4cc0ed5\"  style=\"object-position:0% 0%\" width=\"4160\"\/> Foto: Geir Olsen \/ NTBToblach, Italia  Oppdatert s\u00f8ndag 28. desember kl. 12:20     <\/p>\n<p class=\"_paragraph_o9xde_4 _paragraph_xtcu6_10 layout-component text-serif-m layout-normal text-serif-m layout-padded\">\u2014 Det er skuffende av Frida Karlsson. Det gir ikke selvtillit og gode svar at hun er s\u00e5 langt bak p\u00e5 en prolog. Hun skal normalt ha brukbart med fart, sier Viaplay-ekspert Niklas Dyrhaug.<\/p>\n<p class=\"_paragraph_o9xde_4 _paragraph_xtcu6_10 layout-component text-serif-m layout-normal text-serif-m layout-padded\">Svensken var skuffet selv. <\/p>\n<p class=\"_paragraph_o9xde_4 _paragraph_xtcu6_10 layout-component text-serif-m layout-normal text-serif-m layout-padded\">\u2013 Det var ikke s\u00e5 bra. Det kjennes som jeg st\u00e5r stille. Farten jeg en gang hadde virker som er langt unna, sier Karlsson til VG.  <\/p>\n<p class=\"_paragraph_o9xde_4 _paragraph_xtcu6_10 layout-component text-serif-m layout-normal text-serif-m layout-padded\">Nedtur ble det ogs\u00e5 for Ebba Andersson og Heidi Weng. Alle tre er ute etter sprintprologen. <\/p>\n<p class=\"_paragraph_o9xde_4 _paragraph_xtcu6_10 layout-component text-serif-m layout-normal text-serif-m layout-padded\">\u2013 Jeg tar dag for dag. Jeg var bak i fjor ogs\u00e5, s\u00e5 det er ingenting \u00e5 sutre for, sier Weng. <\/p>\n<p class=\"_paragraph_o9xde_4 _paragraph_xtcu6_10 layout-component text-serif-m layout-normal text-serif-m layout-padded\">\u2013 Du vil ikke vinne?<\/p>\n<p class=\"_paragraph_o9xde_4 _paragraph_xtcu6_10 layout-component text-serif-m layout-normal text-serif-m layout-padded\">\u2013 Nei, det kommer viktigere ting, sier Weng. <\/p>\n<p class=\"_paragraph_o9xde_4 _paragraph_xtcu6_10 layout-component text-serif-m layout-normal text-serif-m layout-padded\">Mest overraskende var likevel Karlssons tidlige exit. <\/p>\n<p class=\"_paragraph_o9xde_4 _paragraph_xtcu6_10 layout-component text-serif-m layout-normal text-serif-m layout-padded\">\u2013 Dette er svakere enn vi pleier \u00e5 se. At hun ryker ut er ikke det vi hadde forventet, sier Jann Post.<\/p>\n<p class=\"_paragraph_o9xde_4 _paragraph_xtcu6_10 layout-component text-serif-m layout-normal text-serif-m layout-padded\">Kristine Stavaas Skistad, Mathilde Myrhvold og Ingrid Bergene Aabrekk tok seg enkelt videre til utslagsrundene. <\/p>\n<p class=\"_paragraph_o9xde_4 _paragraph_xtcu6_10 layout-component text-serif-m layout-normal text-serif-m layout-padded\">Skistad gikk i m\u00e5l til bestetid p\u00e5 dav\u00e6rende tidspunkt, men like etter suste Johanna Hagstr\u00f6m over m\u00e5llinjen, over tre sekunder raskere enn Skistad.<\/p>\n<p class=\"_paragraph_o9xde_4 _paragraph_xtcu6_10 layout-component text-serif-m layout-normal text-serif-m layout-padded\">Ogs\u00e5 Mathilde Myhrvold leverte godt i prologen, og gikk i m\u00e5l foran Skistad.<\/p>\n<p class=\"_paragraph_o9xde_4 _paragraph_xtcu6_10 layout-component text-serif-m layout-normal text-serif-m layout-padded\">Astrid \u00d8yre Slind og Kristin Austgulen Fosn\u00e6s er ogs\u00e5 videre til utslagsrundene. <\/p>\n<p class=\"_paragraph_o9xde_4 _paragraph_xtcu6_10 layout-component text-serif-m layout-normal text-serif-m layout-padded\">\u2013 Blir jeg sist i kvartfinalen har jeg tapt p\u00e5 \u00e5 g\u00e5 videre, sier Slind til VG. <\/p>\n<p class=\"_paragraph_o9xde_4 _paragraph_xtcu6_10 layout-component text-serif-m layout-normal text-serif-m layout-padded\">\u2013 Jeg er med. Det er det viktigste. Jeg skal g\u00e5 for \u00e5 komme meg til semifinalene, sier hun. <\/p>\n","protected":false},"excerpt":{"rendered":"Frida Karlsson r\u00f8k overraskende ut av sprintprologen p\u00e5 \u00e5pningsdagen av Tour de Ski. Foto: Geir Olsen \/ NTBToblach,&hellip;\n","protected":false},"author":2,"featured_media":123350,"comment_status":"","ping_status":"","sticky":false,"template":"","format":"standard","meta":{"footnotes":""},"categories":[5],"tags":[20,21,24,25,15,19,398,22,23,17,18,13,30,28,29,14,16,26,27,12662],"class_list":{"0":"post-123349","1":"post","2":"type-post","3":"status-publish","4":"format-standard","5":"has-post-thumbnail","7":"category-overskrifter","8":"tag-breaking-news","9":"tag-breakingnews","10":"tag-featured-news","11":"tag-featurednews","12":"tag-headlines","13":"tag-hovedoppslag","14":"tag-langrenn","15":"tag-latest-news","16":"tag-latestnews","17":"tag-main-news","18":"tag-mainnews","19":"tag-news","20":"tag-no","21":"tag-norge","22":"tag-norway","23":"tag-nyheter","24":"tag-overskrifter","25":"tag-top-stories","26":"tag-topstories","27":"tag-tour-de-ski"},"share_on_mastodon":{"url":"https:\/\/pubeurope.com\/@no\/115796985382433897","error":""},"_links":{"self":[{"href":"https:\/\/www.europesays.com\/no\/wp-json\/wp\/v2\/posts\/123349","targetHints":{"allow":["GET"]}}],"collection":[{"href":"https:\/\/www.europesays.com\/no\/wp-json\/wp\/v2\/posts"}],"about":[{"href":"https:\/\/www.europesays.com\/no\/wp-json\/wp\/v2\/types\/post"}],"author":[{"embeddable":true,"href":"https:\/\/www.europesays.com\/no\/wp-json\/wp\/v2\/users\/2"}],"replies":[{"embeddable":true,"href":"https:\/\/www.europesays.com\/no\/wp-json\/wp\/v2\/comments?post=123349"}],"version-history":[{"count":0,"href":"https:\/\/www.europesays.com\/no\/wp-json\/wp\/v2\/posts\/123349\/revisions"}],"wp:featuredmedia":[{"embeddable":true,"href":"https:\/\/www.europesays.com\/no\/wp-json\/wp\/v2\/media\/123350"}],"wp:attachment":[{"href":"https:\/\/www.europesays.com\/no\/wp-json\/wp\/v2\/media?parent=123349"}],"wp:term":[{"taxonomy":"category","embeddable":true,"href":"https:\/\/www.europesays.com\/no\/wp-json\/wp\/v2\/categories?post=123349"},{"taxonomy":"post_tag","embeddable":true,"href":"https:\/\/www.europesays.com\/no\/wp-json\/wp\/v2\/tags?post=123349"}],"curies":[{"name":"wp","href":"https:\/\/api.w.org\/{rel}","templated":true}]}}