{"id":123351,"date":"2025-12-28T11:35:22","date_gmt":"2025-12-28T11:35:22","guid":{"rendered":"https:\/\/www.europesays.com\/no\/123351\/"},"modified":"2025-12-28T11:35:22","modified_gmt":"2025-12-28T11:35:22","slug":"bare-drittsekker-som-hopper-av","status":"publish","type":"post","link":"https:\/\/www.europesays.com\/no\/123351\/","title":{"rendered":"&#8211; Bare drittsekker som hopper av"},"content":{"rendered":"<p class=\"kicker tm20\" style=\"\">Skiskytter Sivert Guttorm Bakken d\u00f8d<\/p>\n<p>  Norsk toppidrett i sorg og krise viser en urovekkende maktfordeling.<\/p>\n<p>\n    MANGLER DEMOKRATISK KONTROLL: Idrettspresident Zaineb Al-Samarai, idrettsminister Lubna Jaffery og toppidrettssjef Tore \u00d8vreb\u00f8 styrer mye i norsk idrett. Krisen etter d\u00f8dsfallet i skiskyting, viser at norsk toppidrett mangler n\u00f8dvendig demokratisk kontroll. FOTO:\n  <\/p>\n<p>DET var full forvirring i norsk toppidrett da nyheten kom om at den avd\u00f8de skiskytteren Sivert Guttorm Bakken var blitt funnet med en <a href=\"https:\/\/www.dagbladet.no\/sport\/funnet-dod-hadde-pa-hoydemaske\/84025743\" rel=\"nofollow noopener\" target=\"_blank\">h\u00f8ydemaske<\/a> p\u00e5 hotellrommet sitt i Italia. Det er lett \u00e5 forst\u00e5. Dette d\u00f8dsfallet var knusende for hele idrettsmilj\u00f8et.<\/p>\n<p>Midt i sorgen og forvirringen satt en helt ny leder i Skiskytterforbundet. Etter at erfarne Morten Djupvik sluttet for en dr\u00f8y m\u00e5ned siden, har Emilie Nordskar midlertid fungert i jobben som generalsekret\u00e6r.<\/p>\n<p>Hun har hatt mer enn nok med \u00e5 ta vare p\u00e5 de n\u00e6rmeste til Bakken b\u00e5de i familien og i sporten. Noe viktigere finnes det ikke for en leder i en s\u00e5 tragisk situasjon.<\/p>\n<p>Men for topplederne i idrettsbevegelsen p\u00e5 utsiden av denne kretsen, har det v\u00e6rt n\u00f8dvendig samtidig \u00e5 se p\u00e5 <a href=\"https:\/\/www.dagbladet.no\/sport\/nekter-a-svare\/84025914\" rel=\"nofollow noopener\" target=\"_blank\">sportens rammer<\/a> rundt dette brutale d\u00f8dsfallet.<\/p>\n<p>S\u00e5 sjokkerende annerledes er denne nyheten for hele norsk toppidrett.<\/p>\n<p>Den <a href=\"https:\/\/www.dagbladet.no\/sport\/alarm-i-utlandet\/84027209\" rel=\"nofollow noopener\" target=\"_blank\">motstridende informasjonen<\/a> fra Skiskytterforbundet om hva denne sporten visste om ut\u00f8vernes bruk av h\u00f8ydemaske, forteller at de sentrale idrettslederne har manglet kontroll.<\/p>\n<p>Det er til \u00e5 forst\u00e5 i en lammende krise.<\/p>\n<p>En frivillig bevegelse er ikke forberedt p\u00e5 s\u00e5 mye plutselig vondt.<\/p>\n<p>DET idretten derimot m\u00e5 v\u00e6re forberedt p\u00e5, er \u00e5 ta vare p\u00e5 sitt eget verdigrunnlag. B\u00e5de i de gladeste og de m\u00f8rkeste dagene.<\/p>\n<p>Her speiler denne ukas\u00a0<a href=\"https:\/\/www.dagbladet.no\/sport\/alarm-i-utlandet\/84027209\" rel=\"nofollow noopener\" target=\"_blank\">lett gjennomskuelige<\/a>\u00a0<a href=\"https:\/\/www.vg.no\/sport\/i\/8pmOEr\/forbundet-kjent-med-bruk-av-hoeydemasker-ikke-i-organiserte-treningstilbud\" rel=\"nofollow noopener\" target=\"_blank\">halvsannheter<\/a>\u00a0og <a href=\"https:\/\/www.dagbladet.no\/sport\/nekter-a-svare\/84025914\" rel=\"nofollow noopener\" target=\"_blank\">blokkeringen\u00a0<\/a>av en troverdig kriseh\u00e5ndtering, den manglende politiske styringen av norsk toppidrett.<\/p>\n<p>Selv toppidrettssjef Tore \u00d8vreb\u00f8 feilinformerte da han endelig begynte \u00e5 svare p\u00e5 viktige sp\u00f8rsm\u00e5l om rammene for norsk toppidretts bruk av simulert h\u00f8yde:<\/p>\n<p>&#8211; S\u00e5nn som retningslinjene er n\u00e5, s\u00e5 skal s\u00e6rforbundene ha oversikt over hvilke ut\u00f8vere som bruker dette, og rapportere det videre til Antidoping Norge, <a href=\"https:\/\/www.nrk.no\/sport\/olympiatoppen-frarader-midlertidig-bruk-av-simulert-hoyde-etter-sivert-bakkens-dodsfall-1.17705619\" rel=\"nofollow noopener\" target=\"_blank\">fortalte <\/a>han til NRK fredag, og understreket at Olympiatoppen selv <a href=\"https:\/\/www.nrk.no\/sport\/olympiatoppen-frarader-midlertidig-bruk-av-simulert-hoyde-etter-sivert-bakkens-dodsfall-1.17705619\" rel=\"nofollow noopener\" target=\"_blank\">ikke<\/a> hadde en slik samlet oversikt.<\/p>\n<p>Det er feil p\u00e5 alle m\u00e5ter. Denne ordningen med rapportering til Antidoping Norge ble <a href=\"https:\/\/www.antidoping.no\/nyheter\/begrenset-bruk-av-simulert-h%C3%B8yde-blant-norske-ut%C3%B8vere\" rel=\"nofollow noopener\" target=\"_blank\">avviklet<\/a> for nesten tre \u00e5r siden. Vinteren 2023 ga ledelsen i Antidoping Norge beskjed til Norges Idrettsforbund om at det ikke lenger var noen vits i at s\u00e6rforbundene sendte inn navnene p\u00e5 brukerne.<\/p>\n<p>Bare sju slike ut\u00f8vere var registrert i 2022, og dopingjegerne hadde uansett kontroll over bruken fordi opplysninger om simulert h\u00f8ydetrening m\u00e5 bli fylt ut p\u00e5 skjemaet som f\u00f8lger med hver eneste dopingkontroll.<\/p>\n<p>    <a itemprop=\"url\" href=\"https:\/\/www.dagbladet.no\/sport\/alarm-i-utlandet\/84027209\" rel=\"nofollow noopener\" target=\"_blank\"><\/p>\n<p>        <img loading=\"lazy\" decoding=\"async\" src=\"https:\/\/www.europesays.com\/no\/wp-content\/uploads\/2025\/12\/1766921713_144_84027581.webp\" width=\"980\" height=\"441\" title=\"Alarm i utlandet\" alt=\"\" class=\"lazyload\" style=\"--aspect-ratio-image: 2.22; \"\/><\/p>\n<p>        Alarm i utlandet<\/p>\n<p>    <\/a><\/p>\n<p>MEN for Olympiatoppen er det et poeng \u00e5 ha full oversikt.<\/p>\n<p>Det er jo de som i praksis kontrollerer OL-forberedelsene til Norges aller beste. S\u00e5nn er det vrient \u00e5 forst\u00e5 at ikke toppledelsen der kjenner til hvilke eksperimentelle treningsformer noen av stjernene deres eventuelt holder p\u00e5 med.<\/p>\n<p>Da er igjen den demokratiske kontrollen av Olympiatoppen viktig. I tillegg til mest mulig \u00e5penhet.<\/p>\n<p>P\u00c5 det siste Idrettstinget i sommer ba styret i Norges Idrettsforbund (NIF) om mulighet for <a href=\"https:\/\/www.idrettsforbundet.no\/contentassets\/7be414ec25e641d78bbefd87046f3534\/2025-idrettsting-saksdokumenter-fullstendig-med-vedlegg-24.04.25-oppdatert-pa-nett-23.05.pdf\" rel=\"nofollow noopener\" target=\"_blank\">selv \u00e5 kunne endre p\u00e5 retningslinjene for simulert h\u00f8ydetrening.<\/a><\/p>\n<p>Dette forslaget kom sannsynligvis fra Olympiatoppen <a href=\"https:\/\/www.idrettsforbundet.no\/siteassets\/idrettsforbundet\/om-nif\/idrettsstyret\/protokoller\/2025\/protokoll-fra-styremote-nr.-33-2023-2025-10.-april-2025.pdf\" rel=\"nofollow noopener\" target=\"_blank\">via dav\u00e6rende generalsekret\u00e6r <\/a>i NIF, og ble begrunnet med de stadige teknologiske endringene p\u00e5 dette omr\u00e5det.<a href=\"https:\/\/www.idrettsforbundet.no\/contentassets\/7be414ec25e641d78bbefd87046f3534\/2025-idrettsting-saksdokumenter-fullstendig-med-vedlegg-24.04.25-oppdatert-pa-nett-23.05.pdf\" rel=\"nofollow noopener\" target=\"_blank\">\u00a0<\/a><\/p>\n<p>Da ble det tungvint \u00e5 ha \u00e5pne diskusjoner p\u00e5 Idrettstinget hvert andre \u00e5r for \u00e5 henge med i den internasjonale konkurransen. Det var mye lettere \u00e5 f\u00e5 gjennomslag i NIF-styret.<\/p>\n<p>Det \u00f8nsket fra toppidretten ble enstemmig vedtatt p\u00e5 Idrettstinget.<\/p>\n<p>Det hadde neppe skjedd i dag.<\/p>\n<p>    <a itemprop=\"url\" href=\"https:\/\/www.dagbladet.no\/sport\/en-sjokk-beskjed\/84031404\" rel=\"nofollow noopener\" target=\"_blank\"><\/p>\n<p>        <img loading=\"lazy\" decoding=\"async\" src=\"https:\/\/www.europesays.com\/no\/wp-content\/uploads\/2025\/12\/84031409.webp\" width=\"980\" height=\"441\" title=\"- En sjokk-beskjed\" alt=\"\" class=\"lazyload\" style=\"--aspect-ratio-image: 2.22; \"\/><\/p>\n<p>        &#8211; En sjokk-beskjed<\/p>\n<p>    <\/a><\/p>\n<p>SELV om det p\u00e5 nytt er viktig \u00e5 understreke at det ikke er p\u00e5vist noen kobling mellom d\u00f8dsfallet og bruk av h\u00f8ydemaske, har denne nitriste saken vist svakhetene i styringen av norsk toppidrett.<\/p>\n<p>Forvirringen rundt idrettens kriseh\u00e5ndtering, speiler en toppidrett som i praksis ikke lenger blir regulert av den demokratisk valgte idrettsledelsen.<\/p>\n<p>Det er uklokt for en bred folkebevegelse som norsk idrett.<\/p>\n<p>    <a itemprop=\"url\" href=\"https:\/\/www.dagbladet.no\/sport\/frarader-midlertidig-bruk\/84028636\" rel=\"nofollow noopener\" target=\"_blank\"><\/p>\n<p>        <img loading=\"lazy\" decoding=\"async\" src=\"https:\/\/www.europesays.com\/no\/wp-content\/uploads\/2025\/12\/1766921715_591_84028738.webp\" width=\"980\" height=\"441\" title=\"Frar\u00e5der midlertidig bruk\" alt=\"\" class=\"lazyload\" style=\"--aspect-ratio-image: 2.22; \"\/><\/p>\n<p>        Frar\u00e5der midlertidig bruk<\/p>\n<p>    <\/a><\/p>\n<p>DET\u00a0tok <a href=\"https:\/\/www.dagbladet.no\/sport\/alarm-i-utlandet\/84027209\" rel=\"nofollow noopener\" target=\"_blank\">for lang tid<\/a>\u00a0f\u00f8r toppidrettssjef Tore \u00d8vreb\u00f8 f\u00f8lte seg presset til \u00e5 <a href=\"https:\/\/www.dagbladet.no\/sport\/alarm-i-utlandet\/84027209\" rel=\"nofollow noopener\" target=\"_blank\">omgj\u00f8re<\/a> sin egen beslutning om ikke \u00f8yeblikkelig \u00e5 stoppe all norsk bruk av simulert h\u00f8yde i p\u00e5vente av den rettsmedisinske unders\u00f8kelsen.<\/p>\n<p>I den tida uttalte verken idrettspresident Zaineb Al-Samarai eller den nye generalsekret\u00e6ren Kjell Bjarne Helland seg offentlig om hvordan denne tragedien m\u00e5tte forandre toppidrettens treningsrutiner.<\/p>\n<p>F\u00f8rst etter to dager\u00a0<a href=\"https:\/\/www.dagbladet.no\/sport\/alarm-i-utlandet\/84027209\" rel=\"nofollow noopener\" target=\"_blank\">snudde<\/a> \u00d8vreb\u00f8. Da kom Olympiatoppen med en pressemelding om at den\u00a0\u00abfrar\u00e5det\u00bb ut\u00f8verne sine \u00e5 bruke stimulert h\u00f8yde, samtidig som toppidrettssjefen forklarte sin vegring mot et forbud:<\/p>\n<p>&#8211; Vi har ikke myndighet til \u00e5 gj\u00f8re noe annet enn \u00e5 komme med en anbefaling, <a href=\"https:\/\/www.dagbladet.no\/sport\/frarader-midlertidig-bruk\/84028636\" rel=\"nofollow noopener\" target=\"_blank\">fortalte<\/a>\u00a0Tore \u00d8vreb\u00f8 til Dagbladets reporter.<\/p>\n<p>DEN forklaringen er formelt sett korrekt i og med at tillatelsen til simulert h\u00f8ydetrening er gitt av Idrettstinget, og eventuelt m\u00e5 trekkes tilbake der.<\/p>\n<p>Samtidig har norsk idrett flere ganger foretatt s\u00e5kalte\u00a0\u00abmidlertidige endringer\u00bb av regler gitt p\u00e5 Idrettstinget. Det er blitt gjort gjennom\u00a0 vedtak i styret til Norges Idrettsforbund.<\/p>\n<p>Dessuten kunne alts\u00e5 idrettspresident Zaineb Al-Samarai p\u00e5 bakgrunn av <a href=\"https:\/\/www.idrettsforbundet.no\/contentassets\/7be414ec25e641d78bbefd87046f3534\/2025-idrettsting-saksdokumenter-fullstendig-med-vedlegg-24.04.25-oppdatert-pa-nett-23.05.pdf\" rel=\"nofollow noopener\" target=\"_blank\">det nye tingvedtaket<\/a>\u00a0i mai om stimulert h\u00f8ydetrening, raskt gjennomf\u00f8rt de n\u00f8dvendige endringene for \u00e5 f\u00e5 en midlertid stopp p\u00e5 bruken..<\/p>\n<p>    <a itemprop=\"url\" href=\"https:\/\/www.dagbladet.no\/sport\/nekter-a-svare\/84025914\" rel=\"nofollow noopener\" target=\"_blank\"><\/p>\n<p>        <img loading=\"lazy\" decoding=\"async\" src=\"https:\/\/www.europesays.com\/no\/wp-content\/uploads\/2025\/12\/1766921717_116_84026061.webp\" width=\"980\" height=\"441\" title=\"Nekter \u00e5 svare\" alt=\"\" class=\"lazyload\" style=\"--aspect-ratio-image: 2.22; \"\/><\/p>\n<p>        Nekter \u00e5 svare<\/p>\n<p>    <\/a><\/p>\n<p>HER kunne en stoppordre som hadde sikret de andre ut\u00f8vernes helse, kommet med en \u00f8yeblikkelig inngripen fra idrettspresident Zaineb Al-Samarai etter et ekstraordin\u00e6rt styrem\u00f8te p\u00e5 nett.<\/p>\n<p>I en krisesituasjon er uansett det \u00e5 ivareta idrettsstjernenes helse, mye viktigere enn det rent formelle.<\/p>\n<p>Problemet er bare at idrettsbevegelsen selv har v\u00e6rt opptatt av \u00e5 gi toppidrettssjefen styrerett over den olympiske idretten.<\/p>\n<p>Det var bakgrunnen for at idrettspresidenten vegret seg for \u00e5 gripe inn, og i denne tunge krisa har idrettens rare maktfordeling vist sin klare svakhet.<\/p>\n<p>For selvsagt er det den demokratisk valgte idrettspresidenten som m\u00e5 sitte med all reell myndighet over norsk toppidrett.<\/p>\n<p>    <a itemprop=\"url\" href=\"https:\/\/www.dagbladet.no\/nyheter\/har-fatt-munnkurv\/84031134\" rel=\"nofollow noopener\" target=\"_blank\"><\/p>\n<p>        <img loading=\"lazy\" decoding=\"async\" src=\"https:\/\/www.europesays.com\/no\/wp-content\/uploads\/2025\/12\/1766921720_210_84031152.webp\" width=\"980\" height=\"441\" title=\"Har f\u00e5tt \u00abmunnkurv\u00bb\" alt=\"\" class=\"lazyload\" style=\"--aspect-ratio-image: 2.22; \"\/><\/p>\n<p>        Har f\u00e5tt \u00abmunnkurv\u00bb<\/p>\n<p>    <\/a><\/p>\n<p>MULIGENS var det Zaineb Al-Samarai som til slutt likevel tvang Tore \u00d8vreb\u00f8 til \u00e5 bruke fornuft i stedet for idrettsjuss. Det f\u00e5r s\u00e5 v\u00e6re.<\/p>\n<p>Det avgj\u00f8rende er \u00e5 f\u00e5 tilbake et system der den valgte idrettspresidenten naturlig overtar styringen i en tillitskrise som denne. S\u00e5nn trygges den demokratiske kontrollen over norsk toppidrett.<\/p>\n<p>De siste dagers krise forteller at denne kontrollen er helt avgj\u00f8rende.<\/p>\n<p>S\u00c5 f\u00e5r den videre rettslige etterforskningen rundt skiskytternes maskebruk vise om noe kunne v\u00e6rt annerledes med andre rammer for norsk toppidrett..<\/p>\n<p>Her har den hjemlige idretten ogs\u00e5 behov for oppklaring uavhengig av d\u00f8ds\u00e5rsaken. De sp\u00f8rsm\u00e5lene gjelder toppidrettens bruk av de ulike verkt\u00f8yene for simulert h\u00f8ye, om \u00e5penhet rundt disse treningsmetodene og flyten av kunnskap og etiske vurderinger mellom Olympiatoppen og de enkelte s\u00e6rforbundene.<\/p>\n<p>Dette viktige arbeidet m\u00e5 selvsagt gj\u00f8res av en uavhengig havarikommisjon.\u00a0<\/p>\n<p>Bare slik kan tilliten til norsk toppidrett opprettes etter noen vonde dager uten kontroll.<\/p>\n<p>    <a itemprop=\"url\" href=\"https:\/\/www.dagbladet.no\/nyheter\/det-er-trist\/84028834\" rel=\"nofollow noopener\" target=\"_blank\"><\/p>\n<p>        <img loading=\"lazy\" decoding=\"async\" src=\"https:\/\/www.europesays.com\/no\/wp-content\/uploads\/2025\/12\/1766921722_639_84028885.webp\" width=\"980\" height=\"441\" title=\"- Det er trist\" alt=\"\" class=\"lazyload\" style=\"--aspect-ratio-image: 2.22; \"\/><\/p>\n<p>        &#8211; Det er trist<\/p>\n<p>    <\/a><\/p>\n<p>\u00a0<\/p>\n","protected":false},"excerpt":{"rendered":"Skiskytter Sivert Guttorm Bakken d\u00f8d Norsk toppidrett i sorg og krise viser en urovekkende maktfordeling. MANGLER DEMOKRATISK KONTROLL:&hellip;\n","protected":false},"author":2,"featured_media":123352,"comment_status":"","ping_status":"","sticky":false,"template":"","format":"standard","meta":{"footnotes":""},"categories":[59],"tags":[398,30,28,29,83,82,399],"class_list":{"0":"post-123351","1":"post","2":"type-post","3":"status-publish","4":"format-standard","5":"has-post-thumbnail","7":"category-sport","8":"tag-langrenn","9":"tag-no","10":"tag-norge","11":"tag-norway","12":"tag-sport","13":"tag-sports","14":"tag-vintersport"},"share_on_mastodon":{"url":"https:\/\/pubeurope.com\/@no\/115796989018269315","error":""},"_links":{"self":[{"href":"https:\/\/www.europesays.com\/no\/wp-json\/wp\/v2\/posts\/123351","targetHints":{"allow":["GET"]}}],"collection":[{"href":"https:\/\/www.europesays.com\/no\/wp-json\/wp\/v2\/posts"}],"about":[{"href":"https:\/\/www.europesays.com\/no\/wp-json\/wp\/v2\/types\/post"}],"author":[{"embeddable":true,"href":"https:\/\/www.europesays.com\/no\/wp-json\/wp\/v2\/users\/2"}],"replies":[{"embeddable":true,"href":"https:\/\/www.europesays.com\/no\/wp-json\/wp\/v2\/comments?post=123351"}],"version-history":[{"count":0,"href":"https:\/\/www.europesays.com\/no\/wp-json\/wp\/v2\/posts\/123351\/revisions"}],"wp:featuredmedia":[{"embeddable":true,"href":"https:\/\/www.europesays.com\/no\/wp-json\/wp\/v2\/media\/123352"}],"wp:attachment":[{"href":"https:\/\/www.europesays.com\/no\/wp-json\/wp\/v2\/media?parent=123351"}],"wp:term":[{"taxonomy":"category","embeddable":true,"href":"https:\/\/www.europesays.com\/no\/wp-json\/wp\/v2\/categories?post=123351"},{"taxonomy":"post_tag","embeddable":true,"href":"https:\/\/www.europesays.com\/no\/wp-json\/wp\/v2\/tags?post=123351"}],"curies":[{"name":"wp","href":"https:\/\/api.w.org\/{rel}","templated":true}]}}